{"id":5540,"date":"2026-04-27T12:19:18","date_gmt":"2026-04-27T10:19:18","guid":{"rendered":"https:\/\/esclerosismultiplegalicia.org\/?p=5540"},"modified":"2026-04-27T12:20:08","modified_gmt":"2026-04-27T10:20:08","slug":"fegadem-asiste-a-entrega-dos-premios-boas-practicas-da-deputacion-da-coruna","status":"publish","type":"post","link":"https:\/\/esclerosismultiplegalicia.org\/index.php\/2026\/04\/27\/fegadem-asiste-a-entrega-dos-premios-boas-practicas-da-deputacion-da-coruna\/","title":{"rendered":"FEGADEM asiste \u00e1 entrega dos Premios Boas Pr\u00e1cticas da Deputaci\u00f3n da Coru\u00f1a"},"content":{"rendered":"\n<p>A Federaci\u00f3n Galega de Esclerose M\u00faltiple (FEGADEM) asistiu \u00e1 <strong>entrega dos <a href=\"https:\/\/www.dacoruna.gal\/servizos-sociais\/premios-entidades-sociais\/\">V Premios de Boas Pr\u00e1cticas en Servizos Sociais da Deputaci\u00f3n da Coru\u00f1a<\/a><\/strong>. Este evento reco\u00f1ece ano tras ano o traballo das entidades sociais que impulsan a inclusi\u00f3n, a participaci\u00f3n e a mellora da calidade de vida das persoas na provincia de A Coru\u00f1a.<\/p>\n\n\n\n<p>Na xornada estivemos acompa\u00f1adas por <strong>ACEM Coru\u00f1a<\/strong>, reforzando o compromiso de traballo en rede entre as entidades que traballamos no \u00e1mbito da <a href=\"https:\/\/esclerosismultiplegalicia.org\/index.php\/que-e-a-em\/\">Esclerose M\u00faltiple (EM)<\/a> e outras enfermidades neurodexenerativas.<\/p>\n\n\n\n<h2 class=\"wp-block-heading\">Un reco\u00f1ecemento ao traballo do Terceiro Sector<\/h2>\n\n\n\n<p>Os Premios de Boas Pr\u00e1cticas en Servizos Sociais son xa un espazo de referencia para visibilizar o traballo do tecido social da provincia de A Coru\u00f1a. Po\u00f1en en valor iniciativas e proxectos que contrib\u00faen a constru\u00edr unha sociedade m\u00e1is xusta e inclusiva.<\/p>\n\n\n\n<p>Dende FEGADEM agradecemos enormemente a aposta da <strong>Deputaci\u00f3n de A Coru\u00f1a<\/strong> por este tipo de encontros. Perm\u00edtennos \u00e1s entidades do Terceiro Sector compartir experiencias, fortalecer redes e dar visibilidade ao noso traballo.<\/p>\n\n\n\n<h2 class=\"wp-block-heading\">Noraboa \u00e1s entidades premiadas este 2026<\/h2>\n\n\n\n<p>Nesta edici\u00f3n, referida ao 2025, a Deputaci\u00f3n da Coru\u00f1a reco\u00f1eceu a diferentes organizaci\u00f3ns polo seu labor en diferentes \u00e1mbitos:<\/p>\n\n\n\n<ul class=\"wp-block-list\">\n<li><strong><a href=\"https:\/\/infanciagalicia.org\/\">Plataforma de Organizaci\u00f3ns de Infancia de Galicia (POIG)<\/a>,<\/strong> no \u00e1mbito de familia e infancia.<\/li>\n\n\n\n<li><strong><a href=\"https:\/\/www.fundacionerguete.org\/\">Fundaci\u00f3n \u00c9rguete-Integraci\u00f3n<\/a><\/strong>, en inclusi\u00f3n social.<\/li>\n\n\n\n<li><strong><a href=\"https:\/\/aspronaga.net\/\">Aspronaga<\/a><\/strong>, por proxectos dirixidos a persoas maiores, con discapacidade ou en situaci\u00f3n de dependencia.<\/li>\n\n\n\n<li><strong><a href=\"https:\/\/www.contraelcancer.es\/es\/sobre-nosotros\/donde-estamos\/sede-coruna\">Asociaci\u00f3n Contra el C\u00e1ncer<\/a><\/strong>, polo seu traballo no \u00e1mbito rural.<\/li>\n\n\n\n<li><a href=\"https:\/\/www.padrerubinos.org\/\"><strong>Real Instituci\u00f3n Ben\u00e9fico Social<\/strong> <strong>Padre Rubinos<\/strong><\/a>, polo seu percorrido e traxectoria.<\/li>\n\n\n\n<li><strong><a href=\"https:\/\/fundacionhospitalariasbetanzos.org\/\">Fundaci\u00f3n Hermanas Hospitalarias<\/a><\/strong>, na categor\u00eda de investigaci\u00f3n.<\/li>\n\n\n\n<li>Ao xornalista <strong>Xos\u00e9 Ameixeiras<\/strong>, Premio de Honra pola s\u00faa traxectoria como xornalista social.<\/li>\n<\/ul>\n\n\n\n<p>Todas elas desenvolven un papel imprescindible para avanzar en dereitos, atenci\u00f3n social e inclusi\u00f3n.<\/p>\n\n\n\n<h2 class=\"wp-block-heading\">Traballo en rede para avanzar na visibilidade da EM<\/h2>\n\n\n\n<p>A participaci\u00f3n neste tipo de espazos forma parte do compromiso de FEGADEM por <strong>seguir traballando en rede coas entidades sociais e administraci\u00f3ns p\u00fablicas<\/strong>, co obxectivo de:<\/p>\n\n\n\n<ul class=\"wp-block-list\">\n<li>Dar visibilidade \u00e1 Esclerose M\u00faltiple.<\/li>\n\n\n\n<li>Defender os dereitos das persoas que conviven con esta enfermidade.<\/li>\n\n\n\n<li>Impulsar a s\u00faa inclusi\u00f3n social e a participaci\u00f3n.<\/li>\n<\/ul>\n\n\n\n<p>A celebraci\u00f3n destes premios manifesta a importancia de <strong>impulsar pol\u00edticas p\u00fablicas e reco\u00f1ecementos que reforcen o traballo do Terceiro Sector<\/strong>. Deste modo, d\u00e9bese dar resposta \u00e1s necesidades sociais e sanitarias da cidadan\u00eda.<\/p>\n\n\n\n<p>Dende <strong>FEGADEM <\/strong>agradecemos \u00e1 <strong>Deputaci\u00f3n da Coru\u00f1a<\/strong> o convite a este evento e o seu compromiso co fortalecemento do tecido asociativo. Tam\u00e9n a <strong>ACEM Coru\u00f1a<\/strong> polo seu traballo diario e acompa\u00f1arnos nesta marabillosa xornada.<\/p>\n\n\n\n<p><\/p>\n","protected":false},"excerpt":{"rendered":"<p>A Federaci\u00f3n Galega de Esclerose M\u00faltiple (FEGADEM) asistiu \u00e1 entrega&hellip; <a class=\"continue\" href=\"https:\/\/esclerosismultiplegalicia.org\/index.php\/2026\/04\/27\/fegadem-asiste-a-entrega-dos-premios-boas-practicas-da-deputacion-da-coruna\/\">Ler m\u00e1is sobre<span> FEGADEM asiste \u00e1 entrega dos Premios Boas Pr\u00e1cticas da Deputaci\u00f3n da Coru\u00f1a<\/span><\/a><\/p>\n","protected":false},"author":1,"featured_media":5541,"comment_status":"closed","ping_status":"closed","sticky":false,"template":"","format":"standard","meta":{"_kad_post_transparent":"","_kad_post_title":"","_kad_post_layout":"","_kad_post_sidebar_id":"","_kad_post_content_style":"","_kad_post_vertical_padding":"","_kad_post_feature":"","_kad_post_feature_position":"","_kad_post_header":false,"_kad_post_footer":false,"footnotes":""},"categories":[103],"tags":[137,13],"class_list":["post-5540","post","type-post","status-publish","format-standard","has-post-thumbnail","hentry","category-novas","tag-eventos","tag-fegadem"],"yoast_head":"<!-- This site is optimized with the Yoast SEO plugin v26.1.1 - https:\/\/yoast.com\/wordpress\/plugins\/seo\/ -->\n<title>FEGADEM asiste \u00e1 entrega dos Premios Boas Pr\u00e1cticas da Deputaci\u00f3n da Coru\u00f1a - FEGADEM<\/title>\n<meta name=\"description\" content=\"Este ano, entidades como a POIG, \u00c9rguete, Aspronaga ou Padre Rubinos foron algunhas das premiadas polo seu traballo na provincia coru\u00f1esa.\" \/>\n<meta name=\"robots\" content=\"index, follow, max-snippet:-1, max-image-preview:large, max-video-preview:-1\" \/>\n<link rel=\"canonical\" href=\"https:\/\/esclerosismultiplegalicia.org\/index.php\/2026\/04\/27\/fegadem-asiste-a-entrega-dos-premios-boas-practicas-da-deputacion-da-coruna\/\" \/>\n<meta property=\"og:locale\" content=\"gl_ES\" \/>\n<meta property=\"og:type\" content=\"article\" \/>\n<meta property=\"og:title\" content=\"FEGADEM asiste \u00e1 entrega dos Premios Boas Pr\u00e1cticas da Deputaci\u00f3n da Coru\u00f1a - FEGADEM\" \/>\n<meta property=\"og:description\" content=\"Este ano, entidades como a POIG, \u00c9rguete, Aspronaga ou Padre Rubinos foron algunhas das premiadas polo seu traballo na provincia coru\u00f1esa.\" \/>\n<meta property=\"og:url\" content=\"https:\/\/esclerosismultiplegalicia.org\/index.php\/2026\/04\/27\/fegadem-asiste-a-entrega-dos-premios-boas-practicas-da-deputacion-da-coruna\/\" \/>\n<meta property=\"og:site_name\" content=\"FEGADEM\" \/>\n<meta property=\"article:publisher\" content=\"https:\/\/www.facebook.com\/esclerosemultiplegal?locale=es_ES\" \/>\n<meta property=\"article:published_time\" content=\"2026-04-27T10:19:18+00:00\" \/>\n<meta property=\"article:modified_time\" content=\"2026-04-27T10:20:08+00:00\" \/>\n<meta property=\"og:image\" content=\"http:\/\/esclerosismultiplegalicia.org\/wp-content\/uploads\/2026\/04\/boas-practicas-2026-web.png\" \/>\n\t<meta property=\"og:image:width\" content=\"1080\" \/>\n\t<meta property=\"og:image:height\" content=\"720\" \/>\n\t<meta property=\"og:image:type\" content=\"image\/png\" \/>\n<meta name=\"author\" content=\"admin\" \/>\n<meta name=\"twitter:card\" content=\"summary_large_image\" \/>\n<meta name=\"twitter:creator\" content=\"@fegadem\" \/>\n<meta name=\"twitter:site\" content=\"@fegadem\" \/>\n<meta name=\"twitter:label1\" content=\"Escrito por\" \/>\n\t<meta name=\"twitter:data1\" content=\"admin\" \/>\n\t<meta name=\"twitter:label2\" content=\"Tempo de lectura\" \/>\n\t<meta name=\"twitter:data2\" content=\"3 minutos\" \/>\n<script type=\"application\/ld+json\" class=\"yoast-schema-graph\">{\"@context\":\"https:\/\/schema.org\",\"@graph\":[{\"@type\":\"Article\",\"@id\":\"https:\/\/esclerosismultiplegalicia.org\/index.php\/2026\/04\/27\/fegadem-asiste-a-entrega-dos-premios-boas-practicas-da-deputacion-da-coruna\/#article\",\"isPartOf\":{\"@id\":\"https:\/\/esclerosismultiplegalicia.org\/index.php\/2026\/04\/27\/fegadem-asiste-a-entrega-dos-premios-boas-practicas-da-deputacion-da-coruna\/\"},\"author\":{\"name\":\"admin\",\"@id\":\"https:\/\/esclerosismultiplegalicia.org\/#\/schema\/person\/6c5800f07aa0462086b750a2df88cfb4\"},\"headline\":\"FEGADEM asiste \u00e1 entrega dos Premios Boas Pr\u00e1cticas da Deputaci\u00f3n da Coru\u00f1a\",\"datePublished\":\"2026-04-27T10:19:18+00:00\",\"dateModified\":\"2026-04-27T10:20:08+00:00\",\"mainEntityOfPage\":{\"@id\":\"https:\/\/esclerosismultiplegalicia.org\/index.php\/2026\/04\/27\/fegadem-asiste-a-entrega-dos-premios-boas-practicas-da-deputacion-da-coruna\/\"},\"wordCount\":470,\"publisher\":{\"@id\":\"https:\/\/esclerosismultiplegalicia.org\/#organization\"},\"image\":{\"@id\":\"https:\/\/esclerosismultiplegalicia.org\/index.php\/2026\/04\/27\/fegadem-asiste-a-entrega-dos-premios-boas-practicas-da-deputacion-da-coruna\/#primaryimage\"},\"thumbnailUrl\":\"https:\/\/esclerosismultiplegalicia.org\/wp-content\/uploads\/2026\/04\/boas-practicas-2026-web.png\",\"keywords\":[\"Eventos\",\"FEGADEM\"],\"articleSection\":[\"Novas\"],\"inLanguage\":\"gl-ES\"},{\"@type\":\"WebPage\",\"@id\":\"https:\/\/esclerosismultiplegalicia.org\/index.php\/2026\/04\/27\/fegadem-asiste-a-entrega-dos-premios-boas-practicas-da-deputacion-da-coruna\/\",\"url\":\"https:\/\/esclerosismultiplegalicia.org\/index.php\/2026\/04\/27\/fegadem-asiste-a-entrega-dos-premios-boas-practicas-da-deputacion-da-coruna\/\",\"name\":\"FEGADEM asiste \u00e1 entrega dos Premios Boas Pr\u00e1cticas da Deputaci\u00f3n da Coru\u00f1a - FEGADEM\",\"isPartOf\":{\"@id\":\"https:\/\/esclerosismultiplegalicia.org\/#website\"},\"primaryImageOfPage\":{\"@id\":\"https:\/\/esclerosismultiplegalicia.org\/index.php\/2026\/04\/27\/fegadem-asiste-a-entrega-dos-premios-boas-practicas-da-deputacion-da-coruna\/#primaryimage\"},\"image\":{\"@id\":\"https:\/\/esclerosismultiplegalicia.org\/index.php\/2026\/04\/27\/fegadem-asiste-a-entrega-dos-premios-boas-practicas-da-deputacion-da-coruna\/#primaryimage\"},\"thumbnailUrl\":\"https:\/\/esclerosismultiplegalicia.org\/wp-content\/uploads\/2026\/04\/boas-practicas-2026-web.png\",\"datePublished\":\"2026-04-27T10:19:18+00:00\",\"dateModified\":\"2026-04-27T10:20:08+00:00\",\"description\":\"Este ano, entidades como a POIG, \u00c9rguete, Aspronaga ou Padre Rubinos foron algunhas das premiadas polo seu traballo na provincia coru\u00f1esa.\",\"breadcrumb\":{\"@id\":\"https:\/\/esclerosismultiplegalicia.org\/index.php\/2026\/04\/27\/fegadem-asiste-a-entrega-dos-premios-boas-practicas-da-deputacion-da-coruna\/#breadcrumb\"},\"inLanguage\":\"gl-ES\",\"potentialAction\":[{\"@type\":\"ReadAction\",\"target\":[\"https:\/\/esclerosismultiplegalicia.org\/index.php\/2026\/04\/27\/fegadem-asiste-a-entrega-dos-premios-boas-practicas-da-deputacion-da-coruna\/\"]}]},{\"@type\":\"ImageObject\",\"inLanguage\":\"gl-ES\",\"@id\":\"https:\/\/esclerosismultiplegalicia.org\/index.php\/2026\/04\/27\/fegadem-asiste-a-entrega-dos-premios-boas-practicas-da-deputacion-da-coruna\/#primaryimage\",\"url\":\"https:\/\/esclerosismultiplegalicia.org\/wp-content\/uploads\/2026\/04\/boas-practicas-2026-web.png\",\"contentUrl\":\"https:\/\/esclerosismultiplegalicia.org\/wp-content\/uploads\/2026\/04\/boas-practicas-2026-web.png\",\"width\":1080,\"height\":720},{\"@type\":\"BreadcrumbList\",\"@id\":\"https:\/\/esclerosismultiplegalicia.org\/index.php\/2026\/04\/27\/fegadem-asiste-a-entrega-dos-premios-boas-practicas-da-deputacion-da-coruna\/#breadcrumb\",\"itemListElement\":[{\"@type\":\"ListItem\",\"position\":1,\"name\":\"Inicio\",\"item\":\"https:\/\/esclerosismultiplegalicia.org\/\"},{\"@type\":\"ListItem\",\"position\":2,\"name\":\"FEGADEM asiste \u00e1 entrega dos Premios Boas Pr\u00e1cticas da Deputaci\u00f3n da Coru\u00f1a\"}]},{\"@type\":\"WebSite\",\"@id\":\"https:\/\/esclerosismultiplegalicia.org\/#website\",\"url\":\"https:\/\/esclerosismultiplegalicia.org\/\",\"name\":\"FEGADEM\",\"description\":\"Traballamos mellorando a calidade de vida das persoas con Esclerose M\u00faltiple en Galicia.\",\"publisher\":{\"@id\":\"https:\/\/esclerosismultiplegalicia.org\/#organization\"},\"potentialAction\":[{\"@type\":\"SearchAction\",\"target\":{\"@type\":\"EntryPoint\",\"urlTemplate\":\"https:\/\/esclerosismultiplegalicia.org\/?s={search_term_string}\"},\"query-input\":{\"@type\":\"PropertyValueSpecification\",\"valueRequired\":true,\"valueName\":\"search_term_string\"}}],\"inLanguage\":\"gl-ES\"},{\"@type\":\"Organization\",\"@id\":\"https:\/\/esclerosismultiplegalicia.org\/#organization\",\"name\":\"FEGADEM (Federaci\u00f3n Galega de Esclerose M\u00faltiple)\",\"url\":\"https:\/\/esclerosismultiplegalicia.org\/\",\"logo\":{\"@type\":\"ImageObject\",\"inLanguage\":\"gl-ES\",\"@id\":\"https:\/\/esclerosismultiplegalicia.org\/#\/schema\/logo\/image\/\",\"url\":\"https:\/\/esclerosismultiplegalicia.org\/wp-content\/uploads\/2025\/05\/cropped-FEGADEM_Imagotipo-scaled-1.png\",\"contentUrl\":\"https:\/\/esclerosismultiplegalicia.org\/wp-content\/uploads\/2025\/05\/cropped-FEGADEM_Imagotipo-scaled-1.png\",\"width\":2558,\"height\":1138,\"caption\":\"FEGADEM (Federaci\u00f3n Galega de Esclerose M\u00faltiple)\"},\"image\":{\"@id\":\"https:\/\/esclerosismultiplegalicia.org\/#\/schema\/logo\/image\/\"},\"sameAs\":[\"https:\/\/www.facebook.com\/esclerosemultiplegal?locale=es_ES\",\"https:\/\/x.com\/fegadem\",\"https:\/\/www.instagram.com\/esclerosemultiplegal\/\",\"https:\/\/www.youtube.com\/@fegademfederaciongalegadee3374\"]},{\"@type\":\"Person\",\"@id\":\"https:\/\/esclerosismultiplegalicia.org\/#\/schema\/person\/6c5800f07aa0462086b750a2df88cfb4\",\"name\":\"admin\",\"image\":{\"@type\":\"ImageObject\",\"inLanguage\":\"gl-ES\",\"@id\":\"https:\/\/esclerosismultiplegalicia.org\/#\/schema\/person\/image\/\",\"url\":\"https:\/\/secure.gravatar.com\/avatar\/6b01f9a90ea05bdd1053be7f0879b99bae6103fa66164176a65e4bd6fee73fba?s=96&d=mm&r=g\",\"contentUrl\":\"https:\/\/secure.gravatar.com\/avatar\/6b01f9a90ea05bdd1053be7f0879b99bae6103fa66164176a65e4bd6fee73fba?s=96&d=mm&r=g\",\"caption\":\"admin\"},\"sameAs\":[\"https:\/\/prueba.esclerosismultiplegalicia.org\"],\"url\":\"https:\/\/esclerosismultiplegalicia.org\/index.php\/author\/admin\/\"}]}<\/script>\n<!-- \/ Yoast SEO plugin. -->","yoast_head_json":{"title":"FEGADEM asiste \u00e1 entrega dos Premios Boas Pr\u00e1cticas da Deputaci\u00f3n da Coru\u00f1a - FEGADEM","description":"Este ano, entidades como a POIG, \u00c9rguete, Aspronaga ou Padre Rubinos foron algunhas das premiadas polo seu traballo na provincia coru\u00f1esa.","robots":{"index":"index","follow":"follow","max-snippet":"max-snippet:-1","max-image-preview":"max-image-preview:large","max-video-preview":"max-video-preview:-1"},"canonical":"https:\/\/esclerosismultiplegalicia.org\/index.php\/2026\/04\/27\/fegadem-asiste-a-entrega-dos-premios-boas-practicas-da-deputacion-da-coruna\/","og_locale":"gl_ES","og_type":"article","og_title":"FEGADEM asiste \u00e1 entrega dos Premios Boas Pr\u00e1cticas da Deputaci\u00f3n da Coru\u00f1a - FEGADEM","og_description":"Este ano, entidades como a POIG, \u00c9rguete, Aspronaga ou Padre Rubinos foron algunhas das premiadas polo seu traballo na provincia coru\u00f1esa.","og_url":"https:\/\/esclerosismultiplegalicia.org\/index.php\/2026\/04\/27\/fegadem-asiste-a-entrega-dos-premios-boas-practicas-da-deputacion-da-coruna\/","og_site_name":"FEGADEM","article_publisher":"https:\/\/www.facebook.com\/esclerosemultiplegal?locale=es_ES","article_published_time":"2026-04-27T10:19:18+00:00","article_modified_time":"2026-04-27T10:20:08+00:00","og_image":[{"width":1080,"height":720,"url":"http:\/\/esclerosismultiplegalicia.org\/wp-content\/uploads\/2026\/04\/boas-practicas-2026-web.png","type":"image\/png"}],"author":"admin","twitter_card":"summary_large_image","twitter_creator":"@fegadem","twitter_site":"@fegadem","twitter_misc":{"Escrito por":"admin","Tempo de lectura":"3 minutos"},"schema":{"@context":"https:\/\/schema.org","@graph":[{"@type":"Article","@id":"https:\/\/esclerosismultiplegalicia.org\/index.php\/2026\/04\/27\/fegadem-asiste-a-entrega-dos-premios-boas-practicas-da-deputacion-da-coruna\/#article","isPartOf":{"@id":"https:\/\/esclerosismultiplegalicia.org\/index.php\/2026\/04\/27\/fegadem-asiste-a-entrega-dos-premios-boas-practicas-da-deputacion-da-coruna\/"},"author":{"name":"admin","@id":"https:\/\/esclerosismultiplegalicia.org\/#\/schema\/person\/6c5800f07aa0462086b750a2df88cfb4"},"headline":"FEGADEM asiste \u00e1 entrega dos Premios Boas Pr\u00e1cticas da Deputaci\u00f3n da Coru\u00f1a","datePublished":"2026-04-27T10:19:18+00:00","dateModified":"2026-04-27T10:20:08+00:00","mainEntityOfPage":{"@id":"https:\/\/esclerosismultiplegalicia.org\/index.php\/2026\/04\/27\/fegadem-asiste-a-entrega-dos-premios-boas-practicas-da-deputacion-da-coruna\/"},"wordCount":470,"publisher":{"@id":"https:\/\/esclerosismultiplegalicia.org\/#organization"},"image":{"@id":"https:\/\/esclerosismultiplegalicia.org\/index.php\/2026\/04\/27\/fegadem-asiste-a-entrega-dos-premios-boas-practicas-da-deputacion-da-coruna\/#primaryimage"},"thumbnailUrl":"https:\/\/esclerosismultiplegalicia.org\/wp-content\/uploads\/2026\/04\/boas-practicas-2026-web.png","keywords":["Eventos","FEGADEM"],"articleSection":["Novas"],"inLanguage":"gl-ES"},{"@type":"WebPage","@id":"https:\/\/esclerosismultiplegalicia.org\/index.php\/2026\/04\/27\/fegadem-asiste-a-entrega-dos-premios-boas-practicas-da-deputacion-da-coruna\/","url":"https:\/\/esclerosismultiplegalicia.org\/index.php\/2026\/04\/27\/fegadem-asiste-a-entrega-dos-premios-boas-practicas-da-deputacion-da-coruna\/","name":"FEGADEM asiste \u00e1 entrega dos Premios Boas Pr\u00e1cticas da Deputaci\u00f3n da Coru\u00f1a - FEGADEM","isPartOf":{"@id":"https:\/\/esclerosismultiplegalicia.org\/#website"},"primaryImageOfPage":{"@id":"https:\/\/esclerosismultiplegalicia.org\/index.php\/2026\/04\/27\/fegadem-asiste-a-entrega-dos-premios-boas-practicas-da-deputacion-da-coruna\/#primaryimage"},"image":{"@id":"https:\/\/esclerosismultiplegalicia.org\/index.php\/2026\/04\/27\/fegadem-asiste-a-entrega-dos-premios-boas-practicas-da-deputacion-da-coruna\/#primaryimage"},"thumbnailUrl":"https:\/\/esclerosismultiplegalicia.org\/wp-content\/uploads\/2026\/04\/boas-practicas-2026-web.png","datePublished":"2026-04-27T10:19:18+00:00","dateModified":"2026-04-27T10:20:08+00:00","description":"Este ano, entidades como a POIG, \u00c9rguete, Aspronaga ou Padre Rubinos foron algunhas das premiadas polo seu traballo na provincia coru\u00f1esa.","breadcrumb":{"@id":"https:\/\/esclerosismultiplegalicia.org\/index.php\/2026\/04\/27\/fegadem-asiste-a-entrega-dos-premios-boas-practicas-da-deputacion-da-coruna\/#breadcrumb"},"inLanguage":"gl-ES","potentialAction":[{"@type":"ReadAction","target":["https:\/\/esclerosismultiplegalicia.org\/index.php\/2026\/04\/27\/fegadem-asiste-a-entrega-dos-premios-boas-practicas-da-deputacion-da-coruna\/"]}]},{"@type":"ImageObject","inLanguage":"gl-ES","@id":"https:\/\/esclerosismultiplegalicia.org\/index.php\/2026\/04\/27\/fegadem-asiste-a-entrega-dos-premios-boas-practicas-da-deputacion-da-coruna\/#primaryimage","url":"https:\/\/esclerosismultiplegalicia.org\/wp-content\/uploads\/2026\/04\/boas-practicas-2026-web.png","contentUrl":"https:\/\/esclerosismultiplegalicia.org\/wp-content\/uploads\/2026\/04\/boas-practicas-2026-web.png","width":1080,"height":720},{"@type":"BreadcrumbList","@id":"https:\/\/esclerosismultiplegalicia.org\/index.php\/2026\/04\/27\/fegadem-asiste-a-entrega-dos-premios-boas-practicas-da-deputacion-da-coruna\/#breadcrumb","itemListElement":[{"@type":"ListItem","position":1,"name":"Inicio","item":"https:\/\/esclerosismultiplegalicia.org\/"},{"@type":"ListItem","position":2,"name":"FEGADEM asiste \u00e1 entrega dos Premios Boas Pr\u00e1cticas da Deputaci\u00f3n da Coru\u00f1a"}]},{"@type":"WebSite","@id":"https:\/\/esclerosismultiplegalicia.org\/#website","url":"https:\/\/esclerosismultiplegalicia.org\/","name":"FEGADEM","description":"Traballamos mellorando a calidade de vida das persoas con Esclerose M\u00faltiple en Galicia.","publisher":{"@id":"https:\/\/esclerosismultiplegalicia.org\/#organization"},"potentialAction":[{"@type":"SearchAction","target":{"@type":"EntryPoint","urlTemplate":"https:\/\/esclerosismultiplegalicia.org\/?s={search_term_string}"},"query-input":{"@type":"PropertyValueSpecification","valueRequired":true,"valueName":"search_term_string"}}],"inLanguage":"gl-ES"},{"@type":"Organization","@id":"https:\/\/esclerosismultiplegalicia.org\/#organization","name":"FEGADEM (Federaci\u00f3n Galega de Esclerose M\u00faltiple)","url":"https:\/\/esclerosismultiplegalicia.org\/","logo":{"@type":"ImageObject","inLanguage":"gl-ES","@id":"https:\/\/esclerosismultiplegalicia.org\/#\/schema\/logo\/image\/","url":"https:\/\/esclerosismultiplegalicia.org\/wp-content\/uploads\/2025\/05\/cropped-FEGADEM_Imagotipo-scaled-1.png","contentUrl":"https:\/\/esclerosismultiplegalicia.org\/wp-content\/uploads\/2025\/05\/cropped-FEGADEM_Imagotipo-scaled-1.png","width":2558,"height":1138,"caption":"FEGADEM (Federaci\u00f3n Galega de Esclerose M\u00faltiple)"},"image":{"@id":"https:\/\/esclerosismultiplegalicia.org\/#\/schema\/logo\/image\/"},"sameAs":["https:\/\/www.facebook.com\/esclerosemultiplegal?locale=es_ES","https:\/\/x.com\/fegadem","https:\/\/www.instagram.com\/esclerosemultiplegal\/","https:\/\/www.youtube.com\/@fegademfederaciongalegadee3374"]},{"@type":"Person","@id":"https:\/\/esclerosismultiplegalicia.org\/#\/schema\/person\/6c5800f07aa0462086b750a2df88cfb4","name":"admin","image":{"@type":"ImageObject","inLanguage":"gl-ES","@id":"https:\/\/esclerosismultiplegalicia.org\/#\/schema\/person\/image\/","url":"https:\/\/secure.gravatar.com\/avatar\/6b01f9a90ea05bdd1053be7f0879b99bae6103fa66164176a65e4bd6fee73fba?s=96&d=mm&r=g","contentUrl":"https:\/\/secure.gravatar.com\/avatar\/6b01f9a90ea05bdd1053be7f0879b99bae6103fa66164176a65e4bd6fee73fba?s=96&d=mm&r=g","caption":"admin"},"sameAs":["https:\/\/prueba.esclerosismultiplegalicia.org"],"url":"https:\/\/esclerosismultiplegalicia.org\/index.php\/author\/admin\/"}]}},"_links":{"self":[{"href":"https:\/\/esclerosismultiplegalicia.org\/index.php\/wp-json\/wp\/v2\/posts\/5540","targetHints":{"allow":["GET"]}}],"collection":[{"href":"https:\/\/esclerosismultiplegalicia.org\/index.php\/wp-json\/wp\/v2\/posts"}],"about":[{"href":"https:\/\/esclerosismultiplegalicia.org\/index.php\/wp-json\/wp\/v2\/types\/post"}],"author":[{"embeddable":true,"href":"https:\/\/esclerosismultiplegalicia.org\/index.php\/wp-json\/wp\/v2\/users\/1"}],"replies":[{"embeddable":true,"href":"https:\/\/esclerosismultiplegalicia.org\/index.php\/wp-json\/wp\/v2\/comments?post=5540"}],"version-history":[{"count":1,"href":"https:\/\/esclerosismultiplegalicia.org\/index.php\/wp-json\/wp\/v2\/posts\/5540\/revisions"}],"predecessor-version":[{"id":5542,"href":"https:\/\/esclerosismultiplegalicia.org\/index.php\/wp-json\/wp\/v2\/posts\/5540\/revisions\/5542"}],"wp:featuredmedia":[{"embeddable":true,"href":"https:\/\/esclerosismultiplegalicia.org\/index.php\/wp-json\/wp\/v2\/media\/5541"}],"wp:attachment":[{"href":"https:\/\/esclerosismultiplegalicia.org\/index.php\/wp-json\/wp\/v2\/media?parent=5540"}],"wp:term":[{"taxonomy":"category","embeddable":true,"href":"https:\/\/esclerosismultiplegalicia.org\/index.php\/wp-json\/wp\/v2\/categories?post=5540"},{"taxonomy":"post_tag","embeddable":true,"href":"https:\/\/esclerosismultiplegalicia.org\/index.php\/wp-json\/wp\/v2\/tags?post=5540"}],"curies":[{"name":"wp","href":"https:\/\/api.w.org\/{rel}","templated":true}]}}