{"id":5535,"date":"2026-04-27T10:27:43","date_gmt":"2026-04-27T08:27:43","guid":{"rendered":"https:\/\/esclerosismultiplegalicia.org\/?p=5535"},"modified":"2026-04-27T10:28:44","modified_gmt":"2026-04-27T08:28:44","slug":"luz-verde-ao-primeiro-farmaco-capaz-de-frear-a-discapacidade-silenciosa-na-esclerose-multiple","status":"publish","type":"post","link":"https:\/\/esclerosismultiplegalicia.org\/index.php\/2026\/04\/27\/luz-verde-ao-primeiro-farmaco-capaz-de-frear-a-discapacidade-silenciosa-na-esclerose-multiple\/","title":{"rendered":"Luz verde ao primeiro f\u00e1rmaco capaz de frear a discapacidade silenciosa na Esclerose M\u00faltiple"},"content":{"rendered":"\n<p>Nos \u00faltimos 30 anos, o tratamento da <strong><a href=\"https:\/\/esclerosismultiplegalicia.org\/index.php\/que-e-a-em\/\">Esclerose M\u00faltiple (EM)<\/a><\/strong> experimentou unha gran cantidade de cambios. Grazas ao desenvolvemento de novos f\u00e1rmacos, a medicina logrou controlar con \u00e9xito os <strong>brotes<\/strong>. Estes son eses episodios agudos onde os s\u00edntomas aparecen de s\u00fapeto. Isto permitiu frear a discapacidade asociada e mellorar notablemente a calidade de vida das persoas. Por\u00e9n, arredor dun <strong>30% das persoas diagnosticadas seguen notando un empeoramento continuo<\/strong>. Isto a pesares de estar ben tratadas para os seus brotes. Este avance da discapacidade silenciosa na Esclerose M\u00faltiple segu\u00eda sendo, ata hoxe, un dos principais desaf\u00edos.<\/p>\n\n\n\n<h2 class=\"wp-block-heading\">Que \u00e9 a Progresi\u00f3n Independente de Brote (PIRA)?<\/h2>\n\n\n\n<p>Para entender a importancia do novo achado, c\u00f3mpre co\u00f1ecer o que \u00e9 a <strong>Progresi\u00f3n Independente de Brote<\/strong> (co\u00f1ecida como PIRA polas s\u00faas siglas en ingl\u00e9s). Mentres que os brotes son como treboadas que causan danos evidentes, a PIRA funciona como unha erosi\u00f3n lenta e silenciosa. <strong>A EM segue progresando de forma invisible<\/strong>. Causa s\u00edntomas que non sempre son f\u00e1ciles de detectar a simple vista, pero que afectan ao d\u00eda a d\u00eda das persoas.<\/p>\n\n\n\n<p>Na <strong>Esclerose M\u00faltiple Secundaria Progresiva (EMSP)<\/strong>, unha forma da EM, a mi\u00fado non se conta con tratamentos. Nesta d\u00e1se unha acumulaci\u00f3n continua da discapacidade e destacan consecuencias como:<\/p>\n\n\n\n<ul class=\"wp-block-list\">\n<li>Unha perda paulatina da independencia.<\/li>\n\n\n\n<li>Unha fatiga persistente e debilitante.<\/li>\n\n\n\n<li>Deterioro cognitivo invisible.<\/li>\n\n\n\n<li>Dificultades de mobilidade.<\/li>\n<\/ul>\n\n\n\n<p>A PIRA \u00e9 o mecanismo dese empeoramento. \u00c9 esa progresi\u00f3n da EM que ocorre de forma invisible, sen necesidade de brotes.<\/p>\n\n\n\n<h2 class=\"wp-block-heading\">Tolebrutinib: apaga a inflamaci\u00f3n cerebral<\/h2>\n\n\n\n<p>O novo protagonista desta historia \u00e9 o <strong>tolebrutinib<\/strong>, con nome comercial Cenrifki. Este f\u00e1rmaco act\u00faa como un inhibidor oral da <strong><a href=\"https:\/\/esclerosismultiplegalicia.org\/index.php\/glosario-de-termos\/\">Tirosina Quinasa de Bruton (BTK)<\/a><\/strong>. A s\u00faa gran vantaxe \u00e9 a <strong>penetraci\u00f3n cerebral<\/strong>, \u00e9 dicir, a s\u00faa capacidade para atravesar as defensas naturais do cerebro. As\u00ed act\u00faa directamente dentro do sistema nervioso central.<\/p>\n\n\n\n<p>Unha vez dentro, o f\u00e1rmaco c\u00e9ntrase en combater a <strong>neuroinflamaci\u00f3n latente<\/strong>, un mecanismo que se mant\u00e9n acendido de xeito constante e que \u00e9 o motor principal da discapacidade na fase secundaria progresiva. Act\u00faa sobre os procesos inflamatorios para frear a progresi\u00f3n independente dos brotes, que explica unha parte importante da progresi\u00f3n da discapacidade nestas persoas.<\/p>\n\n\n\n<h2 class=\"wp-block-heading\">Evidencias do estudo HERCULES<\/h2>\n\n\n\n<p>A <strong><a href=\"https:\/\/european-union.europa.eu\/institutions-law-budget\/institutions-and-bodies\/search-all-eu-institutions-and-bodies\/european-medicines-agency-ema_es\">Axencia Europea de Medicamentos (EMA)<\/a><\/strong> recomendou a aprobaci\u00f3n deste tratamento base\u00e1ndose nos resultados do estudo de fase 3 denominado <strong>HERCULES<\/strong>. Nesta investigaci\u00f3n, presentada en congresos internacionais e publicada en <em>The New England Journal of Medicine<\/em>, o f\u00e1rmaco demostrou ser eficaz en persoas con EMSP que non tiveran reca\u00eddas nos dous anos anteriores.<\/p>\n\n\n\n<p>Os datos foron reforzados por outros estudos de apoio (GEMINI e GEMINI 2), que analizaron o comportamento do medicamento en diferentes formas da enfermidade, <strong>confirmando o seu potencial para abordar a patolox\u00eda subxacente<\/strong> que provoca a acumulaci\u00f3n de discapacidade.<\/p>\n\n\n\n<h2 class=\"wp-block-heading\">Unha nova esperanza<\/h2>\n\n\n\n<p>A importancia deste avance reside en que, ata o momento, <strong>as persoas en fase secundaria progresiva sen brotes ti\u00f1an moi poucas ou ningunha opci\u00f3n de tratamento dispo\u00f1ible<\/strong>. A opini\u00f3n favorable da EMA sit\u00faa a este f\u00e1rmaco como o primeiro da s\u00faa clase en Europa indicado especificamente para esta fase da enfermidade.<\/p>\n\n\n\n<p>Malia que estes resultados son moi esperanzadores, c\u00f3mpre manter a prudencia mentres se completa o proceso de revisi\u00f3n por parte das autoridades reguladoras de todo o mundo. De confirmarse a s\u00faa aprobaci\u00f3n nos vindeiros meses, <strong>estariamos ante unha ferramenta hist\u00f3rica para que a discapacidade silenciosa deixe de ser un proceso inevitable<\/strong> na vida das persoas con Esclerose M\u00faltiple.<\/p>\n\n\n\n<h3 class=\"wp-block-heading\">Fontes:<\/h3>\n\n\n\n<p><a href=\"https:\/\/www.20minutos.es\/capaces\/esperanza-para-esclerosis-multiple-ema-recomienda-aprobar-primer-farmaco-para-frenar-discapacidad-silenciosa_6962581_0.html\">https:\/\/www.20minutos.es\/capaces\/esperanza-para-esclerosis-multiple-ema-recomienda-aprobar-primer-farmaco-para-frenar-discapacidad-silenciosa_6962581_0.html<\/a><\/p>\n","protected":false},"excerpt":{"rendered":"<p>Nos \u00faltimos 30 anos, o tratamento da Esclerose M\u00faltiple (EM)&hellip; <a class=\"continue\" href=\"https:\/\/esclerosismultiplegalicia.org\/index.php\/2026\/04\/27\/luz-verde-ao-primeiro-farmaco-capaz-de-frear-a-discapacidade-silenciosa-na-esclerose-multiple\/\">Ler m\u00e1is sobre<span> Luz verde ao primeiro f\u00e1rmaco capaz de frear a discapacidade silenciosa na Esclerose M\u00faltiple<\/span><\/a><\/p>\n","protected":false},"author":1,"featured_media":4289,"comment_status":"closed","ping_status":"closed","sticky":false,"template":"","format":"standard","meta":{"_kad_post_transparent":"","_kad_post_title":"","_kad_post_layout":"","_kad_post_sidebar_id":"","_kad_post_content_style":"","_kad_post_vertical_padding":"","_kad_post_feature":"","_kad_post_feature_position":"","_kad_post_header":false,"_kad_post_footer":false,"footnotes":""},"categories":[103],"tags":[102,101],"class_list":["post-5535","post","type-post","status-publish","format-standard","has-post-thumbnail","hentry","category-novas","tag-investigacion","tag-tratamentos"],"yoast_head":"<!-- This site is optimized with the Yoast SEO plugin v26.1.1 - https:\/\/yoast.com\/wordpress\/plugins\/seo\/ -->\n<title>Luz verde ao primeiro f\u00e1rmaco capaz de frear a discapacidade silenciosa na Esclerose M\u00faltiple - FEGADEM<\/title>\n<meta name=\"description\" content=\"A Axencia Europea do Medicamento d\u00e1 luz verde ao primeiro f\u00e1rmaco para tratar a EMSP e frear a progresi\u00f3n silenciosa da discapacidade na EM.\" \/>\n<meta name=\"robots\" content=\"index, follow, max-snippet:-1, max-image-preview:large, max-video-preview:-1\" \/>\n<link rel=\"canonical\" href=\"https:\/\/esclerosismultiplegalicia.org\/index.php\/2026\/04\/27\/luz-verde-ao-primeiro-farmaco-capaz-de-frear-a-discapacidade-silenciosa-na-esclerose-multiple\/\" \/>\n<meta property=\"og:locale\" content=\"gl_ES\" \/>\n<meta property=\"og:type\" content=\"article\" \/>\n<meta property=\"og:title\" content=\"Luz verde ao primeiro f\u00e1rmaco capaz de frear a discapacidade silenciosa na Esclerose M\u00faltiple - FEGADEM\" \/>\n<meta property=\"og:description\" content=\"A Axencia Europea do Medicamento d\u00e1 luz verde ao primeiro f\u00e1rmaco para tratar a EMSP e frear a progresi\u00f3n silenciosa da discapacidade na EM.\" \/>\n<meta property=\"og:url\" content=\"https:\/\/esclerosismultiplegalicia.org\/index.php\/2026\/04\/27\/luz-verde-ao-primeiro-farmaco-capaz-de-frear-a-discapacidade-silenciosa-na-esclerose-multiple\/\" \/>\n<meta property=\"og:site_name\" content=\"FEGADEM\" \/>\n<meta property=\"article:publisher\" content=\"https:\/\/www.facebook.com\/esclerosemultiplegal?locale=es_ES\" \/>\n<meta property=\"article:published_time\" content=\"2026-04-27T08:27:43+00:00\" \/>\n<meta property=\"article:modified_time\" content=\"2026-04-27T08:28:44+00:00\" \/>\n<meta property=\"og:image\" content=\"http:\/\/esclerosismultiplegalicia.org\/wp-content\/uploads\/2025\/11\/analise-sangue-web.png\" \/>\n\t<meta property=\"og:image:width\" content=\"1080\" \/>\n\t<meta property=\"og:image:height\" content=\"720\" \/>\n\t<meta property=\"og:image:type\" content=\"image\/png\" \/>\n<meta name=\"author\" content=\"admin\" \/>\n<meta name=\"twitter:card\" content=\"summary_large_image\" \/>\n<meta name=\"twitter:creator\" content=\"@fegadem\" \/>\n<meta name=\"twitter:site\" content=\"@fegadem\" \/>\n<meta name=\"twitter:label1\" content=\"Escrito por\" \/>\n\t<meta name=\"twitter:data1\" content=\"admin\" \/>\n\t<meta name=\"twitter:label2\" content=\"Tempo de lectura\" \/>\n\t<meta name=\"twitter:data2\" content=\"4 minutos\" \/>\n<script type=\"application\/ld+json\" class=\"yoast-schema-graph\">{\"@context\":\"https:\/\/schema.org\",\"@graph\":[{\"@type\":\"Article\",\"@id\":\"https:\/\/esclerosismultiplegalicia.org\/index.php\/2026\/04\/27\/luz-verde-ao-primeiro-farmaco-capaz-de-frear-a-discapacidade-silenciosa-na-esclerose-multiple\/#article\",\"isPartOf\":{\"@id\":\"https:\/\/esclerosismultiplegalicia.org\/index.php\/2026\/04\/27\/luz-verde-ao-primeiro-farmaco-capaz-de-frear-a-discapacidade-silenciosa-na-esclerose-multiple\/\"},\"author\":{\"name\":\"admin\",\"@id\":\"https:\/\/esclerosismultiplegalicia.org\/#\/schema\/person\/6c5800f07aa0462086b750a2df88cfb4\"},\"headline\":\"Luz verde ao primeiro f\u00e1rmaco capaz de frear a discapacidade silenciosa na Esclerose M\u00faltiple\",\"datePublished\":\"2026-04-27T08:27:43+00:00\",\"dateModified\":\"2026-04-27T08:28:44+00:00\",\"mainEntityOfPage\":{\"@id\":\"https:\/\/esclerosismultiplegalicia.org\/index.php\/2026\/04\/27\/luz-verde-ao-primeiro-farmaco-capaz-de-frear-a-discapacidade-silenciosa-na-esclerose-multiple\/\"},\"wordCount\":633,\"publisher\":{\"@id\":\"https:\/\/esclerosismultiplegalicia.org\/#organization\"},\"image\":{\"@id\":\"https:\/\/esclerosismultiplegalicia.org\/index.php\/2026\/04\/27\/luz-verde-ao-primeiro-farmaco-capaz-de-frear-a-discapacidade-silenciosa-na-esclerose-multiple\/#primaryimage\"},\"thumbnailUrl\":\"https:\/\/esclerosismultiplegalicia.org\/wp-content\/uploads\/2025\/11\/analise-sangue-web.png\",\"keywords\":[\"Investigaci\u00f3n\",\"Tratamentos\"],\"articleSection\":[\"Novas\"],\"inLanguage\":\"gl-ES\"},{\"@type\":\"WebPage\",\"@id\":\"https:\/\/esclerosismultiplegalicia.org\/index.php\/2026\/04\/27\/luz-verde-ao-primeiro-farmaco-capaz-de-frear-a-discapacidade-silenciosa-na-esclerose-multiple\/\",\"url\":\"https:\/\/esclerosismultiplegalicia.org\/index.php\/2026\/04\/27\/luz-verde-ao-primeiro-farmaco-capaz-de-frear-a-discapacidade-silenciosa-na-esclerose-multiple\/\",\"name\":\"Luz verde ao primeiro f\u00e1rmaco capaz de frear a discapacidade silenciosa na Esclerose M\u00faltiple - FEGADEM\",\"isPartOf\":{\"@id\":\"https:\/\/esclerosismultiplegalicia.org\/#website\"},\"primaryImageOfPage\":{\"@id\":\"https:\/\/esclerosismultiplegalicia.org\/index.php\/2026\/04\/27\/luz-verde-ao-primeiro-farmaco-capaz-de-frear-a-discapacidade-silenciosa-na-esclerose-multiple\/#primaryimage\"},\"image\":{\"@id\":\"https:\/\/esclerosismultiplegalicia.org\/index.php\/2026\/04\/27\/luz-verde-ao-primeiro-farmaco-capaz-de-frear-a-discapacidade-silenciosa-na-esclerose-multiple\/#primaryimage\"},\"thumbnailUrl\":\"https:\/\/esclerosismultiplegalicia.org\/wp-content\/uploads\/2025\/11\/analise-sangue-web.png\",\"datePublished\":\"2026-04-27T08:27:43+00:00\",\"dateModified\":\"2026-04-27T08:28:44+00:00\",\"description\":\"A Axencia Europea do Medicamento d\u00e1 luz verde ao primeiro f\u00e1rmaco para tratar a EMSP e frear a progresi\u00f3n silenciosa da discapacidade na EM.\",\"breadcrumb\":{\"@id\":\"https:\/\/esclerosismultiplegalicia.org\/index.php\/2026\/04\/27\/luz-verde-ao-primeiro-farmaco-capaz-de-frear-a-discapacidade-silenciosa-na-esclerose-multiple\/#breadcrumb\"},\"inLanguage\":\"gl-ES\",\"potentialAction\":[{\"@type\":\"ReadAction\",\"target\":[\"https:\/\/esclerosismultiplegalicia.org\/index.php\/2026\/04\/27\/luz-verde-ao-primeiro-farmaco-capaz-de-frear-a-discapacidade-silenciosa-na-esclerose-multiple\/\"]}]},{\"@type\":\"ImageObject\",\"inLanguage\":\"gl-ES\",\"@id\":\"https:\/\/esclerosismultiplegalicia.org\/index.php\/2026\/04\/27\/luz-verde-ao-primeiro-farmaco-capaz-de-frear-a-discapacidade-silenciosa-na-esclerose-multiple\/#primaryimage\",\"url\":\"https:\/\/esclerosismultiplegalicia.org\/wp-content\/uploads\/2025\/11\/analise-sangue-web.png\",\"contentUrl\":\"https:\/\/esclerosismultiplegalicia.org\/wp-content\/uploads\/2025\/11\/analise-sangue-web.png\",\"width\":1080,\"height\":720},{\"@type\":\"BreadcrumbList\",\"@id\":\"https:\/\/esclerosismultiplegalicia.org\/index.php\/2026\/04\/27\/luz-verde-ao-primeiro-farmaco-capaz-de-frear-a-discapacidade-silenciosa-na-esclerose-multiple\/#breadcrumb\",\"itemListElement\":[{\"@type\":\"ListItem\",\"position\":1,\"name\":\"Inicio\",\"item\":\"https:\/\/esclerosismultiplegalicia.org\/\"},{\"@type\":\"ListItem\",\"position\":2,\"name\":\"Luz verde ao primeiro f\u00e1rmaco capaz de frear a discapacidade silenciosa na Esclerose M\u00faltiple\"}]},{\"@type\":\"WebSite\",\"@id\":\"https:\/\/esclerosismultiplegalicia.org\/#website\",\"url\":\"https:\/\/esclerosismultiplegalicia.org\/\",\"name\":\"FEGADEM\",\"description\":\"Traballamos mellorando a calidade de vida das persoas con Esclerose M\u00faltiple en Galicia.\",\"publisher\":{\"@id\":\"https:\/\/esclerosismultiplegalicia.org\/#organization\"},\"potentialAction\":[{\"@type\":\"SearchAction\",\"target\":{\"@type\":\"EntryPoint\",\"urlTemplate\":\"https:\/\/esclerosismultiplegalicia.org\/?s={search_term_string}\"},\"query-input\":{\"@type\":\"PropertyValueSpecification\",\"valueRequired\":true,\"valueName\":\"search_term_string\"}}],\"inLanguage\":\"gl-ES\"},{\"@type\":\"Organization\",\"@id\":\"https:\/\/esclerosismultiplegalicia.org\/#organization\",\"name\":\"FEGADEM (Federaci\u00f3n Galega de Esclerose M\u00faltiple)\",\"url\":\"https:\/\/esclerosismultiplegalicia.org\/\",\"logo\":{\"@type\":\"ImageObject\",\"inLanguage\":\"gl-ES\",\"@id\":\"https:\/\/esclerosismultiplegalicia.org\/#\/schema\/logo\/image\/\",\"url\":\"https:\/\/esclerosismultiplegalicia.org\/wp-content\/uploads\/2025\/05\/cropped-FEGADEM_Imagotipo-scaled-1.png\",\"contentUrl\":\"https:\/\/esclerosismultiplegalicia.org\/wp-content\/uploads\/2025\/05\/cropped-FEGADEM_Imagotipo-scaled-1.png\",\"width\":2558,\"height\":1138,\"caption\":\"FEGADEM (Federaci\u00f3n Galega de Esclerose M\u00faltiple)\"},\"image\":{\"@id\":\"https:\/\/esclerosismultiplegalicia.org\/#\/schema\/logo\/image\/\"},\"sameAs\":[\"https:\/\/www.facebook.com\/esclerosemultiplegal?locale=es_ES\",\"https:\/\/x.com\/fegadem\",\"https:\/\/www.instagram.com\/esclerosemultiplegal\/\",\"https:\/\/www.youtube.com\/@fegademfederaciongalegadee3374\"]},{\"@type\":\"Person\",\"@id\":\"https:\/\/esclerosismultiplegalicia.org\/#\/schema\/person\/6c5800f07aa0462086b750a2df88cfb4\",\"name\":\"admin\",\"image\":{\"@type\":\"ImageObject\",\"inLanguage\":\"gl-ES\",\"@id\":\"https:\/\/esclerosismultiplegalicia.org\/#\/schema\/person\/image\/\",\"url\":\"https:\/\/secure.gravatar.com\/avatar\/6b01f9a90ea05bdd1053be7f0879b99bae6103fa66164176a65e4bd6fee73fba?s=96&d=mm&r=g\",\"contentUrl\":\"https:\/\/secure.gravatar.com\/avatar\/6b01f9a90ea05bdd1053be7f0879b99bae6103fa66164176a65e4bd6fee73fba?s=96&d=mm&r=g\",\"caption\":\"admin\"},\"sameAs\":[\"https:\/\/prueba.esclerosismultiplegalicia.org\"],\"url\":\"https:\/\/esclerosismultiplegalicia.org\/index.php\/author\/admin\/\"}]}<\/script>\n<!-- \/ Yoast SEO plugin. -->","yoast_head_json":{"title":"Luz verde ao primeiro f\u00e1rmaco capaz de frear a discapacidade silenciosa na Esclerose M\u00faltiple - FEGADEM","description":"A Axencia Europea do Medicamento d\u00e1 luz verde ao primeiro f\u00e1rmaco para tratar a EMSP e frear a progresi\u00f3n silenciosa da discapacidade na EM.","robots":{"index":"index","follow":"follow","max-snippet":"max-snippet:-1","max-image-preview":"max-image-preview:large","max-video-preview":"max-video-preview:-1"},"canonical":"https:\/\/esclerosismultiplegalicia.org\/index.php\/2026\/04\/27\/luz-verde-ao-primeiro-farmaco-capaz-de-frear-a-discapacidade-silenciosa-na-esclerose-multiple\/","og_locale":"gl_ES","og_type":"article","og_title":"Luz verde ao primeiro f\u00e1rmaco capaz de frear a discapacidade silenciosa na Esclerose M\u00faltiple - FEGADEM","og_description":"A Axencia Europea do Medicamento d\u00e1 luz verde ao primeiro f\u00e1rmaco para tratar a EMSP e frear a progresi\u00f3n silenciosa da discapacidade na EM.","og_url":"https:\/\/esclerosismultiplegalicia.org\/index.php\/2026\/04\/27\/luz-verde-ao-primeiro-farmaco-capaz-de-frear-a-discapacidade-silenciosa-na-esclerose-multiple\/","og_site_name":"FEGADEM","article_publisher":"https:\/\/www.facebook.com\/esclerosemultiplegal?locale=es_ES","article_published_time":"2026-04-27T08:27:43+00:00","article_modified_time":"2026-04-27T08:28:44+00:00","og_image":[{"width":1080,"height":720,"url":"http:\/\/esclerosismultiplegalicia.org\/wp-content\/uploads\/2025\/11\/analise-sangue-web.png","type":"image\/png"}],"author":"admin","twitter_card":"summary_large_image","twitter_creator":"@fegadem","twitter_site":"@fegadem","twitter_misc":{"Escrito por":"admin","Tempo de lectura":"4 minutos"},"schema":{"@context":"https:\/\/schema.org","@graph":[{"@type":"Article","@id":"https:\/\/esclerosismultiplegalicia.org\/index.php\/2026\/04\/27\/luz-verde-ao-primeiro-farmaco-capaz-de-frear-a-discapacidade-silenciosa-na-esclerose-multiple\/#article","isPartOf":{"@id":"https:\/\/esclerosismultiplegalicia.org\/index.php\/2026\/04\/27\/luz-verde-ao-primeiro-farmaco-capaz-de-frear-a-discapacidade-silenciosa-na-esclerose-multiple\/"},"author":{"name":"admin","@id":"https:\/\/esclerosismultiplegalicia.org\/#\/schema\/person\/6c5800f07aa0462086b750a2df88cfb4"},"headline":"Luz verde ao primeiro f\u00e1rmaco capaz de frear a discapacidade silenciosa na Esclerose M\u00faltiple","datePublished":"2026-04-27T08:27:43+00:00","dateModified":"2026-04-27T08:28:44+00:00","mainEntityOfPage":{"@id":"https:\/\/esclerosismultiplegalicia.org\/index.php\/2026\/04\/27\/luz-verde-ao-primeiro-farmaco-capaz-de-frear-a-discapacidade-silenciosa-na-esclerose-multiple\/"},"wordCount":633,"publisher":{"@id":"https:\/\/esclerosismultiplegalicia.org\/#organization"},"image":{"@id":"https:\/\/esclerosismultiplegalicia.org\/index.php\/2026\/04\/27\/luz-verde-ao-primeiro-farmaco-capaz-de-frear-a-discapacidade-silenciosa-na-esclerose-multiple\/#primaryimage"},"thumbnailUrl":"https:\/\/esclerosismultiplegalicia.org\/wp-content\/uploads\/2025\/11\/analise-sangue-web.png","keywords":["Investigaci\u00f3n","Tratamentos"],"articleSection":["Novas"],"inLanguage":"gl-ES"},{"@type":"WebPage","@id":"https:\/\/esclerosismultiplegalicia.org\/index.php\/2026\/04\/27\/luz-verde-ao-primeiro-farmaco-capaz-de-frear-a-discapacidade-silenciosa-na-esclerose-multiple\/","url":"https:\/\/esclerosismultiplegalicia.org\/index.php\/2026\/04\/27\/luz-verde-ao-primeiro-farmaco-capaz-de-frear-a-discapacidade-silenciosa-na-esclerose-multiple\/","name":"Luz verde ao primeiro f\u00e1rmaco capaz de frear a discapacidade silenciosa na Esclerose M\u00faltiple - FEGADEM","isPartOf":{"@id":"https:\/\/esclerosismultiplegalicia.org\/#website"},"primaryImageOfPage":{"@id":"https:\/\/esclerosismultiplegalicia.org\/index.php\/2026\/04\/27\/luz-verde-ao-primeiro-farmaco-capaz-de-frear-a-discapacidade-silenciosa-na-esclerose-multiple\/#primaryimage"},"image":{"@id":"https:\/\/esclerosismultiplegalicia.org\/index.php\/2026\/04\/27\/luz-verde-ao-primeiro-farmaco-capaz-de-frear-a-discapacidade-silenciosa-na-esclerose-multiple\/#primaryimage"},"thumbnailUrl":"https:\/\/esclerosismultiplegalicia.org\/wp-content\/uploads\/2025\/11\/analise-sangue-web.png","datePublished":"2026-04-27T08:27:43+00:00","dateModified":"2026-04-27T08:28:44+00:00","description":"A Axencia Europea do Medicamento d\u00e1 luz verde ao primeiro f\u00e1rmaco para tratar a EMSP e frear a progresi\u00f3n silenciosa da discapacidade na EM.","breadcrumb":{"@id":"https:\/\/esclerosismultiplegalicia.org\/index.php\/2026\/04\/27\/luz-verde-ao-primeiro-farmaco-capaz-de-frear-a-discapacidade-silenciosa-na-esclerose-multiple\/#breadcrumb"},"inLanguage":"gl-ES","potentialAction":[{"@type":"ReadAction","target":["https:\/\/esclerosismultiplegalicia.org\/index.php\/2026\/04\/27\/luz-verde-ao-primeiro-farmaco-capaz-de-frear-a-discapacidade-silenciosa-na-esclerose-multiple\/"]}]},{"@type":"ImageObject","inLanguage":"gl-ES","@id":"https:\/\/esclerosismultiplegalicia.org\/index.php\/2026\/04\/27\/luz-verde-ao-primeiro-farmaco-capaz-de-frear-a-discapacidade-silenciosa-na-esclerose-multiple\/#primaryimage","url":"https:\/\/esclerosismultiplegalicia.org\/wp-content\/uploads\/2025\/11\/analise-sangue-web.png","contentUrl":"https:\/\/esclerosismultiplegalicia.org\/wp-content\/uploads\/2025\/11\/analise-sangue-web.png","width":1080,"height":720},{"@type":"BreadcrumbList","@id":"https:\/\/esclerosismultiplegalicia.org\/index.php\/2026\/04\/27\/luz-verde-ao-primeiro-farmaco-capaz-de-frear-a-discapacidade-silenciosa-na-esclerose-multiple\/#breadcrumb","itemListElement":[{"@type":"ListItem","position":1,"name":"Inicio","item":"https:\/\/esclerosismultiplegalicia.org\/"},{"@type":"ListItem","position":2,"name":"Luz verde ao primeiro f\u00e1rmaco capaz de frear a discapacidade silenciosa na Esclerose M\u00faltiple"}]},{"@type":"WebSite","@id":"https:\/\/esclerosismultiplegalicia.org\/#website","url":"https:\/\/esclerosismultiplegalicia.org\/","name":"FEGADEM","description":"Traballamos mellorando a calidade de vida das persoas con Esclerose M\u00faltiple en Galicia.","publisher":{"@id":"https:\/\/esclerosismultiplegalicia.org\/#organization"},"potentialAction":[{"@type":"SearchAction","target":{"@type":"EntryPoint","urlTemplate":"https:\/\/esclerosismultiplegalicia.org\/?s={search_term_string}"},"query-input":{"@type":"PropertyValueSpecification","valueRequired":true,"valueName":"search_term_string"}}],"inLanguage":"gl-ES"},{"@type":"Organization","@id":"https:\/\/esclerosismultiplegalicia.org\/#organization","name":"FEGADEM (Federaci\u00f3n Galega de Esclerose M\u00faltiple)","url":"https:\/\/esclerosismultiplegalicia.org\/","logo":{"@type":"ImageObject","inLanguage":"gl-ES","@id":"https:\/\/esclerosismultiplegalicia.org\/#\/schema\/logo\/image\/","url":"https:\/\/esclerosismultiplegalicia.org\/wp-content\/uploads\/2025\/05\/cropped-FEGADEM_Imagotipo-scaled-1.png","contentUrl":"https:\/\/esclerosismultiplegalicia.org\/wp-content\/uploads\/2025\/05\/cropped-FEGADEM_Imagotipo-scaled-1.png","width":2558,"height":1138,"caption":"FEGADEM (Federaci\u00f3n Galega de Esclerose M\u00faltiple)"},"image":{"@id":"https:\/\/esclerosismultiplegalicia.org\/#\/schema\/logo\/image\/"},"sameAs":["https:\/\/www.facebook.com\/esclerosemultiplegal?locale=es_ES","https:\/\/x.com\/fegadem","https:\/\/www.instagram.com\/esclerosemultiplegal\/","https:\/\/www.youtube.com\/@fegademfederaciongalegadee3374"]},{"@type":"Person","@id":"https:\/\/esclerosismultiplegalicia.org\/#\/schema\/person\/6c5800f07aa0462086b750a2df88cfb4","name":"admin","image":{"@type":"ImageObject","inLanguage":"gl-ES","@id":"https:\/\/esclerosismultiplegalicia.org\/#\/schema\/person\/image\/","url":"https:\/\/secure.gravatar.com\/avatar\/6b01f9a90ea05bdd1053be7f0879b99bae6103fa66164176a65e4bd6fee73fba?s=96&d=mm&r=g","contentUrl":"https:\/\/secure.gravatar.com\/avatar\/6b01f9a90ea05bdd1053be7f0879b99bae6103fa66164176a65e4bd6fee73fba?s=96&d=mm&r=g","caption":"admin"},"sameAs":["https:\/\/prueba.esclerosismultiplegalicia.org"],"url":"https:\/\/esclerosismultiplegalicia.org\/index.php\/author\/admin\/"}]}},"_links":{"self":[{"href":"https:\/\/esclerosismultiplegalicia.org\/index.php\/wp-json\/wp\/v2\/posts\/5535","targetHints":{"allow":["GET"]}}],"collection":[{"href":"https:\/\/esclerosismultiplegalicia.org\/index.php\/wp-json\/wp\/v2\/posts"}],"about":[{"href":"https:\/\/esclerosismultiplegalicia.org\/index.php\/wp-json\/wp\/v2\/types\/post"}],"author":[{"embeddable":true,"href":"https:\/\/esclerosismultiplegalicia.org\/index.php\/wp-json\/wp\/v2\/users\/1"}],"replies":[{"embeddable":true,"href":"https:\/\/esclerosismultiplegalicia.org\/index.php\/wp-json\/wp\/v2\/comments?post=5535"}],"version-history":[{"count":1,"href":"https:\/\/esclerosismultiplegalicia.org\/index.php\/wp-json\/wp\/v2\/posts\/5535\/revisions"}],"predecessor-version":[{"id":5536,"href":"https:\/\/esclerosismultiplegalicia.org\/index.php\/wp-json\/wp\/v2\/posts\/5535\/revisions\/5536"}],"wp:featuredmedia":[{"embeddable":true,"href":"https:\/\/esclerosismultiplegalicia.org\/index.php\/wp-json\/wp\/v2\/media\/4289"}],"wp:attachment":[{"href":"https:\/\/esclerosismultiplegalicia.org\/index.php\/wp-json\/wp\/v2\/media?parent=5535"}],"wp:term":[{"taxonomy":"category","embeddable":true,"href":"https:\/\/esclerosismultiplegalicia.org\/index.php\/wp-json\/wp\/v2\/categories?post=5535"},{"taxonomy":"post_tag","embeddable":true,"href":"https:\/\/esclerosismultiplegalicia.org\/index.php\/wp-json\/wp\/v2\/tags?post=5535"}],"curies":[{"name":"wp","href":"https:\/\/api.w.org\/{rel}","templated":true}]}}