{"id":5159,"date":"2026-03-26T10:23:30","date_gmt":"2026-03-26T09:23:30","guid":{"rendered":"https:\/\/esclerosismultiplegalicia.org\/?p=5159"},"modified":"2026-03-27T10:04:54","modified_gmt":"2026-03-27T09:04:54","slug":"esclerose-multiple-e-cambio-climatico-como-influe-o-clima","status":"publish","type":"post","link":"http:\/\/esclerosismultiplegalicia.org\/index.php\/2026\/03\/26\/esclerose-multiple-e-cambio-climatico-como-influe-o-clima\/","title":{"rendered":"Esclerose M\u00faltiple e cambio clim\u00e1tico. \u00bfComo infl\u00fae o clima?"},"content":{"rendered":"\n<p>Na <strong><a href=\"https:\/\/esclerosismultiplegalicia.org\/index.php\/que-e-a-em\/\">Esclerose M\u00faltiple (EM)<\/a><\/strong>, o clima ten un impacto evidente e \u00e9 importante falar del especialmente nun contexto de cambio clim\u00e1tico. A investigaci\u00f3n cient\u00edfica e as experiencias das persoas con EM coinciden en que as temperaturas extremas, a humidade e as variaci\u00f3ns bruscas poden condicionar e agravar os s\u00edntomas ou desencadear brotes. <\/p>\n\n\n\n<p><strong>Galicia <\/strong>ten un clima caracterizado polas temperaturas suaves, pero tam\u00e9n pola gran variabilidade. \u00c9 moi importante ter isto en conta e contar con estratexias para enfrontarse a estas situaci\u00f3ns en casos con EM. <\/p>\n\n\n\n<h3 class=\"wp-block-heading\">Por que o clima afecta \u00e1 Esclerose M\u00faltiple<\/h3>\n\n\n\n<p>A EM \u00e9 unha enfermidade autoinmune e neurodexenerativa que dana a mielina. Esta \u00e9 a capa protectora das fibras nerviosas. Este proceso, co\u00f1ecido como <strong><a href=\"https:\/\/esclerosismultiplegalicia.org\/index.php\/glosario-de-termos\/\">desmielinizaci\u00f3n<\/a><\/strong>, altera a transmisi\u00f3n dos impulsos nerviosos dificultando o transporte de mensaxes entre o cerebro e o corpo.<\/p>\n\n\n\n<p>Un dos fen\u00f3menos m\u00e1is co\u00f1ecidos \u00e9 o <strong><a href=\"https:\/\/esclerosismultiplegalicia.org\/index.php\/glosario-de-termos\/\">fen\u00f3meno de Uhthoff<\/a><\/strong>, que se refire a un empeoramento temporal dos s\u00edntomas da EM cando aumenta a temperatura corporal. Este incremento pode deberse ao clima en parte, pero tam\u00e9n a outros factores como poden ser:<\/p>\n\n\n\n<ul class=\"wp-block-list\">\n<li>Realizaci\u00f3n de exercicio f\u00edsico.<\/li>\n\n\n\n<li>Febre.<\/li>\n\n\n\n<li>Exposici\u00f3n ao sol.<\/li>\n\n\n\n<li>Ambientes con calefacci\u00f3n elevada.<\/li>\n<\/ul>\n\n\n\n<p><strong>Entre o 60% e o 80% das persoas con EM experimentan esta sensibilidade t\u00e9rmica<\/strong>, o que pon sobre a mesa o impacto da temperatura sobre esta enfermidade.<\/p>\n\n\n\n<h3 class=\"wp-block-heading\">S\u00edntomas que poden empeorar coa calor e o fr\u00edo<\/h3>\n\n\n\n<p>As variaci\u00f3ns bruscas de temperatura e a excesiva calor poden <strong>intensificar s\u00edntomas<\/strong> xa existentes, entre os que destacan:<\/p>\n\n\n\n<ul class=\"wp-block-list\">\n<li>Fatiga<\/li>\n\n\n\n<li>Visi\u00f3n borrosa<\/li>\n\n\n\n<li>Espasticidade<\/li>\n\n\n\n<li>Dor<\/li>\n\n\n\n<li>Debilidade muscular<\/li>\n\n\n\n<li>Problemas cognitivos (concentraci\u00f3n, memoria&#8230;)<\/li>\n\n\n\n<li>Tremores ou entumecemento<\/li>\n<\/ul>\n\n\n\n<p>Tam\u00e9n \u00e9 relevante destacar que estes empeoramentos adoitan ser <strong>temporais <\/strong>e non supo\u00f1en unha progresi\u00f3n da Esclerose M\u00faltiple. <\/p>\n\n\n\n<h3 class=\"wp-block-heading\">Clima m\u00e1is adecuado para persoas con EM<\/h3>\n\n\n\n<p>Non existe un clima perfecto universal. Por\u00e9n, os estudos indican que, en xeral, as persoas con EM adoitan adaptarse mellor a:<\/p>\n\n\n\n<ul class=\"wp-block-list\">\n<li>Climas frescos (non excesivamente fr\u00edos)<\/li>\n\n\n\n<li>Baixa humidade<\/li>\n\n\n\n<li>Temperaturas estables ou suaves<\/li>\n<\/ul>\n\n\n\n<p>A pesares disto, hai moita<strong> variabilidade individual<\/strong>. Por exemplo, algunhas persoas poden experimentar m\u00e1is espasticidade co fr\u00edo, o que deixa ver a necesidade de asumir un enfoque personalizado. En <strong>Galicia<\/strong>, onde conviven as temperaturas suaves con humidade elevada, \u00e9 moi relevante observar como responde cada persoa \u00e1 s\u00faa contorna.<\/p>\n\n\n\n<h3 class=\"wp-block-heading\">Cambio clim\u00e1tico: un factor de risco emerxente para a EM<\/h3>\n\n\n\n<p>O <strong>cambio clim\u00e1tico<\/strong> introduce unha nova capa de complexidade. Segundo estudos publicados na revista American Academy of Neurology, o aumento global das temperaturas e os eventos clim\u00e1ticos extremos est\u00e1n asociados a:<\/p>\n\n\n\n<ul class=\"wp-block-list\">\n<li>Empeoramento dos s\u00edntomas neurol\u00f3xicos.<\/li>\n\n\n\n<li>Maior frecuencia de ictus e migra\u00f1as.<\/li>\n\n\n\n<li>Incremento de hospitalizaci\u00f3ns en enfermidades neurol\u00f3xicas.<\/li>\n\n\n\n<li>Expansi\u00f3n de enfermidades infecciosas que afectan ao sistema nervioso.<\/li>\n<\/ul>\n\n\n\n<p>Ademais, a <strong>contaminaci\u00f3n atmosf\u00e9rica<\/strong> (part\u00edculas finas, nitratos) tam\u00e9n se relaciona cun maior impacto en enfermidades como a EM. O cambio clim\u00e1tico dende logo \u00e9 unha cuesti\u00f3n de suma importancia a nivel ambiental, pero \u00e9 tam\u00e9n un reto sanitario de primeira orde. <\/p>\n\n\n\n<h3 class=\"wp-block-heading\">Como adaptarse \u00e1s temperaturas extremas<\/h3>\n\n\n\n<p>Dado que cambiar de residencia non sempre \u00e9 viable, a clave est\u00e1 na adaptaci\u00f3n. Algunhas medidas para vivir con temperaturas extremas incl\u00faen:<\/p>\n\n\n\n<h4 class=\"wp-block-heading\">En episodios de calor:<\/h4>\n\n\n\n<ul class=\"wp-block-list\">\n<li>Hidrataci\u00f3n constante.<\/li>\n\n\n\n<li>Evitar sa\u00eddas nas horas centrais do d\u00eda.<\/li>\n\n\n\n<li>Uso de aire acondicionado ou ventilaci\u00f3n adecuada.<\/li>\n\n\n\n<li>Duchas con auga fresca (progresivamente).<\/li>\n\n\n\n<li>Roupa lixeira e transpirable.<\/li>\n\n\n\n<li><a href=\"https:\/\/esclerosismultiplegalicia.org\/index.php\/2024\/06\/21\/a-importancia-das-prendas-refrixerantes-para-as-persoas-con-esclerose-multiple\/\">Uso de chalecos ou prendas refrixerantes.<\/a><\/li>\n\n\n\n<li>Actividade f\u00edsica adaptada (exercicio suave ou en piscina).<\/li>\n<\/ul>\n\n\n\n<h4 class=\"wp-block-heading\">En episodios de fr\u00edo:<\/h4>\n\n\n\n<ul class=\"wp-block-list\">\n<li>Evitar a exposici\u00f3n prolongada a baixas temperaturas.<\/li>\n\n\n\n<li>Uso de roupa t\u00e9rmica.<\/li>\n\n\n\n<li>Control de espasticidade mediante a fisioterapia.<\/li>\n<\/ul>\n\n\n\n<h3 class=\"wp-block-heading\">Implicaci\u00f3ns para Galicia: sa\u00fade, planificaci\u00f3n e concienciaci\u00f3n<\/h3>\n\n\n\n<p>Para Galicia, o impacto do cambio clim\u00e1tico sobre a EM require unha resposta coordinada:<\/p>\n\n\n\n<ul class=\"wp-block-list\">\n<li><strong>Sistema sanitario<\/strong>: adaptaci\u00f3n dos protocolos asistenciais.<\/li>\n\n\n\n<li><strong>Profesionais<\/strong>: anticipaci\u00f3n aos efectos do clima nos s\u00edntomas.<\/li>\n\n\n\n<li><strong>Entidades sociais<\/strong>: sensibilizaci\u00f3n, servizos e acompa\u00f1amento.<\/li>\n\n\n\n<li><strong>Administraci\u00f3ns p\u00fablicas<\/strong>: integraci\u00f3n da sa\u00fade neurol\u00f3xica nas pol\u00edticas clim\u00e1ticas.<\/li>\n<\/ul>\n\n\n\n<p><strong>O clima e o cambio clim\u00e1tico xa est\u00e1n a influ\u00edr na evoluci\u00f3n da EM e outras enfermidades neurodexenerativas<\/strong>. As temperaturas extremas e a contaminaci\u00f3n te\u00f1en un impacto directo nos s\u00edntomas. Ante este escenario, a prioridade pasa por anticiparse, adaptar os h\u00e1bitos e reforzar a coordinaci\u00f3n entre o sistema sanitario, o tecido asociativo e as administraci\u00f3ns.<\/p>\n\n\n\n<h3 class=\"wp-block-heading\">Fontes:<\/h3>\n\n\n\n<ul class=\"wp-block-list\">\n<li><a href=\"https:\/\/www.fem.es\/es\/afecta-clima-personas-con-esclerosis-multiple\">https:\/\/www.fem.es\/es\/afecta-clima-personas-con-esclerosis-multiple<\/a><\/li>\n\n\n\n<li><a href=\"https:\/\/www.fem.es\/es\/los-cambios-de-temperatura-y-la-esclerosis-multiple\/\">https:\/\/www.fem.es\/es\/los-cambios-de-temperatura-y-la-esclerosis-multiple\/<\/a><\/li>\n\n\n\n<li><a href=\"https:\/\/www.servimedia.es\/noticias\/cambio-climatico-empeora-enfermedades-neurologicas\/3491105\">https:\/\/www.servimedia.es\/noticias\/cambio-climatico-empeora-enfermedades-neurologicas\/3491105<\/a><\/li>\n<\/ul>\n","protected":false},"excerpt":{"rendered":"<p>Na Esclerose M\u00faltiple (EM), o clima ten un impacto evidente&hellip; <a class=\"continue\" href=\"http:\/\/esclerosismultiplegalicia.org\/index.php\/2026\/03\/26\/esclerose-multiple-e-cambio-climatico-como-influe-o-clima\/\">Ler m\u00e1is sobre<span> Esclerose M\u00faltiple e cambio clim\u00e1tico. \u00bfComo infl\u00fae o clima?<\/span><\/a><\/p>\n","protected":false},"author":1,"featured_media":5160,"comment_status":"closed","ping_status":"closed","sticky":false,"template":"","format":"standard","meta":{"_kad_post_transparent":"","_kad_post_title":"","_kad_post_layout":"","_kad_post_sidebar_id":"","_kad_post_content_style":"","_kad_post_vertical_padding":"","_kad_post_feature":"","_kad_post_feature_position":"","_kad_post_header":false,"_kad_post_footer":false,"footnotes":""},"categories":[103],"tags":[],"class_list":["post-5159","post","type-post","status-publish","format-standard","has-post-thumbnail","hentry","category-novas"],"yoast_head":"<!-- This site is optimized with the Yoast SEO plugin v26.1.1 - https:\/\/yoast.com\/wordpress\/plugins\/seo\/ -->\n<title>Esclerose M\u00faltiple e cambio clim\u00e1tico. \u00bfComo infl\u00fae o clima? - FEGADEM<\/title>\n<meta name=\"description\" content=\"Na Esclerose M\u00faltiple, o clima, as temperaturas e o cambio clim\u00e1tico son factores que se deben ter en conta \u00e1 hora xestionar a enfermidade.\" \/>\n<meta name=\"robots\" content=\"index, follow, max-snippet:-1, max-image-preview:large, max-video-preview:-1\" \/>\n<link rel=\"canonical\" href=\"https:\/\/esclerosismultiplegalicia.org\/index.php\/2026\/03\/26\/esclerose-multiple-e-cambio-climatico-como-influe-o-clima\/\" \/>\n<meta property=\"og:locale\" content=\"gl_ES\" \/>\n<meta property=\"og:type\" content=\"article\" \/>\n<meta property=\"og:title\" content=\"Esclerose M\u00faltiple e cambio clim\u00e1tico. \u00bfComo infl\u00fae o clima? - FEGADEM\" \/>\n<meta property=\"og:description\" content=\"Na Esclerose M\u00faltiple, o clima, as temperaturas e o cambio clim\u00e1tico son factores que se deben ter en conta \u00e1 hora xestionar a enfermidade.\" \/>\n<meta property=\"og:url\" content=\"https:\/\/esclerosismultiplegalicia.org\/index.php\/2026\/03\/26\/esclerose-multiple-e-cambio-climatico-como-influe-o-clima\/\" \/>\n<meta property=\"og:site_name\" content=\"FEGADEM\" \/>\n<meta property=\"article:publisher\" content=\"https:\/\/www.facebook.com\/esclerosemultiplegal?locale=es_ES\" \/>\n<meta property=\"article:published_time\" content=\"2026-03-26T09:23:30+00:00\" \/>\n<meta property=\"article:modified_time\" content=\"2026-03-27T09:04:54+00:00\" \/>\n<meta property=\"og:image\" content=\"https:\/\/esclerosismultiplegalicia.org\/wp-content\/uploads\/2026\/03\/CLIMA-WEB.png\" \/>\n\t<meta property=\"og:image:width\" content=\"1080\" \/>\n\t<meta property=\"og:image:height\" content=\"720\" \/>\n\t<meta property=\"og:image:type\" content=\"image\/png\" \/>\n<meta name=\"author\" content=\"admin\" \/>\n<meta name=\"twitter:card\" content=\"summary_large_image\" \/>\n<meta name=\"twitter:creator\" content=\"@fegadem\" \/>\n<meta name=\"twitter:site\" content=\"@fegadem\" \/>\n<meta name=\"twitter:label1\" content=\"Escrito por\" \/>\n\t<meta name=\"twitter:data1\" content=\"admin\" \/>\n\t<meta name=\"twitter:label2\" content=\"Tempo de lectura\" \/>\n\t<meta name=\"twitter:data2\" content=\"4 minutos\" \/>\n<script type=\"application\/ld+json\" class=\"yoast-schema-graph\">{\"@context\":\"https:\/\/schema.org\",\"@graph\":[{\"@type\":\"Article\",\"@id\":\"https:\/\/esclerosismultiplegalicia.org\/index.php\/2026\/03\/26\/esclerose-multiple-e-cambio-climatico-como-influe-o-clima\/#article\",\"isPartOf\":{\"@id\":\"https:\/\/esclerosismultiplegalicia.org\/index.php\/2026\/03\/26\/esclerose-multiple-e-cambio-climatico-como-influe-o-clima\/\"},\"author\":{\"name\":\"admin\",\"@id\":\"https:\/\/esclerosismultiplegalicia.org\/#\/schema\/person\/6c5800f07aa0462086b750a2df88cfb4\"},\"headline\":\"Esclerose M\u00faltiple e cambio clim\u00e1tico. \u00bfComo infl\u00fae o clima?\",\"datePublished\":\"2026-03-26T09:23:30+00:00\",\"dateModified\":\"2026-03-27T09:04:54+00:00\",\"mainEntityOfPage\":{\"@id\":\"https:\/\/esclerosismultiplegalicia.org\/index.php\/2026\/03\/26\/esclerose-multiple-e-cambio-climatico-como-influe-o-clima\/\"},\"wordCount\":776,\"publisher\":{\"@id\":\"https:\/\/esclerosismultiplegalicia.org\/#organization\"},\"image\":{\"@id\":\"https:\/\/esclerosismultiplegalicia.org\/index.php\/2026\/03\/26\/esclerose-multiple-e-cambio-climatico-como-influe-o-clima\/#primaryimage\"},\"thumbnailUrl\":\"http:\/\/esclerosismultiplegalicia.org\/wp-content\/uploads\/2026\/03\/CLIMA-WEB.png\",\"articleSection\":[\"Novas\"],\"inLanguage\":\"gl-ES\"},{\"@type\":\"WebPage\",\"@id\":\"https:\/\/esclerosismultiplegalicia.org\/index.php\/2026\/03\/26\/esclerose-multiple-e-cambio-climatico-como-influe-o-clima\/\",\"url\":\"https:\/\/esclerosismultiplegalicia.org\/index.php\/2026\/03\/26\/esclerose-multiple-e-cambio-climatico-como-influe-o-clima\/\",\"name\":\"Esclerose M\u00faltiple e cambio clim\u00e1tico. \u00bfComo infl\u00fae o clima? - FEGADEM\",\"isPartOf\":{\"@id\":\"https:\/\/esclerosismultiplegalicia.org\/#website\"},\"primaryImageOfPage\":{\"@id\":\"https:\/\/esclerosismultiplegalicia.org\/index.php\/2026\/03\/26\/esclerose-multiple-e-cambio-climatico-como-influe-o-clima\/#primaryimage\"},\"image\":{\"@id\":\"https:\/\/esclerosismultiplegalicia.org\/index.php\/2026\/03\/26\/esclerose-multiple-e-cambio-climatico-como-influe-o-clima\/#primaryimage\"},\"thumbnailUrl\":\"http:\/\/esclerosismultiplegalicia.org\/wp-content\/uploads\/2026\/03\/CLIMA-WEB.png\",\"datePublished\":\"2026-03-26T09:23:30+00:00\",\"dateModified\":\"2026-03-27T09:04:54+00:00\",\"description\":\"Na Esclerose M\u00faltiple, o clima, as temperaturas e o cambio clim\u00e1tico son factores que se deben ter en conta \u00e1 hora xestionar a enfermidade.\",\"breadcrumb\":{\"@id\":\"https:\/\/esclerosismultiplegalicia.org\/index.php\/2026\/03\/26\/esclerose-multiple-e-cambio-climatico-como-influe-o-clima\/#breadcrumb\"},\"inLanguage\":\"gl-ES\",\"potentialAction\":[{\"@type\":\"ReadAction\",\"target\":[\"https:\/\/esclerosismultiplegalicia.org\/index.php\/2026\/03\/26\/esclerose-multiple-e-cambio-climatico-como-influe-o-clima\/\"]}]},{\"@type\":\"ImageObject\",\"inLanguage\":\"gl-ES\",\"@id\":\"https:\/\/esclerosismultiplegalicia.org\/index.php\/2026\/03\/26\/esclerose-multiple-e-cambio-climatico-como-influe-o-clima\/#primaryimage\",\"url\":\"http:\/\/esclerosismultiplegalicia.org\/wp-content\/uploads\/2026\/03\/CLIMA-WEB.png\",\"contentUrl\":\"http:\/\/esclerosismultiplegalicia.org\/wp-content\/uploads\/2026\/03\/CLIMA-WEB.png\",\"width\":1080,\"height\":720},{\"@type\":\"BreadcrumbList\",\"@id\":\"https:\/\/esclerosismultiplegalicia.org\/index.php\/2026\/03\/26\/esclerose-multiple-e-cambio-climatico-como-influe-o-clima\/#breadcrumb\",\"itemListElement\":[{\"@type\":\"ListItem\",\"position\":1,\"name\":\"Inicio\",\"item\":\"https:\/\/esclerosismultiplegalicia.org\/\"},{\"@type\":\"ListItem\",\"position\":2,\"name\":\"Esclerose M\u00faltiple e cambio clim\u00e1tico. \u00bfComo infl\u00fae o clima?\"}]},{\"@type\":\"WebSite\",\"@id\":\"https:\/\/esclerosismultiplegalicia.org\/#website\",\"url\":\"https:\/\/esclerosismultiplegalicia.org\/\",\"name\":\"FEGADEM\",\"description\":\"Traballamos mellorando a calidade de vida das persoas con Esclerose M\u00faltiple en Galicia.\",\"publisher\":{\"@id\":\"https:\/\/esclerosismultiplegalicia.org\/#organization\"},\"potentialAction\":[{\"@type\":\"SearchAction\",\"target\":{\"@type\":\"EntryPoint\",\"urlTemplate\":\"https:\/\/esclerosismultiplegalicia.org\/?s={search_term_string}\"},\"query-input\":{\"@type\":\"PropertyValueSpecification\",\"valueRequired\":true,\"valueName\":\"search_term_string\"}}],\"inLanguage\":\"gl-ES\"},{\"@type\":\"Organization\",\"@id\":\"https:\/\/esclerosismultiplegalicia.org\/#organization\",\"name\":\"FEGADEM (Federaci\u00f3n Galega de Esclerose M\u00faltiple)\",\"url\":\"https:\/\/esclerosismultiplegalicia.org\/\",\"logo\":{\"@type\":\"ImageObject\",\"inLanguage\":\"gl-ES\",\"@id\":\"https:\/\/esclerosismultiplegalicia.org\/#\/schema\/logo\/image\/\",\"url\":\"http:\/\/esclerosismultiplegalicia.org\/wp-content\/uploads\/2025\/05\/cropped-FEGADEM_Imagotipo-scaled-1.png\",\"contentUrl\":\"http:\/\/esclerosismultiplegalicia.org\/wp-content\/uploads\/2025\/05\/cropped-FEGADEM_Imagotipo-scaled-1.png\",\"width\":2558,\"height\":1138,\"caption\":\"FEGADEM (Federaci\u00f3n Galega de Esclerose M\u00faltiple)\"},\"image\":{\"@id\":\"https:\/\/esclerosismultiplegalicia.org\/#\/schema\/logo\/image\/\"},\"sameAs\":[\"https:\/\/www.facebook.com\/esclerosemultiplegal?locale=es_ES\",\"https:\/\/x.com\/fegadem\",\"https:\/\/www.instagram.com\/esclerosemultiplegal\/\",\"https:\/\/www.youtube.com\/@fegademfederaciongalegadee3374\"]},{\"@type\":\"Person\",\"@id\":\"https:\/\/esclerosismultiplegalicia.org\/#\/schema\/person\/6c5800f07aa0462086b750a2df88cfb4\",\"name\":\"admin\",\"image\":{\"@type\":\"ImageObject\",\"inLanguage\":\"gl-ES\",\"@id\":\"https:\/\/esclerosismultiplegalicia.org\/#\/schema\/person\/image\/\",\"url\":\"https:\/\/secure.gravatar.com\/avatar\/6b01f9a90ea05bdd1053be7f0879b99bae6103fa66164176a65e4bd6fee73fba?s=96&d=mm&r=g\",\"contentUrl\":\"https:\/\/secure.gravatar.com\/avatar\/6b01f9a90ea05bdd1053be7f0879b99bae6103fa66164176a65e4bd6fee73fba?s=96&d=mm&r=g\",\"caption\":\"admin\"},\"sameAs\":[\"https:\/\/prueba.esclerosismultiplegalicia.org\"],\"url\":\"http:\/\/esclerosismultiplegalicia.org\/index.php\/author\/admin\/\"}]}<\/script>\n<!-- \/ Yoast SEO plugin. -->","yoast_head_json":{"title":"Esclerose M\u00faltiple e cambio clim\u00e1tico. \u00bfComo infl\u00fae o clima? - FEGADEM","description":"Na Esclerose M\u00faltiple, o clima, as temperaturas e o cambio clim\u00e1tico son factores que se deben ter en conta \u00e1 hora xestionar a enfermidade.","robots":{"index":"index","follow":"follow","max-snippet":"max-snippet:-1","max-image-preview":"max-image-preview:large","max-video-preview":"max-video-preview:-1"},"canonical":"https:\/\/esclerosismultiplegalicia.org\/index.php\/2026\/03\/26\/esclerose-multiple-e-cambio-climatico-como-influe-o-clima\/","og_locale":"gl_ES","og_type":"article","og_title":"Esclerose M\u00faltiple e cambio clim\u00e1tico. \u00bfComo infl\u00fae o clima? - FEGADEM","og_description":"Na Esclerose M\u00faltiple, o clima, as temperaturas e o cambio clim\u00e1tico son factores que se deben ter en conta \u00e1 hora xestionar a enfermidade.","og_url":"https:\/\/esclerosismultiplegalicia.org\/index.php\/2026\/03\/26\/esclerose-multiple-e-cambio-climatico-como-influe-o-clima\/","og_site_name":"FEGADEM","article_publisher":"https:\/\/www.facebook.com\/esclerosemultiplegal?locale=es_ES","article_published_time":"2026-03-26T09:23:30+00:00","article_modified_time":"2026-03-27T09:04:54+00:00","og_image":[{"width":1080,"height":720,"url":"https:\/\/esclerosismultiplegalicia.org\/wp-content\/uploads\/2026\/03\/CLIMA-WEB.png","type":"image\/png"}],"author":"admin","twitter_card":"summary_large_image","twitter_creator":"@fegadem","twitter_site":"@fegadem","twitter_misc":{"Escrito por":"admin","Tempo de lectura":"4 minutos"},"schema":{"@context":"https:\/\/schema.org","@graph":[{"@type":"Article","@id":"https:\/\/esclerosismultiplegalicia.org\/index.php\/2026\/03\/26\/esclerose-multiple-e-cambio-climatico-como-influe-o-clima\/#article","isPartOf":{"@id":"https:\/\/esclerosismultiplegalicia.org\/index.php\/2026\/03\/26\/esclerose-multiple-e-cambio-climatico-como-influe-o-clima\/"},"author":{"name":"admin","@id":"https:\/\/esclerosismultiplegalicia.org\/#\/schema\/person\/6c5800f07aa0462086b750a2df88cfb4"},"headline":"Esclerose M\u00faltiple e cambio clim\u00e1tico. \u00bfComo infl\u00fae o clima?","datePublished":"2026-03-26T09:23:30+00:00","dateModified":"2026-03-27T09:04:54+00:00","mainEntityOfPage":{"@id":"https:\/\/esclerosismultiplegalicia.org\/index.php\/2026\/03\/26\/esclerose-multiple-e-cambio-climatico-como-influe-o-clima\/"},"wordCount":776,"publisher":{"@id":"https:\/\/esclerosismultiplegalicia.org\/#organization"},"image":{"@id":"https:\/\/esclerosismultiplegalicia.org\/index.php\/2026\/03\/26\/esclerose-multiple-e-cambio-climatico-como-influe-o-clima\/#primaryimage"},"thumbnailUrl":"http:\/\/esclerosismultiplegalicia.org\/wp-content\/uploads\/2026\/03\/CLIMA-WEB.png","articleSection":["Novas"],"inLanguage":"gl-ES"},{"@type":"WebPage","@id":"https:\/\/esclerosismultiplegalicia.org\/index.php\/2026\/03\/26\/esclerose-multiple-e-cambio-climatico-como-influe-o-clima\/","url":"https:\/\/esclerosismultiplegalicia.org\/index.php\/2026\/03\/26\/esclerose-multiple-e-cambio-climatico-como-influe-o-clima\/","name":"Esclerose M\u00faltiple e cambio clim\u00e1tico. \u00bfComo infl\u00fae o clima? - FEGADEM","isPartOf":{"@id":"https:\/\/esclerosismultiplegalicia.org\/#website"},"primaryImageOfPage":{"@id":"https:\/\/esclerosismultiplegalicia.org\/index.php\/2026\/03\/26\/esclerose-multiple-e-cambio-climatico-como-influe-o-clima\/#primaryimage"},"image":{"@id":"https:\/\/esclerosismultiplegalicia.org\/index.php\/2026\/03\/26\/esclerose-multiple-e-cambio-climatico-como-influe-o-clima\/#primaryimage"},"thumbnailUrl":"http:\/\/esclerosismultiplegalicia.org\/wp-content\/uploads\/2026\/03\/CLIMA-WEB.png","datePublished":"2026-03-26T09:23:30+00:00","dateModified":"2026-03-27T09:04:54+00:00","description":"Na Esclerose M\u00faltiple, o clima, as temperaturas e o cambio clim\u00e1tico son factores que se deben ter en conta \u00e1 hora xestionar a enfermidade.","breadcrumb":{"@id":"https:\/\/esclerosismultiplegalicia.org\/index.php\/2026\/03\/26\/esclerose-multiple-e-cambio-climatico-como-influe-o-clima\/#breadcrumb"},"inLanguage":"gl-ES","potentialAction":[{"@type":"ReadAction","target":["https:\/\/esclerosismultiplegalicia.org\/index.php\/2026\/03\/26\/esclerose-multiple-e-cambio-climatico-como-influe-o-clima\/"]}]},{"@type":"ImageObject","inLanguage":"gl-ES","@id":"https:\/\/esclerosismultiplegalicia.org\/index.php\/2026\/03\/26\/esclerose-multiple-e-cambio-climatico-como-influe-o-clima\/#primaryimage","url":"http:\/\/esclerosismultiplegalicia.org\/wp-content\/uploads\/2026\/03\/CLIMA-WEB.png","contentUrl":"http:\/\/esclerosismultiplegalicia.org\/wp-content\/uploads\/2026\/03\/CLIMA-WEB.png","width":1080,"height":720},{"@type":"BreadcrumbList","@id":"https:\/\/esclerosismultiplegalicia.org\/index.php\/2026\/03\/26\/esclerose-multiple-e-cambio-climatico-como-influe-o-clima\/#breadcrumb","itemListElement":[{"@type":"ListItem","position":1,"name":"Inicio","item":"https:\/\/esclerosismultiplegalicia.org\/"},{"@type":"ListItem","position":2,"name":"Esclerose M\u00faltiple e cambio clim\u00e1tico. \u00bfComo infl\u00fae o clima?"}]},{"@type":"WebSite","@id":"https:\/\/esclerosismultiplegalicia.org\/#website","url":"https:\/\/esclerosismultiplegalicia.org\/","name":"FEGADEM","description":"Traballamos mellorando a calidade de vida das persoas con Esclerose M\u00faltiple en Galicia.","publisher":{"@id":"https:\/\/esclerosismultiplegalicia.org\/#organization"},"potentialAction":[{"@type":"SearchAction","target":{"@type":"EntryPoint","urlTemplate":"https:\/\/esclerosismultiplegalicia.org\/?s={search_term_string}"},"query-input":{"@type":"PropertyValueSpecification","valueRequired":true,"valueName":"search_term_string"}}],"inLanguage":"gl-ES"},{"@type":"Organization","@id":"https:\/\/esclerosismultiplegalicia.org\/#organization","name":"FEGADEM (Federaci\u00f3n Galega de Esclerose M\u00faltiple)","url":"https:\/\/esclerosismultiplegalicia.org\/","logo":{"@type":"ImageObject","inLanguage":"gl-ES","@id":"https:\/\/esclerosismultiplegalicia.org\/#\/schema\/logo\/image\/","url":"http:\/\/esclerosismultiplegalicia.org\/wp-content\/uploads\/2025\/05\/cropped-FEGADEM_Imagotipo-scaled-1.png","contentUrl":"http:\/\/esclerosismultiplegalicia.org\/wp-content\/uploads\/2025\/05\/cropped-FEGADEM_Imagotipo-scaled-1.png","width":2558,"height":1138,"caption":"FEGADEM (Federaci\u00f3n Galega de Esclerose M\u00faltiple)"},"image":{"@id":"https:\/\/esclerosismultiplegalicia.org\/#\/schema\/logo\/image\/"},"sameAs":["https:\/\/www.facebook.com\/esclerosemultiplegal?locale=es_ES","https:\/\/x.com\/fegadem","https:\/\/www.instagram.com\/esclerosemultiplegal\/","https:\/\/www.youtube.com\/@fegademfederaciongalegadee3374"]},{"@type":"Person","@id":"https:\/\/esclerosismultiplegalicia.org\/#\/schema\/person\/6c5800f07aa0462086b750a2df88cfb4","name":"admin","image":{"@type":"ImageObject","inLanguage":"gl-ES","@id":"https:\/\/esclerosismultiplegalicia.org\/#\/schema\/person\/image\/","url":"https:\/\/secure.gravatar.com\/avatar\/6b01f9a90ea05bdd1053be7f0879b99bae6103fa66164176a65e4bd6fee73fba?s=96&d=mm&r=g","contentUrl":"https:\/\/secure.gravatar.com\/avatar\/6b01f9a90ea05bdd1053be7f0879b99bae6103fa66164176a65e4bd6fee73fba?s=96&d=mm&r=g","caption":"admin"},"sameAs":["https:\/\/prueba.esclerosismultiplegalicia.org"],"url":"http:\/\/esclerosismultiplegalicia.org\/index.php\/author\/admin\/"}]}},"_links":{"self":[{"href":"http:\/\/esclerosismultiplegalicia.org\/index.php\/wp-json\/wp\/v2\/posts\/5159","targetHints":{"allow":["GET"]}}],"collection":[{"href":"http:\/\/esclerosismultiplegalicia.org\/index.php\/wp-json\/wp\/v2\/posts"}],"about":[{"href":"http:\/\/esclerosismultiplegalicia.org\/index.php\/wp-json\/wp\/v2\/types\/post"}],"author":[{"embeddable":true,"href":"http:\/\/esclerosismultiplegalicia.org\/index.php\/wp-json\/wp\/v2\/users\/1"}],"replies":[{"embeddable":true,"href":"http:\/\/esclerosismultiplegalicia.org\/index.php\/wp-json\/wp\/v2\/comments?post=5159"}],"version-history":[{"count":1,"href":"http:\/\/esclerosismultiplegalicia.org\/index.php\/wp-json\/wp\/v2\/posts\/5159\/revisions"}],"predecessor-version":[{"id":5161,"href":"http:\/\/esclerosismultiplegalicia.org\/index.php\/wp-json\/wp\/v2\/posts\/5159\/revisions\/5161"}],"wp:featuredmedia":[{"embeddable":true,"href":"http:\/\/esclerosismultiplegalicia.org\/index.php\/wp-json\/wp\/v2\/media\/5160"}],"wp:attachment":[{"href":"http:\/\/esclerosismultiplegalicia.org\/index.php\/wp-json\/wp\/v2\/media?parent=5159"}],"wp:term":[{"taxonomy":"category","embeddable":true,"href":"http:\/\/esclerosismultiplegalicia.org\/index.php\/wp-json\/wp\/v2\/categories?post=5159"},{"taxonomy":"post_tag","embeddable":true,"href":"http:\/\/esclerosismultiplegalicia.org\/index.php\/wp-json\/wp\/v2\/tags?post=5159"}],"curies":[{"name":"wp","href":"https:\/\/api.w.org\/{rel}","templated":true}]}}