{"id":5145,"date":"2026-03-24T12:51:54","date_gmt":"2026-03-24T11:51:54","guid":{"rendered":"https:\/\/esclerosismultiplegalicia.org\/?p=5145"},"modified":"2026-03-24T12:52:42","modified_gmt":"2026-03-24T11:52:42","slug":"galicia-reforza-o-seu-liderado-no-tratamento-da-esclerose-multiple","status":"publish","type":"post","link":"http:\/\/esclerosismultiplegalicia.org\/index.php\/2026\/03\/24\/galicia-reforza-o-seu-liderado-no-tratamento-da-esclerose-multiple\/","title":{"rendered":"Galicia reforza o seu liderado no tratamento da Esclerose M\u00faltiple"},"content":{"rendered":"\n<p>Galicia consol\u00eddase como referente asistencial e investigador sobre a <strong><a href=\"https:\/\/esclerosismultiplegalicia.org\/index.php\/que-e-a-em\/\">Esclerose M\u00faltiple (EM)<\/a><\/strong>. Isto \u00e9 grazas, en parte, ao traballo do <strong><a href=\"https:\/\/xxivigo.sergas.gal\/Paxinas\/web.aspx\">CHUVI <\/a><\/strong>(Complexo Hospitalario Universitario de Vigo). Este fai seguimento a arredor de <strong>900 persoas<\/strong> con esta enfermidade, dando unha resposta de calidade e coordinada. Tam\u00e9n o <strong><a href=\"https:\/\/xxisantiago.sergas.es\/Paxinas\/web.aspx?tipo=paxtab&amp;idLista=3&amp;idContido=183&amp;migtab=174%3B183&amp;idioma=es\">CHUS <\/a><\/strong>(Hospital Cl\u00ednico Universitario de Santiago) ten Unidade de EM, coa que atende a m\u00e1is de <strong>920 persoas<\/strong>.<\/p>\n\n\n\n<h3 class=\"wp-block-heading\">Un ecosistema asistencial s\u00f3lido en Galicia<\/h3>\n\n\n\n<p>A <strong>Unidade de EM<\/strong> do CHUVI, integrada no servizo de <strong>neurolox\u00eda<\/strong>, ten un enfoque multidisciplinar que implica \u00e1reas como farmacia, radiolox\u00eda, oftalmolox\u00eda, urolox\u00eda, rehabilitaci\u00f3n, hematolox\u00eda e an\u00e1lises cl\u00ednicas. Este modelo garante unha atenci\u00f3n integral e centrada na persoa.<\/p>\n\n\n\n<p>O equipo est\u00e1 formado por profesionais especializados\/as, entre elas as neur\u00f3logas Marta Aguado, In\u00e9s Gonz\u00e1lez e Elena \u00c1lvarez. Est\u00e1 reforzado con perf\u00eds de investigaci\u00f3n, neuropsicolox\u00eda e coordinaci\u00f3n de ensaios cl\u00ednicos. Isto permite combinar a pr\u00e1ctica cl\u00ednica coa innovaci\u00f3n.<\/p>\n\n\n\n<p>No <strong>CHUS<\/strong> contan tam\u00e9n cunha Unidade de EM. Esta \u00e9 un centro de referencia nacional. No 2023, atend\u00eda a unhas 925 persoas, diagnosticando ao ano a unha media de  23 novos casos. Ten un equipo multidisciplinar que ofrece seguimento \u00e1s persoas, ademais de desenvolver investigaci\u00f3n arredor desta enfermidade. <\/p>\n\n\n\n<p>No seu equipo, integrado na \u00e1rea de <strong>neurolox\u00eda<\/strong>, conta con traballo tam\u00e9n nas \u00e1reas de rehabilitaci\u00f3n, urolox\u00eda, xinecolox\u00eda, oftalmolox\u00eda, radiodagn\u00f3stico&#8230; Tam\u00e9n act\u00faa con outros dispositivos asistenciais para garantir a continuidade asistencial, como coa atenci\u00f3n primaria, a atenci\u00f3n especializada ambulatoria ou os hospitais comarcais.<\/p>\n\n\n\n<h3 class=\"wp-block-heading\">Formaci\u00f3n continua e innovaci\u00f3n<\/h3>\n\n\n\n<p>O <strong>Hospital \u00c1lvaro Cunqueiro<\/strong> acolleu recentemente a segunda edici\u00f3n dun <strong>curso especializado<\/strong> que reuniu a medio cento de neur\u00f3logos e neur\u00f3logas de Galicia, Asturias e Le\u00f3n. Neste encontro falouse sobre:<\/p>\n\n\n\n<ul class=\"wp-block-list\">\n<li><strong>Biomarcadores <\/strong>de \u00faltima xeraci\u00f3n<\/li>\n\n\n\n<li>Novas t\u00e9cnicas de <strong>resonancia <\/strong>magn\u00e9tica<\/li>\n\n\n\n<li>Sistemas de <strong>monitorizaci\u00f3n <\/strong>da actividade da enfermidade<\/li>\n\n\n\n<li>Estratexias de <strong>personalizaci\u00f3n <\/strong>terap\u00e9utica<\/li>\n<\/ul>\n\n\n\n<p>Os e as profesionais sanitarios\/as actual\u00edzanse a trav\u00e9s destes cursos e encontros, o que permite a mellor toma de decisi\u00f3ns cl\u00ednicas nun contexto no que &#8220;non hai certezas&#8221;.<\/p>\n\n\n\n<h3 class=\"wp-block-heading\">Diagn\u00f3stico precoz e mellora do progn\u00f3stico<\/h3>\n\n\n\n<p>Un dos avances m\u00e1is relevantes en Galicia \u00e9 o diagn\u00f3stico cada vez m\u00e1is temper\u00e1n. Grazas \u00e1 maior sensibilizaci\u00f3n da atenci\u00f3n primaria, \u00e1 implicaci\u00f3n das asociaci\u00f3ns de pacientes e \u00e1 formaci\u00f3n dos e as especialistas, red\u00facense os tempos de detecci\u00f3n.<\/p>\n\n\n\n<p>Isto \u00e9 determinante, xa que iniciar o tratamento canto antes pode evitar en parte o dano cerebral e diminu\u00edr o risco de discapacidade a longo prazo.<\/p>\n\n\n\n<h3 class=\"wp-block-heading\">Acceso a tratamentos avanzados e investigaci\u00f3n<\/h3>\n\n\n\n<p>O CHUVI e o CHUS dispo\u00f1en de todo o arsenal terap\u00e9utico dispo\u00f1ible na actualidade, inclu\u00edndo opci\u00f3ns de alta eficacia e procedementos como o transplante de medula \u00f3sea, reservado para casos nos que outras alternativas non funcionan.<\/p>\n\n\n\n<p>En Galicia realiz\u00e1ronse xa tres transplantes deste tipo en persoas con EM, dous deles no Hospital \u00c1lvaro Cunqueiro. Ademais, existen grandes expectativas en torno \u00e1s terapias CAR-T, actualmente en fase de ensaio cl\u00ednico.<\/p>\n\n\n\n<h3 class=\"wp-block-heading\">Unha enfermidade complexa que require respostas coordinadas<\/h3>\n\n\n\n<p>A EM \u00e9 unha enfermidade inflamatoria, autoinmune e neurodexenerativa que afecta principalmente a persoas novas, entre os 20 e os 40 anos, cun maior impacto en mulleres. Co\u00f1ecida como \u201ca enfermidade das mil caras\u201d, presenta s\u00edntomas moi diversos e segue sen ter cura.<\/p>\n\n\n\n<p>Non obstante, os avances terap\u00e9uticos permiten hoxe controlar mellor a evoluci\u00f3n da enfermidade e mellorar a calidade de vida das persoas que conviven con ela.<\/p>\n\n\n\n<h3 class=\"wp-block-heading\">Galicia, un modelo a seguir<\/h3>\n\n\n\n<p>O traballo desenvolvido no CHUVI e no CHUS sit\u00faa a Galicia nunha posici\u00f3n destacada na abordaxe da EM a nivel estatal. A combinaci\u00f3n da asistencia de calidade, a investigaci\u00f3n activa e a formaci\u00f3n continua \u00e9 a base dun modelo que pon no centro \u00e1s persoas e aposta pola mellora constante.<\/p>\n\n\n\n<p>Para o movemento asociativo galego, este contexto sup\u00f3n unha oportunidade estrat\u00e9xica para seguir reforzando a sensibilizaci\u00f3n social, a defensa de dereitos e a colaboraci\u00f3n co sistema sanitario.<\/p>\n\n\n\n<h3 class=\"wp-block-heading\">Fontes:<\/h3>\n\n\n\n<p><a href=\"https:\/\/www.elcorreogallego.es\/santiago\/2023\/07\/17\/unidad-esclerosis-multiple-chus-primera-89996323.html\">https:\/\/www.elcorreogallego.es\/santiago\/2023\/07\/17\/unidad-esclerosis-multiple-chus-primera-89996323.html<\/a><\/p>\n\n\n\n<p><a href=\"https:\/\/www.atlantico.net\/vigo\/unidad-esclerosis-multiple-seguimiento-900_1_20260223-4172756.html\">https:\/\/www.atlantico.net\/vigo\/unidad-esclerosis-multiple-seguimiento-900_1_20260223-4172756.html<\/a><\/p>\n","protected":false},"excerpt":{"rendered":"<p>Galicia consol\u00eddase como referente asistencial e investigador sobre a Esclerose&hellip; <a class=\"continue\" href=\"http:\/\/esclerosismultiplegalicia.org\/index.php\/2026\/03\/24\/galicia-reforza-o-seu-liderado-no-tratamento-da-esclerose-multiple\/\">Ler m\u00e1is sobre<span> Galicia reforza o seu liderado no tratamento da Esclerose M\u00faltiple<\/span><\/a><\/p>\n","protected":false},"author":1,"featured_media":4289,"comment_status":"closed","ping_status":"closed","sticky":false,"template":"","format":"standard","meta":{"_kad_post_transparent":"","_kad_post_title":"","_kad_post_layout":"","_kad_post_sidebar_id":"","_kad_post_content_style":"","_kad_post_vertical_padding":"","_kad_post_feature":"","_kad_post_feature_position":"","_kad_post_header":false,"_kad_post_footer":false,"footnotes":""},"categories":[103],"tags":[102],"class_list":["post-5145","post","type-post","status-publish","format-standard","has-post-thumbnail","hentry","category-novas","tag-investigacion"],"yoast_head":"<!-- This site is optimized with the Yoast SEO plugin v26.1.1 - https:\/\/yoast.com\/wordpress\/plugins\/seo\/ -->\n<title>Galicia reforza o seu liderado no tratamento da Esclerose M\u00faltiple - FEGADEM<\/title>\n<meta name=\"description\" content=\"Galicia sit\u00faase como centro no tratamento da Esclerose M\u00faltiple (EM), grazas \u00e1 innovaci\u00f3n e \u00e1 investigaci\u00f3n.\" \/>\n<meta name=\"robots\" content=\"index, follow, max-snippet:-1, max-image-preview:large, max-video-preview:-1\" \/>\n<link rel=\"canonical\" href=\"https:\/\/esclerosismultiplegalicia.org\/index.php\/2026\/03\/24\/galicia-reforza-o-seu-liderado-no-tratamento-da-esclerose-multiple\/\" \/>\n<meta property=\"og:locale\" content=\"gl_ES\" \/>\n<meta property=\"og:type\" content=\"article\" \/>\n<meta property=\"og:title\" content=\"Galicia reforza o seu liderado no tratamento da Esclerose M\u00faltiple - FEGADEM\" \/>\n<meta property=\"og:description\" content=\"Galicia sit\u00faase como centro no tratamento da Esclerose M\u00faltiple (EM), grazas \u00e1 innovaci\u00f3n e \u00e1 investigaci\u00f3n.\" \/>\n<meta property=\"og:url\" content=\"https:\/\/esclerosismultiplegalicia.org\/index.php\/2026\/03\/24\/galicia-reforza-o-seu-liderado-no-tratamento-da-esclerose-multiple\/\" \/>\n<meta property=\"og:site_name\" content=\"FEGADEM\" \/>\n<meta property=\"article:publisher\" content=\"https:\/\/www.facebook.com\/esclerosemultiplegal?locale=es_ES\" \/>\n<meta property=\"article:published_time\" content=\"2026-03-24T11:51:54+00:00\" \/>\n<meta property=\"article:modified_time\" content=\"2026-03-24T11:52:42+00:00\" \/>\n<meta property=\"og:image\" content=\"https:\/\/esclerosismultiplegalicia.org\/wp-content\/uploads\/2025\/11\/analise-sangue-web.png\" \/>\n\t<meta property=\"og:image:width\" content=\"1080\" \/>\n\t<meta property=\"og:image:height\" content=\"720\" \/>\n\t<meta property=\"og:image:type\" content=\"image\/png\" \/>\n<meta name=\"author\" content=\"admin\" \/>\n<meta name=\"twitter:card\" content=\"summary_large_image\" \/>\n<meta name=\"twitter:creator\" content=\"@fegadem\" \/>\n<meta name=\"twitter:site\" content=\"@fegadem\" \/>\n<meta name=\"twitter:label1\" content=\"Escrito por\" \/>\n\t<meta name=\"twitter:data1\" content=\"admin\" \/>\n\t<meta name=\"twitter:label2\" content=\"Tempo de lectura\" \/>\n\t<meta name=\"twitter:data2\" content=\"4 minutos\" \/>\n<script type=\"application\/ld+json\" class=\"yoast-schema-graph\">{\"@context\":\"https:\/\/schema.org\",\"@graph\":[{\"@type\":\"Article\",\"@id\":\"https:\/\/esclerosismultiplegalicia.org\/index.php\/2026\/03\/24\/galicia-reforza-o-seu-liderado-no-tratamento-da-esclerose-multiple\/#article\",\"isPartOf\":{\"@id\":\"https:\/\/esclerosismultiplegalicia.org\/index.php\/2026\/03\/24\/galicia-reforza-o-seu-liderado-no-tratamento-da-esclerose-multiple\/\"},\"author\":{\"name\":\"admin\",\"@id\":\"https:\/\/esclerosismultiplegalicia.org\/#\/schema\/person\/6c5800f07aa0462086b750a2df88cfb4\"},\"headline\":\"Galicia reforza o seu liderado no tratamento da Esclerose M\u00faltiple\",\"datePublished\":\"2026-03-24T11:51:54+00:00\",\"dateModified\":\"2026-03-24T11:52:42+00:00\",\"mainEntityOfPage\":{\"@id\":\"https:\/\/esclerosismultiplegalicia.org\/index.php\/2026\/03\/24\/galicia-reforza-o-seu-liderado-no-tratamento-da-esclerose-multiple\/\"},\"wordCount\":726,\"publisher\":{\"@id\":\"https:\/\/esclerosismultiplegalicia.org\/#organization\"},\"image\":{\"@id\":\"https:\/\/esclerosismultiplegalicia.org\/index.php\/2026\/03\/24\/galicia-reforza-o-seu-liderado-no-tratamento-da-esclerose-multiple\/#primaryimage\"},\"thumbnailUrl\":\"http:\/\/esclerosismultiplegalicia.org\/wp-content\/uploads\/2025\/11\/analise-sangue-web.png\",\"keywords\":[\"Investigaci\u00f3n\"],\"articleSection\":[\"Novas\"],\"inLanguage\":\"gl-ES\"},{\"@type\":\"WebPage\",\"@id\":\"https:\/\/esclerosismultiplegalicia.org\/index.php\/2026\/03\/24\/galicia-reforza-o-seu-liderado-no-tratamento-da-esclerose-multiple\/\",\"url\":\"https:\/\/esclerosismultiplegalicia.org\/index.php\/2026\/03\/24\/galicia-reforza-o-seu-liderado-no-tratamento-da-esclerose-multiple\/\",\"name\":\"Galicia reforza o seu liderado no tratamento da Esclerose M\u00faltiple - FEGADEM\",\"isPartOf\":{\"@id\":\"https:\/\/esclerosismultiplegalicia.org\/#website\"},\"primaryImageOfPage\":{\"@id\":\"https:\/\/esclerosismultiplegalicia.org\/index.php\/2026\/03\/24\/galicia-reforza-o-seu-liderado-no-tratamento-da-esclerose-multiple\/#primaryimage\"},\"image\":{\"@id\":\"https:\/\/esclerosismultiplegalicia.org\/index.php\/2026\/03\/24\/galicia-reforza-o-seu-liderado-no-tratamento-da-esclerose-multiple\/#primaryimage\"},\"thumbnailUrl\":\"http:\/\/esclerosismultiplegalicia.org\/wp-content\/uploads\/2025\/11\/analise-sangue-web.png\",\"datePublished\":\"2026-03-24T11:51:54+00:00\",\"dateModified\":\"2026-03-24T11:52:42+00:00\",\"description\":\"Galicia sit\u00faase como centro no tratamento da Esclerose M\u00faltiple (EM), grazas \u00e1 innovaci\u00f3n e \u00e1 investigaci\u00f3n.\",\"breadcrumb\":{\"@id\":\"https:\/\/esclerosismultiplegalicia.org\/index.php\/2026\/03\/24\/galicia-reforza-o-seu-liderado-no-tratamento-da-esclerose-multiple\/#breadcrumb\"},\"inLanguage\":\"gl-ES\",\"potentialAction\":[{\"@type\":\"ReadAction\",\"target\":[\"https:\/\/esclerosismultiplegalicia.org\/index.php\/2026\/03\/24\/galicia-reforza-o-seu-liderado-no-tratamento-da-esclerose-multiple\/\"]}]},{\"@type\":\"ImageObject\",\"inLanguage\":\"gl-ES\",\"@id\":\"https:\/\/esclerosismultiplegalicia.org\/index.php\/2026\/03\/24\/galicia-reforza-o-seu-liderado-no-tratamento-da-esclerose-multiple\/#primaryimage\",\"url\":\"http:\/\/esclerosismultiplegalicia.org\/wp-content\/uploads\/2025\/11\/analise-sangue-web.png\",\"contentUrl\":\"http:\/\/esclerosismultiplegalicia.org\/wp-content\/uploads\/2025\/11\/analise-sangue-web.png\",\"width\":1080,\"height\":720},{\"@type\":\"BreadcrumbList\",\"@id\":\"https:\/\/esclerosismultiplegalicia.org\/index.php\/2026\/03\/24\/galicia-reforza-o-seu-liderado-no-tratamento-da-esclerose-multiple\/#breadcrumb\",\"itemListElement\":[{\"@type\":\"ListItem\",\"position\":1,\"name\":\"Inicio\",\"item\":\"https:\/\/esclerosismultiplegalicia.org\/\"},{\"@type\":\"ListItem\",\"position\":2,\"name\":\"Galicia reforza o seu liderado no tratamento da Esclerose M\u00faltiple\"}]},{\"@type\":\"WebSite\",\"@id\":\"https:\/\/esclerosismultiplegalicia.org\/#website\",\"url\":\"https:\/\/esclerosismultiplegalicia.org\/\",\"name\":\"FEGADEM\",\"description\":\"Traballamos mellorando a calidade de vida das persoas con Esclerose M\u00faltiple en Galicia.\",\"publisher\":{\"@id\":\"https:\/\/esclerosismultiplegalicia.org\/#organization\"},\"potentialAction\":[{\"@type\":\"SearchAction\",\"target\":{\"@type\":\"EntryPoint\",\"urlTemplate\":\"https:\/\/esclerosismultiplegalicia.org\/?s={search_term_string}\"},\"query-input\":{\"@type\":\"PropertyValueSpecification\",\"valueRequired\":true,\"valueName\":\"search_term_string\"}}],\"inLanguage\":\"gl-ES\"},{\"@type\":\"Organization\",\"@id\":\"https:\/\/esclerosismultiplegalicia.org\/#organization\",\"name\":\"FEGADEM (Federaci\u00f3n Galega de Esclerose M\u00faltiple)\",\"url\":\"https:\/\/esclerosismultiplegalicia.org\/\",\"logo\":{\"@type\":\"ImageObject\",\"inLanguage\":\"gl-ES\",\"@id\":\"https:\/\/esclerosismultiplegalicia.org\/#\/schema\/logo\/image\/\",\"url\":\"http:\/\/esclerosismultiplegalicia.org\/wp-content\/uploads\/2025\/05\/cropped-FEGADEM_Imagotipo-scaled-1.png\",\"contentUrl\":\"http:\/\/esclerosismultiplegalicia.org\/wp-content\/uploads\/2025\/05\/cropped-FEGADEM_Imagotipo-scaled-1.png\",\"width\":2558,\"height\":1138,\"caption\":\"FEGADEM (Federaci\u00f3n Galega de Esclerose M\u00faltiple)\"},\"image\":{\"@id\":\"https:\/\/esclerosismultiplegalicia.org\/#\/schema\/logo\/image\/\"},\"sameAs\":[\"https:\/\/www.facebook.com\/esclerosemultiplegal?locale=es_ES\",\"https:\/\/x.com\/fegadem\",\"https:\/\/www.instagram.com\/esclerosemultiplegal\/\",\"https:\/\/www.youtube.com\/@fegademfederaciongalegadee3374\"]},{\"@type\":\"Person\",\"@id\":\"https:\/\/esclerosismultiplegalicia.org\/#\/schema\/person\/6c5800f07aa0462086b750a2df88cfb4\",\"name\":\"admin\",\"image\":{\"@type\":\"ImageObject\",\"inLanguage\":\"gl-ES\",\"@id\":\"https:\/\/esclerosismultiplegalicia.org\/#\/schema\/person\/image\/\",\"url\":\"https:\/\/secure.gravatar.com\/avatar\/6b01f9a90ea05bdd1053be7f0879b99bae6103fa66164176a65e4bd6fee73fba?s=96&d=mm&r=g\",\"contentUrl\":\"https:\/\/secure.gravatar.com\/avatar\/6b01f9a90ea05bdd1053be7f0879b99bae6103fa66164176a65e4bd6fee73fba?s=96&d=mm&r=g\",\"caption\":\"admin\"},\"sameAs\":[\"https:\/\/prueba.esclerosismultiplegalicia.org\"],\"url\":\"http:\/\/esclerosismultiplegalicia.org\/index.php\/author\/admin\/\"}]}<\/script>\n<!-- \/ Yoast SEO plugin. -->","yoast_head_json":{"title":"Galicia reforza o seu liderado no tratamento da Esclerose M\u00faltiple - FEGADEM","description":"Galicia sit\u00faase como centro no tratamento da Esclerose M\u00faltiple (EM), grazas \u00e1 innovaci\u00f3n e \u00e1 investigaci\u00f3n.","robots":{"index":"index","follow":"follow","max-snippet":"max-snippet:-1","max-image-preview":"max-image-preview:large","max-video-preview":"max-video-preview:-1"},"canonical":"https:\/\/esclerosismultiplegalicia.org\/index.php\/2026\/03\/24\/galicia-reforza-o-seu-liderado-no-tratamento-da-esclerose-multiple\/","og_locale":"gl_ES","og_type":"article","og_title":"Galicia reforza o seu liderado no tratamento da Esclerose M\u00faltiple - FEGADEM","og_description":"Galicia sit\u00faase como centro no tratamento da Esclerose M\u00faltiple (EM), grazas \u00e1 innovaci\u00f3n e \u00e1 investigaci\u00f3n.","og_url":"https:\/\/esclerosismultiplegalicia.org\/index.php\/2026\/03\/24\/galicia-reforza-o-seu-liderado-no-tratamento-da-esclerose-multiple\/","og_site_name":"FEGADEM","article_publisher":"https:\/\/www.facebook.com\/esclerosemultiplegal?locale=es_ES","article_published_time":"2026-03-24T11:51:54+00:00","article_modified_time":"2026-03-24T11:52:42+00:00","og_image":[{"width":1080,"height":720,"url":"https:\/\/esclerosismultiplegalicia.org\/wp-content\/uploads\/2025\/11\/analise-sangue-web.png","type":"image\/png"}],"author":"admin","twitter_card":"summary_large_image","twitter_creator":"@fegadem","twitter_site":"@fegadem","twitter_misc":{"Escrito por":"admin","Tempo de lectura":"4 minutos"},"schema":{"@context":"https:\/\/schema.org","@graph":[{"@type":"Article","@id":"https:\/\/esclerosismultiplegalicia.org\/index.php\/2026\/03\/24\/galicia-reforza-o-seu-liderado-no-tratamento-da-esclerose-multiple\/#article","isPartOf":{"@id":"https:\/\/esclerosismultiplegalicia.org\/index.php\/2026\/03\/24\/galicia-reforza-o-seu-liderado-no-tratamento-da-esclerose-multiple\/"},"author":{"name":"admin","@id":"https:\/\/esclerosismultiplegalicia.org\/#\/schema\/person\/6c5800f07aa0462086b750a2df88cfb4"},"headline":"Galicia reforza o seu liderado no tratamento da Esclerose M\u00faltiple","datePublished":"2026-03-24T11:51:54+00:00","dateModified":"2026-03-24T11:52:42+00:00","mainEntityOfPage":{"@id":"https:\/\/esclerosismultiplegalicia.org\/index.php\/2026\/03\/24\/galicia-reforza-o-seu-liderado-no-tratamento-da-esclerose-multiple\/"},"wordCount":726,"publisher":{"@id":"https:\/\/esclerosismultiplegalicia.org\/#organization"},"image":{"@id":"https:\/\/esclerosismultiplegalicia.org\/index.php\/2026\/03\/24\/galicia-reforza-o-seu-liderado-no-tratamento-da-esclerose-multiple\/#primaryimage"},"thumbnailUrl":"http:\/\/esclerosismultiplegalicia.org\/wp-content\/uploads\/2025\/11\/analise-sangue-web.png","keywords":["Investigaci\u00f3n"],"articleSection":["Novas"],"inLanguage":"gl-ES"},{"@type":"WebPage","@id":"https:\/\/esclerosismultiplegalicia.org\/index.php\/2026\/03\/24\/galicia-reforza-o-seu-liderado-no-tratamento-da-esclerose-multiple\/","url":"https:\/\/esclerosismultiplegalicia.org\/index.php\/2026\/03\/24\/galicia-reforza-o-seu-liderado-no-tratamento-da-esclerose-multiple\/","name":"Galicia reforza o seu liderado no tratamento da Esclerose M\u00faltiple - FEGADEM","isPartOf":{"@id":"https:\/\/esclerosismultiplegalicia.org\/#website"},"primaryImageOfPage":{"@id":"https:\/\/esclerosismultiplegalicia.org\/index.php\/2026\/03\/24\/galicia-reforza-o-seu-liderado-no-tratamento-da-esclerose-multiple\/#primaryimage"},"image":{"@id":"https:\/\/esclerosismultiplegalicia.org\/index.php\/2026\/03\/24\/galicia-reforza-o-seu-liderado-no-tratamento-da-esclerose-multiple\/#primaryimage"},"thumbnailUrl":"http:\/\/esclerosismultiplegalicia.org\/wp-content\/uploads\/2025\/11\/analise-sangue-web.png","datePublished":"2026-03-24T11:51:54+00:00","dateModified":"2026-03-24T11:52:42+00:00","description":"Galicia sit\u00faase como centro no tratamento da Esclerose M\u00faltiple (EM), grazas \u00e1 innovaci\u00f3n e \u00e1 investigaci\u00f3n.","breadcrumb":{"@id":"https:\/\/esclerosismultiplegalicia.org\/index.php\/2026\/03\/24\/galicia-reforza-o-seu-liderado-no-tratamento-da-esclerose-multiple\/#breadcrumb"},"inLanguage":"gl-ES","potentialAction":[{"@type":"ReadAction","target":["https:\/\/esclerosismultiplegalicia.org\/index.php\/2026\/03\/24\/galicia-reforza-o-seu-liderado-no-tratamento-da-esclerose-multiple\/"]}]},{"@type":"ImageObject","inLanguage":"gl-ES","@id":"https:\/\/esclerosismultiplegalicia.org\/index.php\/2026\/03\/24\/galicia-reforza-o-seu-liderado-no-tratamento-da-esclerose-multiple\/#primaryimage","url":"http:\/\/esclerosismultiplegalicia.org\/wp-content\/uploads\/2025\/11\/analise-sangue-web.png","contentUrl":"http:\/\/esclerosismultiplegalicia.org\/wp-content\/uploads\/2025\/11\/analise-sangue-web.png","width":1080,"height":720},{"@type":"BreadcrumbList","@id":"https:\/\/esclerosismultiplegalicia.org\/index.php\/2026\/03\/24\/galicia-reforza-o-seu-liderado-no-tratamento-da-esclerose-multiple\/#breadcrumb","itemListElement":[{"@type":"ListItem","position":1,"name":"Inicio","item":"https:\/\/esclerosismultiplegalicia.org\/"},{"@type":"ListItem","position":2,"name":"Galicia reforza o seu liderado no tratamento da Esclerose M\u00faltiple"}]},{"@type":"WebSite","@id":"https:\/\/esclerosismultiplegalicia.org\/#website","url":"https:\/\/esclerosismultiplegalicia.org\/","name":"FEGADEM","description":"Traballamos mellorando a calidade de vida das persoas con Esclerose M\u00faltiple en Galicia.","publisher":{"@id":"https:\/\/esclerosismultiplegalicia.org\/#organization"},"potentialAction":[{"@type":"SearchAction","target":{"@type":"EntryPoint","urlTemplate":"https:\/\/esclerosismultiplegalicia.org\/?s={search_term_string}"},"query-input":{"@type":"PropertyValueSpecification","valueRequired":true,"valueName":"search_term_string"}}],"inLanguage":"gl-ES"},{"@type":"Organization","@id":"https:\/\/esclerosismultiplegalicia.org\/#organization","name":"FEGADEM (Federaci\u00f3n Galega de Esclerose M\u00faltiple)","url":"https:\/\/esclerosismultiplegalicia.org\/","logo":{"@type":"ImageObject","inLanguage":"gl-ES","@id":"https:\/\/esclerosismultiplegalicia.org\/#\/schema\/logo\/image\/","url":"http:\/\/esclerosismultiplegalicia.org\/wp-content\/uploads\/2025\/05\/cropped-FEGADEM_Imagotipo-scaled-1.png","contentUrl":"http:\/\/esclerosismultiplegalicia.org\/wp-content\/uploads\/2025\/05\/cropped-FEGADEM_Imagotipo-scaled-1.png","width":2558,"height":1138,"caption":"FEGADEM (Federaci\u00f3n Galega de Esclerose M\u00faltiple)"},"image":{"@id":"https:\/\/esclerosismultiplegalicia.org\/#\/schema\/logo\/image\/"},"sameAs":["https:\/\/www.facebook.com\/esclerosemultiplegal?locale=es_ES","https:\/\/x.com\/fegadem","https:\/\/www.instagram.com\/esclerosemultiplegal\/","https:\/\/www.youtube.com\/@fegademfederaciongalegadee3374"]},{"@type":"Person","@id":"https:\/\/esclerosismultiplegalicia.org\/#\/schema\/person\/6c5800f07aa0462086b750a2df88cfb4","name":"admin","image":{"@type":"ImageObject","inLanguage":"gl-ES","@id":"https:\/\/esclerosismultiplegalicia.org\/#\/schema\/person\/image\/","url":"https:\/\/secure.gravatar.com\/avatar\/6b01f9a90ea05bdd1053be7f0879b99bae6103fa66164176a65e4bd6fee73fba?s=96&d=mm&r=g","contentUrl":"https:\/\/secure.gravatar.com\/avatar\/6b01f9a90ea05bdd1053be7f0879b99bae6103fa66164176a65e4bd6fee73fba?s=96&d=mm&r=g","caption":"admin"},"sameAs":["https:\/\/prueba.esclerosismultiplegalicia.org"],"url":"http:\/\/esclerosismultiplegalicia.org\/index.php\/author\/admin\/"}]}},"_links":{"self":[{"href":"http:\/\/esclerosismultiplegalicia.org\/index.php\/wp-json\/wp\/v2\/posts\/5145","targetHints":{"allow":["GET"]}}],"collection":[{"href":"http:\/\/esclerosismultiplegalicia.org\/index.php\/wp-json\/wp\/v2\/posts"}],"about":[{"href":"http:\/\/esclerosismultiplegalicia.org\/index.php\/wp-json\/wp\/v2\/types\/post"}],"author":[{"embeddable":true,"href":"http:\/\/esclerosismultiplegalicia.org\/index.php\/wp-json\/wp\/v2\/users\/1"}],"replies":[{"embeddable":true,"href":"http:\/\/esclerosismultiplegalicia.org\/index.php\/wp-json\/wp\/v2\/comments?post=5145"}],"version-history":[{"count":1,"href":"http:\/\/esclerosismultiplegalicia.org\/index.php\/wp-json\/wp\/v2\/posts\/5145\/revisions"}],"predecessor-version":[{"id":5146,"href":"http:\/\/esclerosismultiplegalicia.org\/index.php\/wp-json\/wp\/v2\/posts\/5145\/revisions\/5146"}],"wp:featuredmedia":[{"embeddable":true,"href":"http:\/\/esclerosismultiplegalicia.org\/index.php\/wp-json\/wp\/v2\/media\/4289"}],"wp:attachment":[{"href":"http:\/\/esclerosismultiplegalicia.org\/index.php\/wp-json\/wp\/v2\/media?parent=5145"}],"wp:term":[{"taxonomy":"category","embeddable":true,"href":"http:\/\/esclerosismultiplegalicia.org\/index.php\/wp-json\/wp\/v2\/categories?post=5145"},{"taxonomy":"post_tag","embeddable":true,"href":"http:\/\/esclerosismultiplegalicia.org\/index.php\/wp-json\/wp\/v2\/tags?post=5145"}],"curies":[{"name":"wp","href":"https:\/\/api.w.org\/{rel}","templated":true}]}}