{"id":4247,"date":"2025-10-30T13:39:21","date_gmt":"2025-10-30T12:39:21","guid":{"rendered":"https:\/\/esclerosismultiplegalicia.org\/?p=4247"},"modified":"2025-10-30T13:55:21","modified_gmt":"2025-10-30T12:55:21","slug":"oferta-de-emprego-buscamos-tecnico-a-de-nutricion-e-dietetica","status":"publish","type":"post","link":"http:\/\/esclerosismultiplegalicia.org\/index.php\/2025\/10\/30\/oferta-de-emprego-buscamos-tecnico-a-de-nutricion-e-dietetica\/","title":{"rendered":"Oferta de emprego: buscamos t\u00e9cnico\/a de Nutrici\u00f3n e Diet\u00e9tica"},"content":{"rendered":"\n<p>Na <strong>Federaci\u00f3n Galega de Esclerose M\u00faltiple (FEGADEM)<\/strong> abrimos un proceso de selecci\u00f3n para cubrir o posto de <strong>Persoa T\u00e9cnica de Nutrici\u00f3n e Diet\u00e9tica<\/strong>. Esta \u00e9 unha oportunidade para profesionais da nutrici\u00f3n con interese en <strong>enfermidades neurodexenerativas<\/strong> e coa vontade de contribu\u00edr \u00e1 <strong>mellora da calidade de vida das persoas con Esclerose M\u00faltiple<\/strong> en Galicia.<\/p>\n\n\n\n<h3 class=\"wp-block-heading\">Que buscamos<\/h3>\n\n\n\n<p>A persoa seleccionada deber\u00e1 contar con:<\/p>\n\n\n\n<ul class=\"wp-block-list\">\n<li><strong>Formaci\u00f3n en Nutrici\u00f3n e Diet\u00e9tica<\/strong>.<\/li>\n\n\n\n<li>Sensibilidade social e interese polas enfermidades neurodexenerativas.<\/li>\n\n\n\n<li>Capacidade de comunicaci\u00f3n e divulgaci\u00f3n para impartir <strong>obradoiros e charlas<\/strong>.<\/li>\n\n\n\n<li>Proactividade, dinamismo e compromiso coa acci\u00f3n social.<\/li>\n<\/ul>\n\n\n\n<h3 class=\"wp-block-heading\">Funci\u00f3ns principais<\/h3>\n\n\n\n<p>O posto implica:<\/p>\n\n\n\n<ul class=\"wp-block-list\">\n<li>Elaboraci\u00f3n de <strong>materiais divulgativos e educativos<\/strong> sobre nutrici\u00f3n adaptada a persoas con Esclerose M\u00faltiple.<\/li>\n\n\n\n<li><strong>Asesoramento nutricional individual e grupal<\/strong>.<\/li>\n\n\n\n<li>Planificaci\u00f3n e impartici\u00f3n de <strong>charlas e obradoiros<\/strong>.<\/li>\n<\/ul>\n\n\n\n<h3 class=\"wp-block-heading\">Condici\u00f3ns do posto<\/h3>\n\n\n\n<ul class=\"wp-block-list\">\n<li><strong>Localizaci\u00f3n<\/strong>: Santiago de Compostela (con alg\u00fan desprazamento puntual)<\/li>\n\n\n\n<li>75% da xornada<\/li>\n\n\n\n<li>Contrato anual<\/li>\n\n\n\n<li>Incorporaci\u00f3n arredor do 10 de decembro.<\/li>\n\n\n\n<li>Valorarase: carn\u00e9 de conducir e veh\u00edculo propio, as\u00ed como dispo\u00f1ibilidade para desprazamentos.<\/li>\n\n\n\n<li>Requisito: estar desempregado\/a e inscrito\/a como demandante de emprego no Servizo P\u00fablico de Emprego (SPEG)<\/li>\n<\/ul>\n\n\n\n<h3 class=\"wp-block-heading\">Como enviar a candidatura<\/h3>\n\n\n\n<p>As persoas interesadas deben enviar o seu <strong>CV actualizado<\/strong> a <strong><a>gestion@esclerosismultiplegalicia.org<\/a><\/strong>, co asunto <em>\u201cOferta emprego Nutrici\u00f3n + Nome e Apelidos\u201d<\/em>.<br><strong>Data l\u00edmite:<\/strong> 17 de novembro de 2025<\/p>\n\n\n\n<p>Consulta os <strong>termos de referencia completos<\/strong> aqu\u00ed.<\/p>\n\n\n\n<div data-wp-interactive=\"core\/file\" class=\"wp-block-file\"><object data-wp-bind--hidden=\"!state.hasPdfPreview\" hidden class=\"wp-block-file__embed\" data=\"https:\/\/esclerosismultiplegalicia.org\/wp-content\/uploads\/2025\/10\/Termos-referencia-Nutricion-Coopera.pdf\" type=\"application\/pdf\" style=\"width:100%;height:600px\" aria-label=\"Incrustado de Termos referencia Nutrici\u00f3n Coopera.\"><\/object><a id=\"wp-block-file--media-203c2ce5-ebb8-4967-af3a-9402c0cfaaa7\" href=\"https:\/\/esclerosismultiplegalicia.org\/wp-content\/uploads\/2025\/10\/Termos-referencia-Nutricion-Coopera.pdf\">Termos referencia Nutrici\u00f3n Coopera<\/a><a href=\"https:\/\/esclerosismultiplegalicia.org\/wp-content\/uploads\/2025\/10\/Termos-referencia-Nutricion-Coopera.pdf\" class=\"wp-block-file__button wp-element-button\" download aria-describedby=\"wp-block-file--media-203c2ce5-ebb8-4967-af3a-9402c0cfaaa7\">Descarga\t <\/a><\/div>\n\n\n\n<h3 class=\"wp-block-heading\">Programas de cooperaci\u00f3n 2025<\/h3>\n\n\n\n<p>Esta oferta de emprego est\u00e1 asociada aos Programas de Cooperaci\u00f3n 2025 da Xunta de Galicia.<\/p>\n","protected":false},"excerpt":{"rendered":"<p>Na Federaci\u00f3n Galega de Esclerose M\u00faltiple (FEGADEM) abrimos un proceso&hellip; <a class=\"continue\" href=\"http:\/\/esclerosismultiplegalicia.org\/index.php\/2025\/10\/30\/oferta-de-emprego-buscamos-tecnico-a-de-nutricion-e-dietetica\/\">Ler m\u00e1is sobre<span> Oferta de emprego: buscamos t\u00e9cnico\/a de Nutrici\u00f3n e Diet\u00e9tica<\/span><\/a><\/p>\n","protected":false},"author":1,"featured_media":4251,"comment_status":"closed","ping_status":"closed","sticky":false,"template":"","format":"standard","meta":{"_kad_post_transparent":"","_kad_post_title":"","_kad_post_layout":"","_kad_post_sidebar_id":"","_kad_post_content_style":"","_kad_post_vertical_padding":"","_kad_post_feature":"","_kad_post_feature_position":"","_kad_post_header":false,"_kad_post_footer":false,"footnotes":""},"categories":[103],"tags":[150,13],"class_list":["post-4247","post","type-post","status-publish","format-standard","has-post-thumbnail","hentry","category-novas","tag-emprego","tag-fegadem"],"yoast_head":"<!-- This site is optimized with the Yoast SEO plugin v26.1.1 - https:\/\/yoast.com\/wordpress\/plugins\/seo\/ -->\n<title>Grupo de apoio online para persoas con Esclerose M\u00faltiple<\/title>\n<meta name=\"description\" content=\"En FEGADEM creamos un grupo de apoio online para persoas con EM en Galicia. Inscr\u00edbete e contacta para saber m\u00e1is.\" \/>\n<meta name=\"robots\" content=\"index, follow, max-snippet:-1, max-image-preview:large, max-video-preview:-1\" \/>\n<link rel=\"canonical\" href=\"https:\/\/esclerosismultiplegalicia.org\/index.php\/2025\/10\/30\/oferta-de-emprego-buscamos-tecnico-a-de-nutricion-e-dietetica\/\" \/>\n<meta property=\"og:locale\" content=\"gl_ES\" \/>\n<meta property=\"og:type\" content=\"article\" \/>\n<meta property=\"og:title\" content=\"Grupo de apoio online para persoas con Esclerose M\u00faltiple\" \/>\n<meta property=\"og:description\" content=\"En FEGADEM creamos un grupo de apoio online para persoas con EM en Galicia. Inscr\u00edbete e contacta para saber m\u00e1is.\" \/>\n<meta property=\"og:url\" content=\"https:\/\/esclerosismultiplegalicia.org\/index.php\/2025\/10\/30\/oferta-de-emprego-buscamos-tecnico-a-de-nutricion-e-dietetica\/\" \/>\n<meta property=\"og:site_name\" content=\"FEGADEM\" \/>\n<meta property=\"article:publisher\" content=\"https:\/\/www.facebook.com\/esclerosemultiplegal?locale=es_ES\" \/>\n<meta property=\"article:published_time\" content=\"2025-10-30T12:39:21+00:00\" \/>\n<meta property=\"article:modified_time\" content=\"2025-10-30T12:55:21+00:00\" \/>\n<meta property=\"og:image\" content=\"https:\/\/esclerosismultiplegalicia.org\/wp-content\/uploads\/2025\/10\/oferta-nutricion-web.png\" \/>\n\t<meta property=\"og:image:width\" content=\"1080\" \/>\n\t<meta property=\"og:image:height\" content=\"720\" \/>\n\t<meta property=\"og:image:type\" content=\"image\/png\" \/>\n<meta name=\"author\" content=\"admin\" \/>\n<meta name=\"twitter:card\" content=\"summary_large_image\" \/>\n<meta name=\"twitter:creator\" content=\"@fegadem\" \/>\n<meta name=\"twitter:site\" content=\"@fegadem\" \/>\n<meta name=\"twitter:label1\" content=\"Escrito por\" \/>\n\t<meta name=\"twitter:data1\" content=\"admin\" \/>\n\t<meta name=\"twitter:label2\" content=\"Tempo de lectura\" \/>\n\t<meta name=\"twitter:data2\" content=\"2 minutos\" \/>\n<script type=\"application\/ld+json\" class=\"yoast-schema-graph\">{\"@context\":\"https:\/\/schema.org\",\"@graph\":[{\"@type\":\"Article\",\"@id\":\"https:\/\/esclerosismultiplegalicia.org\/index.php\/2025\/10\/30\/oferta-de-emprego-buscamos-tecnico-a-de-nutricion-e-dietetica\/#article\",\"isPartOf\":{\"@id\":\"https:\/\/esclerosismultiplegalicia.org\/index.php\/2025\/10\/30\/oferta-de-emprego-buscamos-tecnico-a-de-nutricion-e-dietetica\/\"},\"author\":{\"name\":\"admin\",\"@id\":\"https:\/\/esclerosismultiplegalicia.org\/#\/schema\/person\/6c5800f07aa0462086b750a2df88cfb4\"},\"headline\":\"Oferta de emprego: buscamos t\u00e9cnico\/a de Nutrici\u00f3n e Diet\u00e9tica\",\"datePublished\":\"2025-10-30T12:39:21+00:00\",\"dateModified\":\"2025-10-30T12:55:21+00:00\",\"mainEntityOfPage\":{\"@id\":\"https:\/\/esclerosismultiplegalicia.org\/index.php\/2025\/10\/30\/oferta-de-emprego-buscamos-tecnico-a-de-nutricion-e-dietetica\/\"},\"wordCount\":274,\"publisher\":{\"@id\":\"https:\/\/esclerosismultiplegalicia.org\/#organization\"},\"image\":{\"@id\":\"https:\/\/esclerosismultiplegalicia.org\/index.php\/2025\/10\/30\/oferta-de-emprego-buscamos-tecnico-a-de-nutricion-e-dietetica\/#primaryimage\"},\"thumbnailUrl\":\"http:\/\/esclerosismultiplegalicia.org\/wp-content\/uploads\/2025\/10\/oferta-nutricion-web.png\",\"keywords\":[\"Emprego\",\"FEGADEM\"],\"articleSection\":[\"Novas\"],\"inLanguage\":\"gl-ES\"},{\"@type\":\"WebPage\",\"@id\":\"https:\/\/esclerosismultiplegalicia.org\/index.php\/2025\/10\/30\/oferta-de-emprego-buscamos-tecnico-a-de-nutricion-e-dietetica\/\",\"url\":\"https:\/\/esclerosismultiplegalicia.org\/index.php\/2025\/10\/30\/oferta-de-emprego-buscamos-tecnico-a-de-nutricion-e-dietetica\/\",\"name\":\"Grupo de apoio online para persoas con Esclerose M\u00faltiple\",\"isPartOf\":{\"@id\":\"https:\/\/esclerosismultiplegalicia.org\/#website\"},\"primaryImageOfPage\":{\"@id\":\"https:\/\/esclerosismultiplegalicia.org\/index.php\/2025\/10\/30\/oferta-de-emprego-buscamos-tecnico-a-de-nutricion-e-dietetica\/#primaryimage\"},\"image\":{\"@id\":\"https:\/\/esclerosismultiplegalicia.org\/index.php\/2025\/10\/30\/oferta-de-emprego-buscamos-tecnico-a-de-nutricion-e-dietetica\/#primaryimage\"},\"thumbnailUrl\":\"http:\/\/esclerosismultiplegalicia.org\/wp-content\/uploads\/2025\/10\/oferta-nutricion-web.png\",\"datePublished\":\"2025-10-30T12:39:21+00:00\",\"dateModified\":\"2025-10-30T12:55:21+00:00\",\"description\":\"En FEGADEM creamos un grupo de apoio online para persoas con EM en Galicia. Inscr\u00edbete e contacta para saber m\u00e1is.\",\"breadcrumb\":{\"@id\":\"https:\/\/esclerosismultiplegalicia.org\/index.php\/2025\/10\/30\/oferta-de-emprego-buscamos-tecnico-a-de-nutricion-e-dietetica\/#breadcrumb\"},\"inLanguage\":\"gl-ES\",\"potentialAction\":[{\"@type\":\"ReadAction\",\"target\":[\"https:\/\/esclerosismultiplegalicia.org\/index.php\/2025\/10\/30\/oferta-de-emprego-buscamos-tecnico-a-de-nutricion-e-dietetica\/\"]}]},{\"@type\":\"ImageObject\",\"inLanguage\":\"gl-ES\",\"@id\":\"https:\/\/esclerosismultiplegalicia.org\/index.php\/2025\/10\/30\/oferta-de-emprego-buscamos-tecnico-a-de-nutricion-e-dietetica\/#primaryimage\",\"url\":\"http:\/\/esclerosismultiplegalicia.org\/wp-content\/uploads\/2025\/10\/oferta-nutricion-web.png\",\"contentUrl\":\"http:\/\/esclerosismultiplegalicia.org\/wp-content\/uploads\/2025\/10\/oferta-nutricion-web.png\",\"width\":1080,\"height\":720},{\"@type\":\"BreadcrumbList\",\"@id\":\"https:\/\/esclerosismultiplegalicia.org\/index.php\/2025\/10\/30\/oferta-de-emprego-buscamos-tecnico-a-de-nutricion-e-dietetica\/#breadcrumb\",\"itemListElement\":[{\"@type\":\"ListItem\",\"position\":1,\"name\":\"Inicio\",\"item\":\"https:\/\/esclerosismultiplegalicia.org\/\"},{\"@type\":\"ListItem\",\"position\":2,\"name\":\"Oferta de emprego: buscamos t\u00e9cnico\/a de Nutrici\u00f3n e Diet\u00e9tica\"}]},{\"@type\":\"WebSite\",\"@id\":\"https:\/\/esclerosismultiplegalicia.org\/#website\",\"url\":\"https:\/\/esclerosismultiplegalicia.org\/\",\"name\":\"FEGADEM\",\"description\":\"Traballamos mellorando a calidade de vida das persoas con Esclerose M\u00faltiple en Galicia.\",\"publisher\":{\"@id\":\"https:\/\/esclerosismultiplegalicia.org\/#organization\"},\"potentialAction\":[{\"@type\":\"SearchAction\",\"target\":{\"@type\":\"EntryPoint\",\"urlTemplate\":\"https:\/\/esclerosismultiplegalicia.org\/?s={search_term_string}\"},\"query-input\":{\"@type\":\"PropertyValueSpecification\",\"valueRequired\":true,\"valueName\":\"search_term_string\"}}],\"inLanguage\":\"gl-ES\"},{\"@type\":\"Organization\",\"@id\":\"https:\/\/esclerosismultiplegalicia.org\/#organization\",\"name\":\"FEGADEM (Federaci\u00f3n Galega de Esclerose M\u00faltiple)\",\"url\":\"https:\/\/esclerosismultiplegalicia.org\/\",\"logo\":{\"@type\":\"ImageObject\",\"inLanguage\":\"gl-ES\",\"@id\":\"https:\/\/esclerosismultiplegalicia.org\/#\/schema\/logo\/image\/\",\"url\":\"http:\/\/esclerosismultiplegalicia.org\/wp-content\/uploads\/2025\/05\/cropped-FEGADEM_Imagotipo-scaled-1.png\",\"contentUrl\":\"http:\/\/esclerosismultiplegalicia.org\/wp-content\/uploads\/2025\/05\/cropped-FEGADEM_Imagotipo-scaled-1.png\",\"width\":2558,\"height\":1138,\"caption\":\"FEGADEM (Federaci\u00f3n Galega de Esclerose M\u00faltiple)\"},\"image\":{\"@id\":\"https:\/\/esclerosismultiplegalicia.org\/#\/schema\/logo\/image\/\"},\"sameAs\":[\"https:\/\/www.facebook.com\/esclerosemultiplegal?locale=es_ES\",\"https:\/\/x.com\/fegadem\",\"https:\/\/www.instagram.com\/esclerosemultiplegal\/\",\"https:\/\/www.youtube.com\/@fegademfederaciongalegadee3374\"]},{\"@type\":\"Person\",\"@id\":\"https:\/\/esclerosismultiplegalicia.org\/#\/schema\/person\/6c5800f07aa0462086b750a2df88cfb4\",\"name\":\"admin\",\"image\":{\"@type\":\"ImageObject\",\"inLanguage\":\"gl-ES\",\"@id\":\"https:\/\/esclerosismultiplegalicia.org\/#\/schema\/person\/image\/\",\"url\":\"https:\/\/secure.gravatar.com\/avatar\/6b01f9a90ea05bdd1053be7f0879b99bae6103fa66164176a65e4bd6fee73fba?s=96&d=mm&r=g\",\"contentUrl\":\"https:\/\/secure.gravatar.com\/avatar\/6b01f9a90ea05bdd1053be7f0879b99bae6103fa66164176a65e4bd6fee73fba?s=96&d=mm&r=g\",\"caption\":\"admin\"},\"sameAs\":[\"https:\/\/prueba.esclerosismultiplegalicia.org\"],\"url\":\"http:\/\/esclerosismultiplegalicia.org\/index.php\/author\/admin\/\"}]}<\/script>\n<!-- \/ Yoast SEO plugin. -->","yoast_head_json":{"title":"Grupo de apoio online para persoas con Esclerose M\u00faltiple","description":"En FEGADEM creamos un grupo de apoio online para persoas con EM en Galicia. Inscr\u00edbete e contacta para saber m\u00e1is.","robots":{"index":"index","follow":"follow","max-snippet":"max-snippet:-1","max-image-preview":"max-image-preview:large","max-video-preview":"max-video-preview:-1"},"canonical":"https:\/\/esclerosismultiplegalicia.org\/index.php\/2025\/10\/30\/oferta-de-emprego-buscamos-tecnico-a-de-nutricion-e-dietetica\/","og_locale":"gl_ES","og_type":"article","og_title":"Grupo de apoio online para persoas con Esclerose M\u00faltiple","og_description":"En FEGADEM creamos un grupo de apoio online para persoas con EM en Galicia. Inscr\u00edbete e contacta para saber m\u00e1is.","og_url":"https:\/\/esclerosismultiplegalicia.org\/index.php\/2025\/10\/30\/oferta-de-emprego-buscamos-tecnico-a-de-nutricion-e-dietetica\/","og_site_name":"FEGADEM","article_publisher":"https:\/\/www.facebook.com\/esclerosemultiplegal?locale=es_ES","article_published_time":"2025-10-30T12:39:21+00:00","article_modified_time":"2025-10-30T12:55:21+00:00","og_image":[{"width":1080,"height":720,"url":"https:\/\/esclerosismultiplegalicia.org\/wp-content\/uploads\/2025\/10\/oferta-nutricion-web.png","type":"image\/png"}],"author":"admin","twitter_card":"summary_large_image","twitter_creator":"@fegadem","twitter_site":"@fegadem","twitter_misc":{"Escrito por":"admin","Tempo de lectura":"2 minutos"},"schema":{"@context":"https:\/\/schema.org","@graph":[{"@type":"Article","@id":"https:\/\/esclerosismultiplegalicia.org\/index.php\/2025\/10\/30\/oferta-de-emprego-buscamos-tecnico-a-de-nutricion-e-dietetica\/#article","isPartOf":{"@id":"https:\/\/esclerosismultiplegalicia.org\/index.php\/2025\/10\/30\/oferta-de-emprego-buscamos-tecnico-a-de-nutricion-e-dietetica\/"},"author":{"name":"admin","@id":"https:\/\/esclerosismultiplegalicia.org\/#\/schema\/person\/6c5800f07aa0462086b750a2df88cfb4"},"headline":"Oferta de emprego: buscamos t\u00e9cnico\/a de Nutrici\u00f3n e Diet\u00e9tica","datePublished":"2025-10-30T12:39:21+00:00","dateModified":"2025-10-30T12:55:21+00:00","mainEntityOfPage":{"@id":"https:\/\/esclerosismultiplegalicia.org\/index.php\/2025\/10\/30\/oferta-de-emprego-buscamos-tecnico-a-de-nutricion-e-dietetica\/"},"wordCount":274,"publisher":{"@id":"https:\/\/esclerosismultiplegalicia.org\/#organization"},"image":{"@id":"https:\/\/esclerosismultiplegalicia.org\/index.php\/2025\/10\/30\/oferta-de-emprego-buscamos-tecnico-a-de-nutricion-e-dietetica\/#primaryimage"},"thumbnailUrl":"http:\/\/esclerosismultiplegalicia.org\/wp-content\/uploads\/2025\/10\/oferta-nutricion-web.png","keywords":["Emprego","FEGADEM"],"articleSection":["Novas"],"inLanguage":"gl-ES"},{"@type":"WebPage","@id":"https:\/\/esclerosismultiplegalicia.org\/index.php\/2025\/10\/30\/oferta-de-emprego-buscamos-tecnico-a-de-nutricion-e-dietetica\/","url":"https:\/\/esclerosismultiplegalicia.org\/index.php\/2025\/10\/30\/oferta-de-emprego-buscamos-tecnico-a-de-nutricion-e-dietetica\/","name":"Grupo de apoio online para persoas con Esclerose M\u00faltiple","isPartOf":{"@id":"https:\/\/esclerosismultiplegalicia.org\/#website"},"primaryImageOfPage":{"@id":"https:\/\/esclerosismultiplegalicia.org\/index.php\/2025\/10\/30\/oferta-de-emprego-buscamos-tecnico-a-de-nutricion-e-dietetica\/#primaryimage"},"image":{"@id":"https:\/\/esclerosismultiplegalicia.org\/index.php\/2025\/10\/30\/oferta-de-emprego-buscamos-tecnico-a-de-nutricion-e-dietetica\/#primaryimage"},"thumbnailUrl":"http:\/\/esclerosismultiplegalicia.org\/wp-content\/uploads\/2025\/10\/oferta-nutricion-web.png","datePublished":"2025-10-30T12:39:21+00:00","dateModified":"2025-10-30T12:55:21+00:00","description":"En FEGADEM creamos un grupo de apoio online para persoas con EM en Galicia. Inscr\u00edbete e contacta para saber m\u00e1is.","breadcrumb":{"@id":"https:\/\/esclerosismultiplegalicia.org\/index.php\/2025\/10\/30\/oferta-de-emprego-buscamos-tecnico-a-de-nutricion-e-dietetica\/#breadcrumb"},"inLanguage":"gl-ES","potentialAction":[{"@type":"ReadAction","target":["https:\/\/esclerosismultiplegalicia.org\/index.php\/2025\/10\/30\/oferta-de-emprego-buscamos-tecnico-a-de-nutricion-e-dietetica\/"]}]},{"@type":"ImageObject","inLanguage":"gl-ES","@id":"https:\/\/esclerosismultiplegalicia.org\/index.php\/2025\/10\/30\/oferta-de-emprego-buscamos-tecnico-a-de-nutricion-e-dietetica\/#primaryimage","url":"http:\/\/esclerosismultiplegalicia.org\/wp-content\/uploads\/2025\/10\/oferta-nutricion-web.png","contentUrl":"http:\/\/esclerosismultiplegalicia.org\/wp-content\/uploads\/2025\/10\/oferta-nutricion-web.png","width":1080,"height":720},{"@type":"BreadcrumbList","@id":"https:\/\/esclerosismultiplegalicia.org\/index.php\/2025\/10\/30\/oferta-de-emprego-buscamos-tecnico-a-de-nutricion-e-dietetica\/#breadcrumb","itemListElement":[{"@type":"ListItem","position":1,"name":"Inicio","item":"https:\/\/esclerosismultiplegalicia.org\/"},{"@type":"ListItem","position":2,"name":"Oferta de emprego: buscamos t\u00e9cnico\/a de Nutrici\u00f3n e Diet\u00e9tica"}]},{"@type":"WebSite","@id":"https:\/\/esclerosismultiplegalicia.org\/#website","url":"https:\/\/esclerosismultiplegalicia.org\/","name":"FEGADEM","description":"Traballamos mellorando a calidade de vida das persoas con Esclerose M\u00faltiple en Galicia.","publisher":{"@id":"https:\/\/esclerosismultiplegalicia.org\/#organization"},"potentialAction":[{"@type":"SearchAction","target":{"@type":"EntryPoint","urlTemplate":"https:\/\/esclerosismultiplegalicia.org\/?s={search_term_string}"},"query-input":{"@type":"PropertyValueSpecification","valueRequired":true,"valueName":"search_term_string"}}],"inLanguage":"gl-ES"},{"@type":"Organization","@id":"https:\/\/esclerosismultiplegalicia.org\/#organization","name":"FEGADEM (Federaci\u00f3n Galega de Esclerose M\u00faltiple)","url":"https:\/\/esclerosismultiplegalicia.org\/","logo":{"@type":"ImageObject","inLanguage":"gl-ES","@id":"https:\/\/esclerosismultiplegalicia.org\/#\/schema\/logo\/image\/","url":"http:\/\/esclerosismultiplegalicia.org\/wp-content\/uploads\/2025\/05\/cropped-FEGADEM_Imagotipo-scaled-1.png","contentUrl":"http:\/\/esclerosismultiplegalicia.org\/wp-content\/uploads\/2025\/05\/cropped-FEGADEM_Imagotipo-scaled-1.png","width":2558,"height":1138,"caption":"FEGADEM (Federaci\u00f3n Galega de Esclerose M\u00faltiple)"},"image":{"@id":"https:\/\/esclerosismultiplegalicia.org\/#\/schema\/logo\/image\/"},"sameAs":["https:\/\/www.facebook.com\/esclerosemultiplegal?locale=es_ES","https:\/\/x.com\/fegadem","https:\/\/www.instagram.com\/esclerosemultiplegal\/","https:\/\/www.youtube.com\/@fegademfederaciongalegadee3374"]},{"@type":"Person","@id":"https:\/\/esclerosismultiplegalicia.org\/#\/schema\/person\/6c5800f07aa0462086b750a2df88cfb4","name":"admin","image":{"@type":"ImageObject","inLanguage":"gl-ES","@id":"https:\/\/esclerosismultiplegalicia.org\/#\/schema\/person\/image\/","url":"https:\/\/secure.gravatar.com\/avatar\/6b01f9a90ea05bdd1053be7f0879b99bae6103fa66164176a65e4bd6fee73fba?s=96&d=mm&r=g","contentUrl":"https:\/\/secure.gravatar.com\/avatar\/6b01f9a90ea05bdd1053be7f0879b99bae6103fa66164176a65e4bd6fee73fba?s=96&d=mm&r=g","caption":"admin"},"sameAs":["https:\/\/prueba.esclerosismultiplegalicia.org"],"url":"http:\/\/esclerosismultiplegalicia.org\/index.php\/author\/admin\/"}]}},"_links":{"self":[{"href":"http:\/\/esclerosismultiplegalicia.org\/index.php\/wp-json\/wp\/v2\/posts\/4247","targetHints":{"allow":["GET"]}}],"collection":[{"href":"http:\/\/esclerosismultiplegalicia.org\/index.php\/wp-json\/wp\/v2\/posts"}],"about":[{"href":"http:\/\/esclerosismultiplegalicia.org\/index.php\/wp-json\/wp\/v2\/types\/post"}],"author":[{"embeddable":true,"href":"http:\/\/esclerosismultiplegalicia.org\/index.php\/wp-json\/wp\/v2\/users\/1"}],"replies":[{"embeddable":true,"href":"http:\/\/esclerosismultiplegalicia.org\/index.php\/wp-json\/wp\/v2\/comments?post=4247"}],"version-history":[{"count":1,"href":"http:\/\/esclerosismultiplegalicia.org\/index.php\/wp-json\/wp\/v2\/posts\/4247\/revisions"}],"predecessor-version":[{"id":4249,"href":"http:\/\/esclerosismultiplegalicia.org\/index.php\/wp-json\/wp\/v2\/posts\/4247\/revisions\/4249"}],"wp:featuredmedia":[{"embeddable":true,"href":"http:\/\/esclerosismultiplegalicia.org\/index.php\/wp-json\/wp\/v2\/media\/4251"}],"wp:attachment":[{"href":"http:\/\/esclerosismultiplegalicia.org\/index.php\/wp-json\/wp\/v2\/media?parent=4247"}],"wp:term":[{"taxonomy":"category","embeddable":true,"href":"http:\/\/esclerosismultiplegalicia.org\/index.php\/wp-json\/wp\/v2\/categories?post=4247"},{"taxonomy":"post_tag","embeddable":true,"href":"http:\/\/esclerosismultiplegalicia.org\/index.php\/wp-json\/wp\/v2\/tags?post=4247"}],"curies":[{"name":"wp","href":"https:\/\/api.w.org\/{rel}","templated":true}]}}