{"id":2829,"date":"2025-02-05T14:01:00","date_gmt":"2025-02-05T13:01:00","guid":{"rendered":"https:\/\/prueba.esclerosismultiplegalicia.org\/?p=2829"},"modified":"2025-09-09T14:02:49","modified_gmt":"2025-09-09T12:02:49","slug":"paseando-coa-esclerose-de-acem-visibiliza-a-enfermidade-dende-unha-mirada-persoal","status":"publish","type":"post","link":"http:\/\/esclerosismultiplegalicia.org\/index.php\/2025\/02\/05\/paseando-coa-esclerose-de-acem-visibiliza-a-enfermidade-dende-unha-mirada-persoal\/","title":{"rendered":"Paseando coa Esclerose, de ACEM, visibiliza a enfermidade dende unha mirada persoal"},"content":{"rendered":"\n<h3 class=\"wp-block-heading has-theme-palette-2-color has-text-color has-link-color wp-elements-1728b4519df139582c05ffc95911d605\"><em>ACEM Coru\u00f1a publica todos os venres, na s\u00faa canle de YouTube, un episodio da s\u00faa serie documental &#8220;Paseando coa Esclerose&#8221;, onde persoas con esta enfermidade falan das s\u00faas experiencias.<\/em><\/h3>\n\n\n\n<p>Este 2025, a&nbsp;<a href=\"https:\/\/acemesclerosis.org\/\" target=\"_blank\" rel=\"noreferrer noopener\"><strong>Asociaci\u00f3n Coru\u00f1esa de Esclerose M\u00faltiple (ACEM)<\/strong><\/a>&nbsp;lanza cada venres un cap\u00edtulo da s\u00faa serie documental&nbsp;<strong>&#8216;Paseando coa Esclerose&#8217;<\/strong>&nbsp;na s\u00faa&nbsp;<a href=\"https:\/\/www.youtube.com\/@acemesclerosis\" target=\"_blank\" rel=\"noreferrer noopener\">canle de YouTube<\/a>. Tr\u00e1tase de entrevistas realizadas en formato de paseo por A Coru\u00f1a e os seus arredores. A serie ten como obxectivo dar voz \u00e1s persoas con&nbsp;<a href=\"https:\/\/esclerosismultiplegalicia.org\/esclerose_multiple_ga.html\" target=\"_blank\" rel=\"noreferrer noopener\"><strong>Esclerose M\u00faltiple (EM)<\/strong><\/a>&nbsp;e mostrar a diversidade de experiencias que implica vivir con esta enfermidade.&nbsp;<\/p>\n\n\n\n<h3 class=\"wp-block-heading\">A serie documental<\/h3>\n\n\n\n<p>A serie est\u00e1 conducida por&nbsp;<strong>Olalla Rodr\u00edguez<\/strong>, unha nova integrante do equipo audiovisual de ACEM grazas aos&nbsp;<a href=\"https:\/\/emprego.xunta.gal\/portal\/es\/11-demandantes\/demandantes-sp\/594-programas-cooperacion-2024.html\" target=\"_blank\" rel=\"noreferrer noopener\">programas de Cooperaci\u00f3n da&nbsp;<strong>Xunta de Galicia<\/strong><\/a>. Ao longo de cada episodio, Olalla entrevista a persoas socias da entidade, as que comparten en primeira persoa as s\u00faas vivencias, retos e aprendizaxes. A\u00ednda que hai&nbsp;<a href=\"https:\/\/esclerosismultiplegalicia.org\/como_se_pode_manifestar_esclerose_multiple_ga.html\" target=\"_blank\" rel=\"noreferrer noopener\">s\u00edntomas<\/a>&nbsp;que poden ser com\u00fans, como a fatiga ou a perda de visi\u00f3n en fases temper\u00e1s, a&nbsp;<strong>EM<\/strong>&nbsp;ten unha gran variedade de s\u00edntomas que son distintos segundo a persoa, polo que recibe tam\u00e9n o nome de &#8220;a enfermidade das mil caras&#8221;.&nbsp;<\/p>\n\n\n\n<h3 class=\"wp-block-heading\">Obxectivos de ACEM<\/h3>\n\n\n\n<p>Con estas entrevistas pret\u00e9ndese&nbsp;<strong>dar visibilidade<\/strong>&nbsp;\u00e1 Esclerose M\u00faltiple e servir como&nbsp;<strong>fonte de apoio<\/strong>&nbsp;para as persoas rec\u00e9n diagnosticadas. \u00c9 un espazo de encontro e unha plataforma que ofrece ACEM no acompa\u00f1amento a quen convive coa EM.&nbsp;<\/p>\n\n\n\n<blockquote class=\"wp-block-quote is-layout-flow wp-block-quote-is-layout-flow\">\n<p>\u201cHai que falar sobre elo e compartir. E hai que vivir a vida! Que s\u00f3 lle damos valor cando a sa\u00fade falla\u201d, di&nbsp;<strong>\u00c1ngel<\/strong>, un dos entrevistados.<\/p>\n<\/blockquote>\n\n\n\n<h3 class=\"wp-block-heading\">Tem\u00e1ticas tratadas<\/h3>\n\n\n\n<p>Na serie ab\u00f3rdanse temas relacionados coa EM que est\u00e1n&nbsp;<strong>invisibilizados<\/strong>. Alg\u00fans destes son:<\/p>\n\n\n\n<ul class=\"wp-block-list\">\n<li>A\u00a0<strong>incontinencia<\/strong>.<\/li>\n\n\n\n<li>O\u00a0<strong>elevado custe econ\u00f3mico<\/strong>\u00a0que implica a enfermidade para unha persoa dependente.<\/li>\n\n\n\n<li>Os problemas afectivos nas\u00a0<strong>relaci\u00f3ns sexuais<\/strong>.<\/li>\n\n\n\n<li>A dificultade para incorporarse ao\u00a0<strong>mercado laboral<\/strong>.<\/li>\n\n\n\n<li>A\u00a0<strong>burocracia<\/strong>\u00a0para o reco\u00f1ecemento da discapacidade.<\/li>\n\n\n\n<li>A necesidade dun\u00a0<strong>diagn\u00f3stico temper\u00e1n<\/strong>.<\/li>\n<\/ul>\n\n\n\n<h3 class=\"wp-block-heading\">O paseo como medio<\/h3>\n\n\n\n<p>A elecci\u00f3n dun paseo como escenario para as entrevistas non \u00e9 casual. O&nbsp;<strong>exercicio f\u00edsico<\/strong>, como cami\u00f1ar, \u00e9 beneficioso para todas as persoas, e m\u00e1is para quen vive con EM. Un paseo propicia un ambiente m\u00e1is relaxado e unha conversa pr\u00f3xima e distendida para poder falar de vivencias personais, so\u00f1os, ilusi\u00f3ns, logros&#8230;&nbsp;<\/p>\n\n\n\n<p>Ao escoller diferentes localizaci\u00f3ns para os paseos, a serie aproveita cada percorrido para&nbsp;<strong>po\u00f1er en valor patrimonio natural de A Coru\u00f1a e os seus arredores<\/strong>, con escenarios como o paseo do r\u00edo Mero en Betanzos ou o Miradoiro de San Pedro.&nbsp;<\/p>\n\n\n\n<p><strong>Non perdas os novos episodios cada venres e acompa\u00f1a a ACEM neste percorrido polas historias de quen convive coa EM. Todos os venres!<\/strong><\/p>\n\n\n\n<p><strong>Podes ver a serie&nbsp;<a href=\"https:\/\/www.youtube.com\/@acemesclerosis\" target=\"_blank\" rel=\"noreferrer noopener\">aqu\u00ed<\/a>.<\/strong><\/p>\n","protected":false},"excerpt":{"rendered":"<p>ACEM Coru\u00f1a publica todos os venres, na s\u00faa canle de&hellip; <a class=\"continue\" href=\"http:\/\/esclerosismultiplegalicia.org\/index.php\/2025\/02\/05\/paseando-coa-esclerose-de-acem-visibiliza-a-enfermidade-dende-unha-mirada-persoal\/\">Ler m\u00e1is sobre<span> Paseando coa Esclerose, de ACEM, visibiliza a enfermidade dende unha mirada persoal<\/span><\/a><\/p>\n","protected":false},"author":1,"featured_media":0,"comment_status":"closed","ping_status":"closed","sticky":false,"template":"","format":"standard","meta":{"_kad_post_transparent":"","_kad_post_title":"","_kad_post_layout":"","_kad_post_sidebar_id":"","_kad_post_content_style":"","_kad_post_vertical_padding":"","_kad_post_feature":"","_kad_post_feature_position":"","_kad_post_header":false,"_kad_post_footer":false,"footnotes":""},"categories":[103],"tags":[104,113],"class_list":["post-2829","post","type-post","status-publish","format-standard","hentry","category-novas","tag-asociacions-membro","tag-experiencias"],"yoast_head":"<!-- This site is optimized with the Yoast SEO plugin v26.1.1 - https:\/\/yoast.com\/wordpress\/plugins\/seo\/ -->\n<title>Paseando coa Esclerose, de ACEM, visibiliza a enfermidade dende unha mirada persoal - FEGADEM<\/title>\n<meta name=\"robots\" content=\"index, follow, max-snippet:-1, max-image-preview:large, max-video-preview:-1\" \/>\n<link rel=\"canonical\" href=\"http:\/\/esclerosismultiplegalicia.org\/index.php\/2025\/02\/05\/paseando-coa-esclerose-de-acem-visibiliza-a-enfermidade-dende-unha-mirada-persoal\/\" \/>\n<meta property=\"og:locale\" content=\"gl_ES\" \/>\n<meta property=\"og:type\" content=\"article\" \/>\n<meta property=\"og:title\" content=\"Paseando coa Esclerose, de ACEM, visibiliza a enfermidade dende unha mirada persoal - FEGADEM\" \/>\n<meta property=\"og:description\" content=\"ACEM Coru\u00f1a publica todos os venres, na s\u00faa canle de&hellip; Ler m\u00e1is sobre Paseando coa Esclerose, de ACEM, visibiliza a enfermidade dende unha mirada persoal\" \/>\n<meta property=\"og:url\" content=\"http:\/\/esclerosismultiplegalicia.org\/index.php\/2025\/02\/05\/paseando-coa-esclerose-de-acem-visibiliza-a-enfermidade-dende-unha-mirada-persoal\/\" \/>\n<meta property=\"og:site_name\" content=\"FEGADEM\" \/>\n<meta property=\"article:publisher\" content=\"https:\/\/www.facebook.com\/esclerosemultiplegal?locale=es_ES\" \/>\n<meta property=\"article:published_time\" content=\"2025-02-05T13:01:00+00:00\" \/>\n<meta property=\"article:modified_time\" content=\"2025-09-09T12:02:49+00:00\" \/>\n<meta name=\"author\" content=\"admin\" \/>\n<meta name=\"twitter:card\" content=\"summary_large_image\" \/>\n<meta name=\"twitter:creator\" content=\"@fegadem\" \/>\n<meta name=\"twitter:site\" content=\"@fegadem\" \/>\n<meta name=\"twitter:label1\" content=\"Escrito por\" \/>\n\t<meta name=\"twitter:data1\" content=\"admin\" \/>\n\t<meta name=\"twitter:label2\" content=\"Tempo de lectura\" \/>\n\t<meta name=\"twitter:data2\" content=\"3 minutos\" \/>\n<script type=\"application\/ld+json\" class=\"yoast-schema-graph\">{\"@context\":\"https:\/\/schema.org\",\"@graph\":[{\"@type\":\"Article\",\"@id\":\"http:\/\/esclerosismultiplegalicia.org\/index.php\/2025\/02\/05\/paseando-coa-esclerose-de-acem-visibiliza-a-enfermidade-dende-unha-mirada-persoal\/#article\",\"isPartOf\":{\"@id\":\"http:\/\/esclerosismultiplegalicia.org\/index.php\/2025\/02\/05\/paseando-coa-esclerose-de-acem-visibiliza-a-enfermidade-dende-unha-mirada-persoal\/\"},\"author\":{\"name\":\"admin\",\"@id\":\"https:\/\/esclerosismultiplegalicia.org\/#\/schema\/person\/6c5800f07aa0462086b750a2df88cfb4\"},\"headline\":\"Paseando coa Esclerose, de ACEM, visibiliza a enfermidade dende unha mirada persoal\",\"datePublished\":\"2025-02-05T13:01:00+00:00\",\"dateModified\":\"2025-09-09T12:02:49+00:00\",\"mainEntityOfPage\":{\"@id\":\"http:\/\/esclerosismultiplegalicia.org\/index.php\/2025\/02\/05\/paseando-coa-esclerose-de-acem-visibiliza-a-enfermidade-dende-unha-mirada-persoal\/\"},\"wordCount\":523,\"publisher\":{\"@id\":\"https:\/\/esclerosismultiplegalicia.org\/#organization\"},\"keywords\":[\"Asociaci\u00f3ns membro\",\"Experiencias\"],\"articleSection\":[\"Novas\"],\"inLanguage\":\"gl-ES\"},{\"@type\":\"WebPage\",\"@id\":\"http:\/\/esclerosismultiplegalicia.org\/index.php\/2025\/02\/05\/paseando-coa-esclerose-de-acem-visibiliza-a-enfermidade-dende-unha-mirada-persoal\/\",\"url\":\"http:\/\/esclerosismultiplegalicia.org\/index.php\/2025\/02\/05\/paseando-coa-esclerose-de-acem-visibiliza-a-enfermidade-dende-unha-mirada-persoal\/\",\"name\":\"Paseando coa Esclerose, de ACEM, visibiliza a enfermidade dende unha mirada persoal - FEGADEM\",\"isPartOf\":{\"@id\":\"https:\/\/esclerosismultiplegalicia.org\/#website\"},\"datePublished\":\"2025-02-05T13:01:00+00:00\",\"dateModified\":\"2025-09-09T12:02:49+00:00\",\"breadcrumb\":{\"@id\":\"http:\/\/esclerosismultiplegalicia.org\/index.php\/2025\/02\/05\/paseando-coa-esclerose-de-acem-visibiliza-a-enfermidade-dende-unha-mirada-persoal\/#breadcrumb\"},\"inLanguage\":\"gl-ES\",\"potentialAction\":[{\"@type\":\"ReadAction\",\"target\":[\"http:\/\/esclerosismultiplegalicia.org\/index.php\/2025\/02\/05\/paseando-coa-esclerose-de-acem-visibiliza-a-enfermidade-dende-unha-mirada-persoal\/\"]}]},{\"@type\":\"BreadcrumbList\",\"@id\":\"http:\/\/esclerosismultiplegalicia.org\/index.php\/2025\/02\/05\/paseando-coa-esclerose-de-acem-visibiliza-a-enfermidade-dende-unha-mirada-persoal\/#breadcrumb\",\"itemListElement\":[{\"@type\":\"ListItem\",\"position\":1,\"name\":\"Inicio\",\"item\":\"https:\/\/esclerosismultiplegalicia.org\/\"},{\"@type\":\"ListItem\",\"position\":2,\"name\":\"Paseando coa Esclerose, de ACEM, visibiliza a enfermidade dende unha mirada persoal\"}]},{\"@type\":\"WebSite\",\"@id\":\"https:\/\/esclerosismultiplegalicia.org\/#website\",\"url\":\"https:\/\/esclerosismultiplegalicia.org\/\",\"name\":\"FEGADEM\",\"description\":\"Traballamos mellorando a calidade de vida das persoas con Esclerose M\u00faltiple en Galicia.\",\"publisher\":{\"@id\":\"https:\/\/esclerosismultiplegalicia.org\/#organization\"},\"potentialAction\":[{\"@type\":\"SearchAction\",\"target\":{\"@type\":\"EntryPoint\",\"urlTemplate\":\"https:\/\/esclerosismultiplegalicia.org\/?s={search_term_string}\"},\"query-input\":{\"@type\":\"PropertyValueSpecification\",\"valueRequired\":true,\"valueName\":\"search_term_string\"}}],\"inLanguage\":\"gl-ES\"},{\"@type\":\"Organization\",\"@id\":\"https:\/\/esclerosismultiplegalicia.org\/#organization\",\"name\":\"FEGADEM (Federaci\u00f3n Galega de Esclerose M\u00faltiple)\",\"url\":\"https:\/\/esclerosismultiplegalicia.org\/\",\"logo\":{\"@type\":\"ImageObject\",\"inLanguage\":\"gl-ES\",\"@id\":\"https:\/\/esclerosismultiplegalicia.org\/#\/schema\/logo\/image\/\",\"url\":\"http:\/\/esclerosismultiplegalicia.org\/wp-content\/uploads\/2025\/05\/cropped-FEGADEM_Imagotipo-scaled-1.png\",\"contentUrl\":\"http:\/\/esclerosismultiplegalicia.org\/wp-content\/uploads\/2025\/05\/cropped-FEGADEM_Imagotipo-scaled-1.png\",\"width\":2558,\"height\":1138,\"caption\":\"FEGADEM (Federaci\u00f3n Galega de Esclerose M\u00faltiple)\"},\"image\":{\"@id\":\"https:\/\/esclerosismultiplegalicia.org\/#\/schema\/logo\/image\/\"},\"sameAs\":[\"https:\/\/www.facebook.com\/esclerosemultiplegal?locale=es_ES\",\"https:\/\/x.com\/fegadem\",\"https:\/\/www.instagram.com\/esclerosemultiplegal\/\",\"https:\/\/www.youtube.com\/@fegademfederaciongalegadee3374\"]},{\"@type\":\"Person\",\"@id\":\"https:\/\/esclerosismultiplegalicia.org\/#\/schema\/person\/6c5800f07aa0462086b750a2df88cfb4\",\"name\":\"admin\",\"image\":{\"@type\":\"ImageObject\",\"inLanguage\":\"gl-ES\",\"@id\":\"https:\/\/esclerosismultiplegalicia.org\/#\/schema\/person\/image\/\",\"url\":\"https:\/\/secure.gravatar.com\/avatar\/6b01f9a90ea05bdd1053be7f0879b99bae6103fa66164176a65e4bd6fee73fba?s=96&d=mm&r=g\",\"contentUrl\":\"https:\/\/secure.gravatar.com\/avatar\/6b01f9a90ea05bdd1053be7f0879b99bae6103fa66164176a65e4bd6fee73fba?s=96&d=mm&r=g\",\"caption\":\"admin\"},\"sameAs\":[\"https:\/\/prueba.esclerosismultiplegalicia.org\"],\"url\":\"http:\/\/esclerosismultiplegalicia.org\/index.php\/author\/admin\/\"}]}<\/script>\n<!-- \/ Yoast SEO plugin. -->","yoast_head_json":{"title":"Paseando coa Esclerose, de ACEM, visibiliza a enfermidade dende unha mirada persoal - FEGADEM","robots":{"index":"index","follow":"follow","max-snippet":"max-snippet:-1","max-image-preview":"max-image-preview:large","max-video-preview":"max-video-preview:-1"},"canonical":"http:\/\/esclerosismultiplegalicia.org\/index.php\/2025\/02\/05\/paseando-coa-esclerose-de-acem-visibiliza-a-enfermidade-dende-unha-mirada-persoal\/","og_locale":"gl_ES","og_type":"article","og_title":"Paseando coa Esclerose, de ACEM, visibiliza a enfermidade dende unha mirada persoal - FEGADEM","og_description":"ACEM Coru\u00f1a publica todos os venres, na s\u00faa canle de&hellip; Ler m\u00e1is sobre Paseando coa Esclerose, de ACEM, visibiliza a enfermidade dende unha mirada persoal","og_url":"http:\/\/esclerosismultiplegalicia.org\/index.php\/2025\/02\/05\/paseando-coa-esclerose-de-acem-visibiliza-a-enfermidade-dende-unha-mirada-persoal\/","og_site_name":"FEGADEM","article_publisher":"https:\/\/www.facebook.com\/esclerosemultiplegal?locale=es_ES","article_published_time":"2025-02-05T13:01:00+00:00","article_modified_time":"2025-09-09T12:02:49+00:00","author":"admin","twitter_card":"summary_large_image","twitter_creator":"@fegadem","twitter_site":"@fegadem","twitter_misc":{"Escrito por":"admin","Tempo de lectura":"3 minutos"},"schema":{"@context":"https:\/\/schema.org","@graph":[{"@type":"Article","@id":"http:\/\/esclerosismultiplegalicia.org\/index.php\/2025\/02\/05\/paseando-coa-esclerose-de-acem-visibiliza-a-enfermidade-dende-unha-mirada-persoal\/#article","isPartOf":{"@id":"http:\/\/esclerosismultiplegalicia.org\/index.php\/2025\/02\/05\/paseando-coa-esclerose-de-acem-visibiliza-a-enfermidade-dende-unha-mirada-persoal\/"},"author":{"name":"admin","@id":"https:\/\/esclerosismultiplegalicia.org\/#\/schema\/person\/6c5800f07aa0462086b750a2df88cfb4"},"headline":"Paseando coa Esclerose, de ACEM, visibiliza a enfermidade dende unha mirada persoal","datePublished":"2025-02-05T13:01:00+00:00","dateModified":"2025-09-09T12:02:49+00:00","mainEntityOfPage":{"@id":"http:\/\/esclerosismultiplegalicia.org\/index.php\/2025\/02\/05\/paseando-coa-esclerose-de-acem-visibiliza-a-enfermidade-dende-unha-mirada-persoal\/"},"wordCount":523,"publisher":{"@id":"https:\/\/esclerosismultiplegalicia.org\/#organization"},"keywords":["Asociaci\u00f3ns membro","Experiencias"],"articleSection":["Novas"],"inLanguage":"gl-ES"},{"@type":"WebPage","@id":"http:\/\/esclerosismultiplegalicia.org\/index.php\/2025\/02\/05\/paseando-coa-esclerose-de-acem-visibiliza-a-enfermidade-dende-unha-mirada-persoal\/","url":"http:\/\/esclerosismultiplegalicia.org\/index.php\/2025\/02\/05\/paseando-coa-esclerose-de-acem-visibiliza-a-enfermidade-dende-unha-mirada-persoal\/","name":"Paseando coa Esclerose, de ACEM, visibiliza a enfermidade dende unha mirada persoal - FEGADEM","isPartOf":{"@id":"https:\/\/esclerosismultiplegalicia.org\/#website"},"datePublished":"2025-02-05T13:01:00+00:00","dateModified":"2025-09-09T12:02:49+00:00","breadcrumb":{"@id":"http:\/\/esclerosismultiplegalicia.org\/index.php\/2025\/02\/05\/paseando-coa-esclerose-de-acem-visibiliza-a-enfermidade-dende-unha-mirada-persoal\/#breadcrumb"},"inLanguage":"gl-ES","potentialAction":[{"@type":"ReadAction","target":["http:\/\/esclerosismultiplegalicia.org\/index.php\/2025\/02\/05\/paseando-coa-esclerose-de-acem-visibiliza-a-enfermidade-dende-unha-mirada-persoal\/"]}]},{"@type":"BreadcrumbList","@id":"http:\/\/esclerosismultiplegalicia.org\/index.php\/2025\/02\/05\/paseando-coa-esclerose-de-acem-visibiliza-a-enfermidade-dende-unha-mirada-persoal\/#breadcrumb","itemListElement":[{"@type":"ListItem","position":1,"name":"Inicio","item":"https:\/\/esclerosismultiplegalicia.org\/"},{"@type":"ListItem","position":2,"name":"Paseando coa Esclerose, de ACEM, visibiliza a enfermidade dende unha mirada persoal"}]},{"@type":"WebSite","@id":"https:\/\/esclerosismultiplegalicia.org\/#website","url":"https:\/\/esclerosismultiplegalicia.org\/","name":"FEGADEM","description":"Traballamos mellorando a calidade de vida das persoas con Esclerose M\u00faltiple en Galicia.","publisher":{"@id":"https:\/\/esclerosismultiplegalicia.org\/#organization"},"potentialAction":[{"@type":"SearchAction","target":{"@type":"EntryPoint","urlTemplate":"https:\/\/esclerosismultiplegalicia.org\/?s={search_term_string}"},"query-input":{"@type":"PropertyValueSpecification","valueRequired":true,"valueName":"search_term_string"}}],"inLanguage":"gl-ES"},{"@type":"Organization","@id":"https:\/\/esclerosismultiplegalicia.org\/#organization","name":"FEGADEM (Federaci\u00f3n Galega de Esclerose M\u00faltiple)","url":"https:\/\/esclerosismultiplegalicia.org\/","logo":{"@type":"ImageObject","inLanguage":"gl-ES","@id":"https:\/\/esclerosismultiplegalicia.org\/#\/schema\/logo\/image\/","url":"http:\/\/esclerosismultiplegalicia.org\/wp-content\/uploads\/2025\/05\/cropped-FEGADEM_Imagotipo-scaled-1.png","contentUrl":"http:\/\/esclerosismultiplegalicia.org\/wp-content\/uploads\/2025\/05\/cropped-FEGADEM_Imagotipo-scaled-1.png","width":2558,"height":1138,"caption":"FEGADEM (Federaci\u00f3n Galega de Esclerose M\u00faltiple)"},"image":{"@id":"https:\/\/esclerosismultiplegalicia.org\/#\/schema\/logo\/image\/"},"sameAs":["https:\/\/www.facebook.com\/esclerosemultiplegal?locale=es_ES","https:\/\/x.com\/fegadem","https:\/\/www.instagram.com\/esclerosemultiplegal\/","https:\/\/www.youtube.com\/@fegademfederaciongalegadee3374"]},{"@type":"Person","@id":"https:\/\/esclerosismultiplegalicia.org\/#\/schema\/person\/6c5800f07aa0462086b750a2df88cfb4","name":"admin","image":{"@type":"ImageObject","inLanguage":"gl-ES","@id":"https:\/\/esclerosismultiplegalicia.org\/#\/schema\/person\/image\/","url":"https:\/\/secure.gravatar.com\/avatar\/6b01f9a90ea05bdd1053be7f0879b99bae6103fa66164176a65e4bd6fee73fba?s=96&d=mm&r=g","contentUrl":"https:\/\/secure.gravatar.com\/avatar\/6b01f9a90ea05bdd1053be7f0879b99bae6103fa66164176a65e4bd6fee73fba?s=96&d=mm&r=g","caption":"admin"},"sameAs":["https:\/\/prueba.esclerosismultiplegalicia.org"],"url":"http:\/\/esclerosismultiplegalicia.org\/index.php\/author\/admin\/"}]}},"_links":{"self":[{"href":"http:\/\/esclerosismultiplegalicia.org\/index.php\/wp-json\/wp\/v2\/posts\/2829","targetHints":{"allow":["GET"]}}],"collection":[{"href":"http:\/\/esclerosismultiplegalicia.org\/index.php\/wp-json\/wp\/v2\/posts"}],"about":[{"href":"http:\/\/esclerosismultiplegalicia.org\/index.php\/wp-json\/wp\/v2\/types\/post"}],"author":[{"embeddable":true,"href":"http:\/\/esclerosismultiplegalicia.org\/index.php\/wp-json\/wp\/v2\/users\/1"}],"replies":[{"embeddable":true,"href":"http:\/\/esclerosismultiplegalicia.org\/index.php\/wp-json\/wp\/v2\/comments?post=2829"}],"version-history":[{"count":1,"href":"http:\/\/esclerosismultiplegalicia.org\/index.php\/wp-json\/wp\/v2\/posts\/2829\/revisions"}],"predecessor-version":[{"id":2830,"href":"http:\/\/esclerosismultiplegalicia.org\/index.php\/wp-json\/wp\/v2\/posts\/2829\/revisions\/2830"}],"wp:attachment":[{"href":"http:\/\/esclerosismultiplegalicia.org\/index.php\/wp-json\/wp\/v2\/media?parent=2829"}],"wp:term":[{"taxonomy":"category","embeddable":true,"href":"http:\/\/esclerosismultiplegalicia.org\/index.php\/wp-json\/wp\/v2\/categories?post=2829"},{"taxonomy":"post_tag","embeddable":true,"href":"http:\/\/esclerosismultiplegalicia.org\/index.php\/wp-json\/wp\/v2\/tags?post=2829"}],"curies":[{"name":"wp","href":"https:\/\/api.w.org\/{rel}","templated":true}]}}