{"id":2797,"date":"2024-12-12T13:28:00","date_gmt":"2024-12-12T12:28:00","guid":{"rendered":"https:\/\/prueba.esclerosismultiplegalicia.org\/?p=2797"},"modified":"2025-09-08T13:29:47","modified_gmt":"2025-09-08T11:29:47","slug":"a-disfaxia-na-esclerose-multiple-e-un-dos-sintomas-invisibles","status":"publish","type":"post","link":"http:\/\/esclerosismultiplegalicia.org\/index.php\/2024\/12\/12\/a-disfaxia-na-esclerose-multiple-e-un-dos-sintomas-invisibles\/","title":{"rendered":"A disfaxia na Esclerose M\u00faltiple \u00e9 un dos s\u00edntomas invisibles"},"content":{"rendered":"\n<h3 class=\"wp-block-heading has-theme-palette-2-color has-text-color has-link-color wp-elements-663accba0fe0b9179aadb8d0283f55b4\"><em>No D\u00eda Mundial da Disfaxia, 12 de decembro, dende FEGADEM queremos visibilizar este s\u00edntoma invisible co que conviven moitas persoas con Esclerose M\u00faltiple.<\/em><\/h3>\n\n\n\n<p>A&nbsp;<strong>disfaxia<\/strong>, ou dificultade para tragar, \u00e9 un&nbsp;<a href=\"https:\/\/esclerosismultiplegalicia.org\/como_se_pode_manifestar_esclerose_multiple_ga.html\" target=\"_blank\" rel=\"noreferrer noopener\">s\u00edntoma<\/a>&nbsp;complexo e pouco co\u00f1ecido que afecta a moitas persoas con<a href=\"https:\/\/esclerosismultiplegalicia.org\/esclerose_multiple_ga.html\" target=\"_blank\" rel=\"noreferrer noopener\">&nbsp;<strong>Esclerose M\u00faltiple (EM)<\/strong><\/a>. A pesares de ser unha realidade frecuente, segue sendo un dos&nbsp;<strong>s\u00edntomas invisibilizados<\/strong>&nbsp;da enfermidade, como ocorre con outros asociados \u00e1 EM.<\/p>\n\n\n\n<h3 class=\"wp-block-heading\"><strong>Que \u00e9 a disfaxia?<\/strong><\/h3>\n\n\n\n<p>A disfaxia \u00e9 a dificultade para trasladar alimentos l\u00edquidos ou mesmo saliva dende a boca ata o est\u00f3mago. En persoas con EM, adoita estar asociada \u00e1s fases avanzadas da enfermidade, pero tam\u00e9n pode presentarse en etapas iniciais. De feito, est\u00edmase que&nbsp;<strong>m\u00e1is do 43% das persoas con EM<\/strong>&nbsp;experimentan disfaxia nalg\u00fan momento, a\u00ednda que este dato pode variar dependendo do m\u00e9todo de avaliaci\u00f3n utilizado.<\/p>\n\n\n\n<p>En funci\u00f3n da \u00e1rea afectada,&nbsp;<strong>a disfaxia pode ser:<\/strong><\/p>\n\n\n\n<ul class=\"wp-block-list\">\n<li><strong>Orofar\u00ednxea<\/strong>: dificultade para mover o bolo alimenticio da boca ao es\u00f3fago. Este tipo \u00e9 o m\u00e1is habitual na EM.<\/li>\n\n\n\n<li><strong>Esof\u00e1xica<\/strong>: dificultade para trasladar o alimento dende o es\u00f3fago ata o est\u00f3mago.<\/li>\n<\/ul>\n\n\n\n<p>Este s\u00edntoma, ademais de causar incomodidade, pode derivar en complicaci\u00f3ns graves como pneumon\u00edas, desnutrici\u00f3n, deshidrataci\u00f3n ou atragantamentos. \u00c9 tam\u00e9n unha causa importante de&nbsp;<strong>deterioro na calidade de vida<\/strong>, tanto a nivel f\u00edsico como social, xa que pode limitar as interacci\u00f3ns e aumentar o illamento.<\/p>\n\n\n\n<h3 class=\"wp-block-heading\"><strong>S\u00edntomas invisibles, consecuencias reais<\/strong><\/h3>\n\n\n\n<p>Moitas veces, a disfaxia pasa desapercibida, especialmente ao inicio, cando as sinais poden ser pouco visibles. Algunhas destas son:<\/p>\n\n\n\n<ul class=\"wp-block-list\">\n<li><strong>Tos ou carraspeo<\/strong>\u00a0ao comer ou inmediatamente despois.<\/li>\n\n\n\n<li>Sensaci\u00f3n de que a comida queda\u00a0<strong>atrapada na gorxa<\/strong>.<\/li>\n\n\n\n<li><strong>Necesidade de tragar\u00a0<\/strong>repetidamente ou en pequenas cantidades.<\/li>\n\n\n\n<li><strong>Dificultade<\/strong>\u00a0para manexar a comida na boca.<\/li>\n\n\n\n<li><strong>Perda de peso<\/strong>\u00a0ou episodios recorrentes de<strong>\u00a0infeci\u00f3ns respiratorias<\/strong>.<\/li>\n<\/ul>\n\n\n\n<p>Estes s\u00edntomas, invisibles para quen arrodea \u00e1 persoa, poden comprometer a sa\u00fade se non se detectan e tratan a tempo.<\/p>\n\n\n\n<h3 class=\"wp-block-heading\"><strong>A abordaxe da disfaxia na EM<\/strong><\/h3>\n\n\n\n<p>Unha das claves para tratar a disfaxia \u00e9 a&nbsp;<strong>detecci\u00f3n precoz<\/strong>. Avaliar a capacidade de degluci\u00f3n permite identificar o tipo e grao do problema, as\u00ed como dese\u00f1ar<strong>&nbsp;intervenci\u00f3ns espec\u00edficas<\/strong>&nbsp;para cada persoa. As estratexias de tratamento incl\u00faen:<\/p>\n\n\n\n<ul class=\"wp-block-list\">\n<li><strong>Intervenci\u00f3n logop\u00e9dica<\/strong>: o\/a logopeda traballa na rehabilitaci\u00f3n da musculatura implicada na degluci\u00f3n, utiliza t\u00e9cnicas posturais e pode empregar ferramentas como a estimulaci\u00f3n el\u00e9ctrica neuromuscular (NMES) para mellorar a funcionalidade.<\/li>\n\n\n\n<li><strong>Adaptaci\u00f3n da dieta<\/strong>: acons\u00e9llase axustar a textura dos alimentos e l\u00edquidos para evitar atragantamentos e asegurar un estado nutricional \u00f3ptimo. A orientaci\u00f3n dun\/ha nutricionista \u00e9 clave neste proceso.<\/li>\n\n\n\n<li><strong>Educaci\u00f3n e sensibilizaci\u00f3n<\/strong>: ensinar t\u00e9cnicas e pautas para previr complicaci\u00f3ns, inclu\u00edndo cambios nos h\u00e1bitos alimentarios e no entorno.<\/li>\n<\/ul>\n\n\n\n<p>Nas&nbsp;<a href=\"https:\/\/esclerosismultiplegalicia.org\/entidades_socias_fegadem_ga.html\" target=\"_blank\" rel=\"noreferrer noopener\"><strong>nosas entidades<\/strong><\/a>&nbsp;contamos con profesionais especializados\/as para&nbsp;<strong>axudar \u00e1s persoas con EM a xestionar este s\u00edntoma<\/strong>. Traballamos con enfoques personalizados para mellorar a seguridade na alimentaci\u00f3n, mellorar a calidade de vida e previr riscos maiores.<\/p>\n\n\n\n<h3 class=\"wp-block-heading\"><strong>A importancia de visibilizar a disfaxia<\/strong><\/h3>\n\n\n\n<p>A disfaxia \u00e9 un exemplo m\u00e1is dos moitos&nbsp;<strong>s\u00edntomas invisibles<\/strong>&nbsp;que caracterizan \u00e1 Esclerose M\u00faltiple. Reco\u00f1ecelos e po\u00f1elos sobre a mesa \u00e9 esencial para garantir que as persoas reciban o apoio e os recursos necesarios.<\/p>\n\n\n\n<p>Hoxe, 12 de decembro, \u00e9 o&nbsp;<strong>D\u00eda Mundial da Disfaxia<\/strong>, e anim\u00e1moste a reflexionar sobre a importancia de dar visibilidade ao invisible.&nbsp;<strong>A sa\u00fade, o benestar e a dignidade<\/strong>&nbsp;das persoas con EM dependen de que todos e todas esteamos m\u00e1is informados\/as e comprometidos\/as.<\/p>\n\n\n\n<p><strong>Consulta con profesionais e inf\u00f3rmate sobre como podemos axudarche nas nosas entidades. Porque ning\u00fan s\u00edntoma, por invisible que pareza, deber\u00eda quedar sen atenci\u00f3n.<\/strong><\/p>\n\n\n\n<h4 class=\"wp-block-heading\"><strong>Fontes da informaci\u00f3n:&nbsp;<\/strong><\/h4>\n\n\n\n<p>&#8211;&nbsp;<a href=\"https:\/\/emforma.esclerosismultiple.com\/blog\/habitos-saludables\/disfagia-esclerosis-multiple\/\" target=\"_blank\" rel=\"noreferrer noopener\">Disfagia y Esclerosis M\u00faltiple (EMForma)<\/a><\/p>\n\n\n\n<p>&#8211;&nbsp;<a href=\"https:\/\/www.fem.es\/es\/la-disfagia-en-la-esclerosis-multiple-y-la-estimulacion-electrica-neuromuscular\/\" target=\"_blank\" rel=\"noreferrer noopener\">La disfagia en la esclerosis m\u00faltiple y la estimulaci\u00f3n el\u00e9ctrica neuromuscular (Fundaci\u00f3 Esclerosi M\u00faltiple)<\/a><\/p>\n\n\n\n<p>&#8211;&nbsp;<a href=\"https:\/\/www.grupogamma.com\/disfagia-en-la-esclerosis-multiple\/\" target=\"_blank\" rel=\"noreferrer noopener\">Disfagia en la Esclerosis M\u00faltiple: un s\u00edntoma invisible (Grupo Gamma)<\/a><\/p>\n","protected":false},"excerpt":{"rendered":"<p>No D\u00eda Mundial da Disfaxia, 12 de decembro, dende FEGADEM&hellip; <a class=\"continue\" href=\"http:\/\/esclerosismultiplegalicia.org\/index.php\/2024\/12\/12\/a-disfaxia-na-esclerose-multiple-e-un-dos-sintomas-invisibles\/\">Ler m\u00e1is sobre<span> A disfaxia na Esclerose M\u00faltiple \u00e9 un dos s\u00edntomas invisibles<\/span><\/a><\/p>\n","protected":false},"author":1,"featured_media":0,"comment_status":"closed","ping_status":"closed","sticky":false,"template":"","format":"standard","meta":{"_kad_post_transparent":"","_kad_post_title":"","_kad_post_layout":"","_kad_post_sidebar_id":"","_kad_post_content_style":"","_kad_post_vertical_padding":"","_kad_post_feature":"","_kad_post_feature_position":"","_kad_post_header":false,"_kad_post_footer":false,"footnotes":""},"categories":[103],"tags":[13],"class_list":["post-2797","post","type-post","status-publish","format-standard","hentry","category-novas","tag-fegadem"],"yoast_head":"<!-- This site is optimized with the Yoast SEO plugin v26.1.1 - https:\/\/yoast.com\/wordpress\/plugins\/seo\/ -->\n<title>A disfaxia na Esclerose M\u00faltiple \u00e9 un dos s\u00edntomas invisibles - FEGADEM<\/title>\n<meta name=\"robots\" content=\"index, follow, max-snippet:-1, max-image-preview:large, max-video-preview:-1\" \/>\n<link rel=\"canonical\" href=\"http:\/\/esclerosismultiplegalicia.org\/index.php\/2024\/12\/12\/a-disfaxia-na-esclerose-multiple-e-un-dos-sintomas-invisibles\/\" \/>\n<meta property=\"og:locale\" content=\"gl_ES\" \/>\n<meta property=\"og:type\" content=\"article\" \/>\n<meta property=\"og:title\" content=\"A disfaxia na Esclerose M\u00faltiple \u00e9 un dos s\u00edntomas invisibles - FEGADEM\" \/>\n<meta property=\"og:description\" content=\"No D\u00eda Mundial da Disfaxia, 12 de decembro, dende FEGADEM&hellip; Ler m\u00e1is sobre A disfaxia na Esclerose M\u00faltiple \u00e9 un dos s\u00edntomas invisibles\" \/>\n<meta property=\"og:url\" content=\"http:\/\/esclerosismultiplegalicia.org\/index.php\/2024\/12\/12\/a-disfaxia-na-esclerose-multiple-e-un-dos-sintomas-invisibles\/\" \/>\n<meta property=\"og:site_name\" content=\"FEGADEM\" \/>\n<meta property=\"article:publisher\" content=\"https:\/\/www.facebook.com\/esclerosemultiplegal?locale=es_ES\" \/>\n<meta property=\"article:published_time\" content=\"2024-12-12T12:28:00+00:00\" \/>\n<meta property=\"article:modified_time\" content=\"2025-09-08T11:29:47+00:00\" \/>\n<meta name=\"author\" content=\"admin\" \/>\n<meta name=\"twitter:card\" content=\"summary_large_image\" \/>\n<meta name=\"twitter:creator\" content=\"@fegadem\" \/>\n<meta name=\"twitter:site\" content=\"@fegadem\" \/>\n<meta name=\"twitter:label1\" content=\"Escrito por\" \/>\n\t<meta name=\"twitter:data1\" content=\"admin\" \/>\n\t<meta name=\"twitter:label2\" content=\"Tempo de lectura\" \/>\n\t<meta name=\"twitter:data2\" content=\"3 minutos\" \/>\n<script type=\"application\/ld+json\" class=\"yoast-schema-graph\">{\"@context\":\"https:\/\/schema.org\",\"@graph\":[{\"@type\":\"Article\",\"@id\":\"http:\/\/esclerosismultiplegalicia.org\/index.php\/2024\/12\/12\/a-disfaxia-na-esclerose-multiple-e-un-dos-sintomas-invisibles\/#article\",\"isPartOf\":{\"@id\":\"http:\/\/esclerosismultiplegalicia.org\/index.php\/2024\/12\/12\/a-disfaxia-na-esclerose-multiple-e-un-dos-sintomas-invisibles\/\"},\"author\":{\"name\":\"admin\",\"@id\":\"https:\/\/esclerosismultiplegalicia.org\/#\/schema\/person\/6c5800f07aa0462086b750a2df88cfb4\"},\"headline\":\"A disfaxia na Esclerose M\u00faltiple \u00e9 un dos s\u00edntomas invisibles\",\"datePublished\":\"2024-12-12T12:28:00+00:00\",\"dateModified\":\"2025-09-08T11:29:47+00:00\",\"mainEntityOfPage\":{\"@id\":\"http:\/\/esclerosismultiplegalicia.org\/index.php\/2024\/12\/12\/a-disfaxia-na-esclerose-multiple-e-un-dos-sintomas-invisibles\/\"},\"wordCount\":708,\"publisher\":{\"@id\":\"https:\/\/esclerosismultiplegalicia.org\/#organization\"},\"keywords\":[\"FEGADEM\"],\"articleSection\":[\"Novas\"],\"inLanguage\":\"gl-ES\"},{\"@type\":\"WebPage\",\"@id\":\"http:\/\/esclerosismultiplegalicia.org\/index.php\/2024\/12\/12\/a-disfaxia-na-esclerose-multiple-e-un-dos-sintomas-invisibles\/\",\"url\":\"http:\/\/esclerosismultiplegalicia.org\/index.php\/2024\/12\/12\/a-disfaxia-na-esclerose-multiple-e-un-dos-sintomas-invisibles\/\",\"name\":\"A disfaxia na Esclerose M\u00faltiple \u00e9 un dos s\u00edntomas invisibles - FEGADEM\",\"isPartOf\":{\"@id\":\"https:\/\/esclerosismultiplegalicia.org\/#website\"},\"datePublished\":\"2024-12-12T12:28:00+00:00\",\"dateModified\":\"2025-09-08T11:29:47+00:00\",\"breadcrumb\":{\"@id\":\"http:\/\/esclerosismultiplegalicia.org\/index.php\/2024\/12\/12\/a-disfaxia-na-esclerose-multiple-e-un-dos-sintomas-invisibles\/#breadcrumb\"},\"inLanguage\":\"gl-ES\",\"potentialAction\":[{\"@type\":\"ReadAction\",\"target\":[\"http:\/\/esclerosismultiplegalicia.org\/index.php\/2024\/12\/12\/a-disfaxia-na-esclerose-multiple-e-un-dos-sintomas-invisibles\/\"]}]},{\"@type\":\"BreadcrumbList\",\"@id\":\"http:\/\/esclerosismultiplegalicia.org\/index.php\/2024\/12\/12\/a-disfaxia-na-esclerose-multiple-e-un-dos-sintomas-invisibles\/#breadcrumb\",\"itemListElement\":[{\"@type\":\"ListItem\",\"position\":1,\"name\":\"Inicio\",\"item\":\"https:\/\/esclerosismultiplegalicia.org\/\"},{\"@type\":\"ListItem\",\"position\":2,\"name\":\"A disfaxia na Esclerose M\u00faltiple \u00e9 un dos s\u00edntomas invisibles\"}]},{\"@type\":\"WebSite\",\"@id\":\"https:\/\/esclerosismultiplegalicia.org\/#website\",\"url\":\"https:\/\/esclerosismultiplegalicia.org\/\",\"name\":\"FEGADEM\",\"description\":\"Traballamos mellorando a calidade de vida das persoas con Esclerose M\u00faltiple en Galicia.\",\"publisher\":{\"@id\":\"https:\/\/esclerosismultiplegalicia.org\/#organization\"},\"potentialAction\":[{\"@type\":\"SearchAction\",\"target\":{\"@type\":\"EntryPoint\",\"urlTemplate\":\"https:\/\/esclerosismultiplegalicia.org\/?s={search_term_string}\"},\"query-input\":{\"@type\":\"PropertyValueSpecification\",\"valueRequired\":true,\"valueName\":\"search_term_string\"}}],\"inLanguage\":\"gl-ES\"},{\"@type\":\"Organization\",\"@id\":\"https:\/\/esclerosismultiplegalicia.org\/#organization\",\"name\":\"FEGADEM (Federaci\u00f3n Galega de Esclerose M\u00faltiple)\",\"url\":\"https:\/\/esclerosismultiplegalicia.org\/\",\"logo\":{\"@type\":\"ImageObject\",\"inLanguage\":\"gl-ES\",\"@id\":\"https:\/\/esclerosismultiplegalicia.org\/#\/schema\/logo\/image\/\",\"url\":\"http:\/\/esclerosismultiplegalicia.org\/wp-content\/uploads\/2025\/05\/cropped-FEGADEM_Imagotipo-scaled-1.png\",\"contentUrl\":\"http:\/\/esclerosismultiplegalicia.org\/wp-content\/uploads\/2025\/05\/cropped-FEGADEM_Imagotipo-scaled-1.png\",\"width\":2558,\"height\":1138,\"caption\":\"FEGADEM (Federaci\u00f3n Galega de Esclerose M\u00faltiple)\"},\"image\":{\"@id\":\"https:\/\/esclerosismultiplegalicia.org\/#\/schema\/logo\/image\/\"},\"sameAs\":[\"https:\/\/www.facebook.com\/esclerosemultiplegal?locale=es_ES\",\"https:\/\/x.com\/fegadem\",\"https:\/\/www.instagram.com\/esclerosemultiplegal\/\",\"https:\/\/www.youtube.com\/@fegademfederaciongalegadee3374\"]},{\"@type\":\"Person\",\"@id\":\"https:\/\/esclerosismultiplegalicia.org\/#\/schema\/person\/6c5800f07aa0462086b750a2df88cfb4\",\"name\":\"admin\",\"image\":{\"@type\":\"ImageObject\",\"inLanguage\":\"gl-ES\",\"@id\":\"https:\/\/esclerosismultiplegalicia.org\/#\/schema\/person\/image\/\",\"url\":\"https:\/\/secure.gravatar.com\/avatar\/6b01f9a90ea05bdd1053be7f0879b99bae6103fa66164176a65e4bd6fee73fba?s=96&d=mm&r=g\",\"contentUrl\":\"https:\/\/secure.gravatar.com\/avatar\/6b01f9a90ea05bdd1053be7f0879b99bae6103fa66164176a65e4bd6fee73fba?s=96&d=mm&r=g\",\"caption\":\"admin\"},\"sameAs\":[\"https:\/\/prueba.esclerosismultiplegalicia.org\"],\"url\":\"http:\/\/esclerosismultiplegalicia.org\/index.php\/author\/admin\/\"}]}<\/script>\n<!-- \/ Yoast SEO plugin. -->","yoast_head_json":{"title":"A disfaxia na Esclerose M\u00faltiple \u00e9 un dos s\u00edntomas invisibles - FEGADEM","robots":{"index":"index","follow":"follow","max-snippet":"max-snippet:-1","max-image-preview":"max-image-preview:large","max-video-preview":"max-video-preview:-1"},"canonical":"http:\/\/esclerosismultiplegalicia.org\/index.php\/2024\/12\/12\/a-disfaxia-na-esclerose-multiple-e-un-dos-sintomas-invisibles\/","og_locale":"gl_ES","og_type":"article","og_title":"A disfaxia na Esclerose M\u00faltiple \u00e9 un dos s\u00edntomas invisibles - FEGADEM","og_description":"No D\u00eda Mundial da Disfaxia, 12 de decembro, dende FEGADEM&hellip; Ler m\u00e1is sobre A disfaxia na Esclerose M\u00faltiple \u00e9 un dos s\u00edntomas invisibles","og_url":"http:\/\/esclerosismultiplegalicia.org\/index.php\/2024\/12\/12\/a-disfaxia-na-esclerose-multiple-e-un-dos-sintomas-invisibles\/","og_site_name":"FEGADEM","article_publisher":"https:\/\/www.facebook.com\/esclerosemultiplegal?locale=es_ES","article_published_time":"2024-12-12T12:28:00+00:00","article_modified_time":"2025-09-08T11:29:47+00:00","author":"admin","twitter_card":"summary_large_image","twitter_creator":"@fegadem","twitter_site":"@fegadem","twitter_misc":{"Escrito por":"admin","Tempo de lectura":"3 minutos"},"schema":{"@context":"https:\/\/schema.org","@graph":[{"@type":"Article","@id":"http:\/\/esclerosismultiplegalicia.org\/index.php\/2024\/12\/12\/a-disfaxia-na-esclerose-multiple-e-un-dos-sintomas-invisibles\/#article","isPartOf":{"@id":"http:\/\/esclerosismultiplegalicia.org\/index.php\/2024\/12\/12\/a-disfaxia-na-esclerose-multiple-e-un-dos-sintomas-invisibles\/"},"author":{"name":"admin","@id":"https:\/\/esclerosismultiplegalicia.org\/#\/schema\/person\/6c5800f07aa0462086b750a2df88cfb4"},"headline":"A disfaxia na Esclerose M\u00faltiple \u00e9 un dos s\u00edntomas invisibles","datePublished":"2024-12-12T12:28:00+00:00","dateModified":"2025-09-08T11:29:47+00:00","mainEntityOfPage":{"@id":"http:\/\/esclerosismultiplegalicia.org\/index.php\/2024\/12\/12\/a-disfaxia-na-esclerose-multiple-e-un-dos-sintomas-invisibles\/"},"wordCount":708,"publisher":{"@id":"https:\/\/esclerosismultiplegalicia.org\/#organization"},"keywords":["FEGADEM"],"articleSection":["Novas"],"inLanguage":"gl-ES"},{"@type":"WebPage","@id":"http:\/\/esclerosismultiplegalicia.org\/index.php\/2024\/12\/12\/a-disfaxia-na-esclerose-multiple-e-un-dos-sintomas-invisibles\/","url":"http:\/\/esclerosismultiplegalicia.org\/index.php\/2024\/12\/12\/a-disfaxia-na-esclerose-multiple-e-un-dos-sintomas-invisibles\/","name":"A disfaxia na Esclerose M\u00faltiple \u00e9 un dos s\u00edntomas invisibles - FEGADEM","isPartOf":{"@id":"https:\/\/esclerosismultiplegalicia.org\/#website"},"datePublished":"2024-12-12T12:28:00+00:00","dateModified":"2025-09-08T11:29:47+00:00","breadcrumb":{"@id":"http:\/\/esclerosismultiplegalicia.org\/index.php\/2024\/12\/12\/a-disfaxia-na-esclerose-multiple-e-un-dos-sintomas-invisibles\/#breadcrumb"},"inLanguage":"gl-ES","potentialAction":[{"@type":"ReadAction","target":["http:\/\/esclerosismultiplegalicia.org\/index.php\/2024\/12\/12\/a-disfaxia-na-esclerose-multiple-e-un-dos-sintomas-invisibles\/"]}]},{"@type":"BreadcrumbList","@id":"http:\/\/esclerosismultiplegalicia.org\/index.php\/2024\/12\/12\/a-disfaxia-na-esclerose-multiple-e-un-dos-sintomas-invisibles\/#breadcrumb","itemListElement":[{"@type":"ListItem","position":1,"name":"Inicio","item":"https:\/\/esclerosismultiplegalicia.org\/"},{"@type":"ListItem","position":2,"name":"A disfaxia na Esclerose M\u00faltiple \u00e9 un dos s\u00edntomas invisibles"}]},{"@type":"WebSite","@id":"https:\/\/esclerosismultiplegalicia.org\/#website","url":"https:\/\/esclerosismultiplegalicia.org\/","name":"FEGADEM","description":"Traballamos mellorando a calidade de vida das persoas con Esclerose M\u00faltiple en Galicia.","publisher":{"@id":"https:\/\/esclerosismultiplegalicia.org\/#organization"},"potentialAction":[{"@type":"SearchAction","target":{"@type":"EntryPoint","urlTemplate":"https:\/\/esclerosismultiplegalicia.org\/?s={search_term_string}"},"query-input":{"@type":"PropertyValueSpecification","valueRequired":true,"valueName":"search_term_string"}}],"inLanguage":"gl-ES"},{"@type":"Organization","@id":"https:\/\/esclerosismultiplegalicia.org\/#organization","name":"FEGADEM (Federaci\u00f3n Galega de Esclerose M\u00faltiple)","url":"https:\/\/esclerosismultiplegalicia.org\/","logo":{"@type":"ImageObject","inLanguage":"gl-ES","@id":"https:\/\/esclerosismultiplegalicia.org\/#\/schema\/logo\/image\/","url":"http:\/\/esclerosismultiplegalicia.org\/wp-content\/uploads\/2025\/05\/cropped-FEGADEM_Imagotipo-scaled-1.png","contentUrl":"http:\/\/esclerosismultiplegalicia.org\/wp-content\/uploads\/2025\/05\/cropped-FEGADEM_Imagotipo-scaled-1.png","width":2558,"height":1138,"caption":"FEGADEM (Federaci\u00f3n Galega de Esclerose M\u00faltiple)"},"image":{"@id":"https:\/\/esclerosismultiplegalicia.org\/#\/schema\/logo\/image\/"},"sameAs":["https:\/\/www.facebook.com\/esclerosemultiplegal?locale=es_ES","https:\/\/x.com\/fegadem","https:\/\/www.instagram.com\/esclerosemultiplegal\/","https:\/\/www.youtube.com\/@fegademfederaciongalegadee3374"]},{"@type":"Person","@id":"https:\/\/esclerosismultiplegalicia.org\/#\/schema\/person\/6c5800f07aa0462086b750a2df88cfb4","name":"admin","image":{"@type":"ImageObject","inLanguage":"gl-ES","@id":"https:\/\/esclerosismultiplegalicia.org\/#\/schema\/person\/image\/","url":"https:\/\/secure.gravatar.com\/avatar\/6b01f9a90ea05bdd1053be7f0879b99bae6103fa66164176a65e4bd6fee73fba?s=96&d=mm&r=g","contentUrl":"https:\/\/secure.gravatar.com\/avatar\/6b01f9a90ea05bdd1053be7f0879b99bae6103fa66164176a65e4bd6fee73fba?s=96&d=mm&r=g","caption":"admin"},"sameAs":["https:\/\/prueba.esclerosismultiplegalicia.org"],"url":"http:\/\/esclerosismultiplegalicia.org\/index.php\/author\/admin\/"}]}},"_links":{"self":[{"href":"http:\/\/esclerosismultiplegalicia.org\/index.php\/wp-json\/wp\/v2\/posts\/2797","targetHints":{"allow":["GET"]}}],"collection":[{"href":"http:\/\/esclerosismultiplegalicia.org\/index.php\/wp-json\/wp\/v2\/posts"}],"about":[{"href":"http:\/\/esclerosismultiplegalicia.org\/index.php\/wp-json\/wp\/v2\/types\/post"}],"author":[{"embeddable":true,"href":"http:\/\/esclerosismultiplegalicia.org\/index.php\/wp-json\/wp\/v2\/users\/1"}],"replies":[{"embeddable":true,"href":"http:\/\/esclerosismultiplegalicia.org\/index.php\/wp-json\/wp\/v2\/comments?post=2797"}],"version-history":[{"count":1,"href":"http:\/\/esclerosismultiplegalicia.org\/index.php\/wp-json\/wp\/v2\/posts\/2797\/revisions"}],"predecessor-version":[{"id":2798,"href":"http:\/\/esclerosismultiplegalicia.org\/index.php\/wp-json\/wp\/v2\/posts\/2797\/revisions\/2798"}],"wp:attachment":[{"href":"http:\/\/esclerosismultiplegalicia.org\/index.php\/wp-json\/wp\/v2\/media?parent=2797"}],"wp:term":[{"taxonomy":"category","embeddable":true,"href":"http:\/\/esclerosismultiplegalicia.org\/index.php\/wp-json\/wp\/v2\/categories?post=2797"},{"taxonomy":"post_tag","embeddable":true,"href":"http:\/\/esclerosismultiplegalicia.org\/index.php\/wp-json\/wp\/v2\/tags?post=2797"}],"curies":[{"name":"wp","href":"https:\/\/api.w.org\/{rel}","templated":true}]}}