{"id":2789,"date":"2024-11-29T16:54:00","date_gmt":"2024-11-29T15:54:00","guid":{"rendered":"https:\/\/prueba.esclerosismultiplegalicia.org\/?p=2789"},"modified":"2025-09-08T13:22:06","modified_gmt":"2025-09-08T11:22:06","slug":"en-fegadem-asistimos-ao-ii-foro-acem-de-enfermidades-neurodexenerativas-celebrado-en-santiago-de-compostela","status":"publish","type":"post","link":"http:\/\/esclerosismultiplegalicia.org\/index.php\/2024\/11\/29\/en-fegadem-asistimos-ao-ii-foro-acem-de-enfermidades-neurodexenerativas-celebrado-en-santiago-de-compostela\/","title":{"rendered":"En FEGADEM asistimos ao II Foro ACEM de Enfermidades Neurodexenerativas celebrado en Santiago de Compostela"},"content":{"rendered":"\n<h3 class=\"wp-block-heading has-theme-palette-2-color has-text-color has-link-color wp-elements-608b1bf0700c1b5210ff2d4ed7e244c1\"><em>No evento falouse sobre Esclerose M\u00faltiple, Esclerose Lateral Amiotr\u00f3fica e P\u00e1rkinson, con profesionais e persoas afectadas.<\/em><\/h3>\n\n\n\n<p>Onte tivemos a honra de asistir como p\u00fablico e en sinal de apoio ao&nbsp;<a href=\"https:\/\/www.acemsantiago.org\/iiforoacem-stgo\" target=\"_blank\" rel=\"noreferrer noopener\"><strong>II Foro ACEM de Enfermidades Neurodexenerativas<\/strong><\/a>, celebrado en Santiago de Compostela no sal\u00f3n de actos do edificio Cersia. Este evento, organizado por&nbsp;<a href=\"https:\/\/www.acemsantiago.org\/index.php\" target=\"_blank\" rel=\"noreferrer noopener\">ACEM Santiago<\/a>, \u00e9 un punto de encontro para reflexionar, sensibilizar e dar voz \u00e1s persoas con&nbsp;<a href=\"https:\/\/esclerosismultiplegalicia.org\/esclerose_multiple_ga.html\" target=\"_blank\" rel=\"noreferrer noopener\"><strong>Esclerose M\u00faltiple (EM)<\/strong><\/a>,&nbsp;<strong>P\u00e1rkinson<\/strong>&nbsp;e&nbsp;<strong>Esclerose Lateral Amiotr\u00f3fica (ELA)<\/strong>, as\u00ed como \u00e1s s\u00faas familias, profesionais e investigadoras e investigadores.<\/p>\n\n\n\n<p>Dende&nbsp;<strong>FEGADEM<\/strong>&nbsp;queremos expresar o noso agradecemento a ACEM e a todas as entidades colaboradoras e patrocinadoras que fixeron posible esta iniciativa, fomentando a visibilizaci\u00f3n destas enfermidades neurodexenerativas e contribu\u00edndo ao di\u00e1logo entre os diferentes axentes implicados.<\/p>\n\n\n\n<h3 class=\"wp-block-heading\"><strong>Reflexionar e sensibilizar<\/strong><\/h3>\n\n\n\n<p>A xornada desenvolveuse en horario de ma\u00f1\u00e1 e tarde cun programa diverso e enriquecedor que combinou mesas redondas e testemu\u00f1as en primeira persoa.<\/p>\n\n\n\n<h4 class=\"wp-block-heading\"><strong>Sesi\u00f3n de ma\u00f1\u00e1: da Lei ELA \u00e1s experiencias persoais<\/strong><\/h4>\n\n\n\n<p>Comezamos a xornada coa&nbsp;<strong>Mesa sobre Esclerose Lateral Amiotr\u00f3fica (ELA)<\/strong>, onde profesionais como a&nbsp;<strong>Dra. Beatrice Cannedi Heredia<\/strong>, a terapeuta ocupacional&nbsp;<strong>Cristina Mart\u00ednez Silva<\/strong>&nbsp;(AGAELA), a vicepresidenta de AGAELA&nbsp;<strong>Susi Seoane Lema<\/strong>&nbsp;e o director de ACEM&nbsp;<strong>Marcos Moure<\/strong>, afondaron na&nbsp;<strong>Lei ELA:<\/strong>&nbsp;un paso importante para o reco\u00f1ecemento dos dereitos das persoas afectadas. Con todo, os\/as profesionais destacaron que esta lei representa tan s\u00f3 un&nbsp;<strong>primeiro paso<\/strong>. Queda moito cami\u00f1o por percorrer, moitas loitas que emprender e \u00e9 fundamental avanzar no&nbsp;<strong>desenvolvemento de recursos espec\u00edficos, apoio integral e igualdade de oportunidades para todas as persoas<\/strong>.<\/p>\n\n\n\n<p>A continuaci\u00f3n, a&nbsp;<strong>Mesa de Experiencias<\/strong>&nbsp;achegounos \u00e1s vivencias persoais de&nbsp;<strong>Yolanda Bargados<\/strong>, con EM, e&nbsp;<strong>V\u00edctor Arciniegas<\/strong>, con P\u00e1rkinson. Os seus relatos lembr\u00e1ronnos a importancia de&nbsp;<strong>naturalizar estas enfermidades e os seus s\u00edntomas<\/strong>, \u00e1s veces invisibles, pero que afectan \u00e1 vida diaria das persoas.<\/p>\n\n\n\n<h4 class=\"wp-block-heading\"><strong>Sesi\u00f3n de tarde: Esclerose M\u00faltiple e P\u00e1rkinson<\/strong><\/h4>\n\n\n\n<p>Pola tarde, a&nbsp;<strong>Mesa sobre Esclerose M\u00faltiple<\/strong>&nbsp;abordou o papel do sistema inmunitario e a nutrici\u00f3n na xesti\u00f3n desta enfermidade. Expertos como o&nbsp;<strong>Dr. Jos\u00e9 Mar\u00eda \u00d3scar Prieto<\/strong>&nbsp;e o&nbsp;<strong>Dr. Jos\u00e9 G\u00f3mez Rial&nbsp;<\/strong>compartiron co\u00f1ecementos fundamentais para comprender os avances nesta \u00e1rea, mentres que a nutricionista&nbsp;<strong>Luc\u00eda Terzi<\/strong>&nbsp;destacou a relevancia dun enfoque integral para mellorar a calidade de vida.<\/p>\n\n\n\n<p>Finalmente, a&nbsp;<strong>Mesa sobre P\u00e1rkinson<\/strong>&nbsp;centrouse en&nbsp;<strong>novos abordaxes terap\u00e9uticos<\/strong>, inclu\u00edndo avances en neuropsicolox\u00eda e fisioterapia, presentados por profesionais de referencia como a&nbsp;<strong>Dra. Isabel Jim\u00e9nez<\/strong>&nbsp;e o&nbsp;<strong>Dr. Pablo Campo<\/strong>.<\/p>\n\n\n\n<h3 class=\"wp-block-heading\"><strong>O papel de FEGADEM na visibilizaci\u00f3n e a sensibilizaci\u00f3n<\/strong><\/h3>\n\n\n\n<p>Dende FEGADEM reco\u00f1ecemos a importancia de foros coma este para avanzar na&nbsp;<strong>visibilizaci\u00f3n da EM e doutras enfermidades neurodexenerativas<\/strong>. Estas \u00e1s veces presentan uns s\u00edntomas f\u00edsicos evidentes, pero tam\u00e9n&nbsp;<strong>s\u00edntomas invisibles<\/strong>&nbsp;que afectan \u00e1 sa\u00fade das persoas afectadas.<\/p>\n\n\n\n<p>\u00c9 imprescindible continuar traballando para:<\/p>\n\n\n\n<ul class=\"wp-block-list\">\n<li><strong>Sensibilizar<\/strong>\u00a0\u00e1 sociedade sobre estas enfermidades, combatendo os estigmas asociados.<\/li>\n\n\n\n<li><strong>Naturalizar falar destas patolox\u00edas<\/strong>, garantindo a integraci\u00f3n plena das persoas afectadas.<\/li>\n\n\n\n<li><strong>Reclamar avances legais<\/strong>, como o reco\u00f1ecemento autom\u00e1tico do\u00a0<strong>33% de discapacidade co diagn\u00f3stico de EM<\/strong>, unha medida importante para asegurar o acceso a recursos e apoios dende o primeiro momento.<\/li>\n\n\n\n<li><strong>Promover a colaboraci\u00f3n co SERGAS e outras administraci\u00f3ns<\/strong>, fomentando o apoio \u00e1s entidades que, como FEGADEM, traballamos diariamente coas persoas con EM e outras enfermidades neurodexenerativas.<\/li>\n<\/ul>\n\n\n\n<h3 class=\"wp-block-heading\"><strong>A investigaci\u00f3n e a formaci\u00f3n<\/strong><\/h3>\n\n\n\n<p>A formaci\u00f3n continua dos\/as profesionais e o investimento en investigaci\u00f3n son ferramentas esenciais para abordar estas enfermidades dunha forma efectiva. Eventos como este&nbsp;<strong>II Foro ACEM<\/strong>&nbsp;po\u00f1en de manifesto a necesidade de&nbsp;<strong>fomentar a investigaci\u00f3n biom\u00e9dica, psicol\u00f3xica e social<\/strong>, as\u00ed como a formaci\u00f3n especializada para proporcionar unha atenci\u00f3n de calidade e centrada nas necesidades reais das persoas.<\/p>\n\n\n\n<h3 class=\"wp-block-heading\"><strong>O noso compromiso contin\u00faa<\/strong><\/h3>\n\n\n\n<p>O noso&nbsp;<strong>agradecemento<\/strong>&nbsp;a&nbsp;<strong>ACEM<\/strong>&nbsp;e a todas as persoas que participaron neste foro, un espazo necesario para avanzar no cami\u00f1o cara a unha maior calidade de vida para as persoas con enfermidades neurodexenerativas. En&nbsp;<strong>FEGADEM<\/strong>, continuaremos traballando pola sensibilizaci\u00f3n, a defensa dos dereitos das persoas afectadas e o fortalecemento das&nbsp;<strong>redes de colaboraci\u00f3n<\/strong>&nbsp;entre profesionais, administraci\u00f3ns e entidades.<\/p>\n\n\n\n<p>Seguiremos loitando para facer visibles as necesidades das persoas con EM e para conseguir unha sociedade m\u00e1is inclusiva, informada e comprometida.&nbsp;<strong>Porque xuntas e xuntos, somos m\u00e1is fortes!<\/strong><\/p>\n","protected":false},"excerpt":{"rendered":"<p>No evento falouse sobre Esclerose M\u00faltiple, Esclerose Lateral Amiotr\u00f3fica e&hellip; <a class=\"continue\" href=\"http:\/\/esclerosismultiplegalicia.org\/index.php\/2024\/11\/29\/en-fegadem-asistimos-ao-ii-foro-acem-de-enfermidades-neurodexenerativas-celebrado-en-santiago-de-compostela\/\">Ler m\u00e1is sobre<span> En FEGADEM asistimos ao II Foro ACEM de Enfermidades Neurodexenerativas celebrado en Santiago de Compostela<\/span><\/a><\/p>\n","protected":false},"author":1,"featured_media":0,"comment_status":"closed","ping_status":"closed","sticky":false,"template":"","format":"standard","meta":{"_kad_post_transparent":"","_kad_post_title":"","_kad_post_layout":"","_kad_post_sidebar_id":"","_kad_post_content_style":"","_kad_post_vertical_padding":"","_kad_post_feature":"","_kad_post_feature_position":"","_kad_post_header":false,"_kad_post_footer":false,"footnotes":""},"categories":[103],"tags":[104,13],"class_list":["post-2789","post","type-post","status-publish","format-standard","hentry","category-novas","tag-asociacions-membro","tag-fegadem"],"yoast_head":"<!-- This site is optimized with the Yoast SEO plugin v26.1.1 - https:\/\/yoast.com\/wordpress\/plugins\/seo\/ -->\n<title>En FEGADEM asistimos ao II Foro ACEM de Enfermidades Neurodexenerativas celebrado en Santiago de Compostela - FEGADEM<\/title>\n<meta name=\"robots\" content=\"index, follow, max-snippet:-1, max-image-preview:large, max-video-preview:-1\" \/>\n<link rel=\"canonical\" href=\"https:\/\/esclerosismultiplegalicia.org\/index.php\/2024\/11\/29\/en-fegadem-asistimos-ao-ii-foro-acem-de-enfermidades-neurodexenerativas-celebrado-en-santiago-de-compostela\/\" \/>\n<meta property=\"og:locale\" content=\"gl_ES\" \/>\n<meta property=\"og:type\" content=\"article\" \/>\n<meta property=\"og:title\" content=\"En FEGADEM asistimos ao II Foro ACEM de Enfermidades Neurodexenerativas celebrado en Santiago de Compostela - FEGADEM\" \/>\n<meta property=\"og:description\" content=\"No evento falouse sobre Esclerose M\u00faltiple, Esclerose Lateral Amiotr\u00f3fica e&hellip; Ler m\u00e1is sobre En FEGADEM asistimos ao II Foro ACEM de Enfermidades Neurodexenerativas celebrado en Santiago de Compostela\" \/>\n<meta property=\"og:url\" content=\"https:\/\/esclerosismultiplegalicia.org\/index.php\/2024\/11\/29\/en-fegadem-asistimos-ao-ii-foro-acem-de-enfermidades-neurodexenerativas-celebrado-en-santiago-de-compostela\/\" \/>\n<meta property=\"og:site_name\" content=\"FEGADEM\" \/>\n<meta property=\"article:publisher\" content=\"https:\/\/www.facebook.com\/esclerosemultiplegal?locale=es_ES\" \/>\n<meta property=\"article:published_time\" content=\"2024-11-29T15:54:00+00:00\" \/>\n<meta property=\"article:modified_time\" content=\"2025-09-08T11:22:06+00:00\" \/>\n<meta name=\"author\" content=\"admin\" \/>\n<meta name=\"twitter:card\" content=\"summary_large_image\" \/>\n<meta name=\"twitter:creator\" content=\"@fegadem\" \/>\n<meta name=\"twitter:site\" content=\"@fegadem\" \/>\n<meta name=\"twitter:label1\" content=\"Escrito por\" \/>\n\t<meta name=\"twitter:data1\" content=\"admin\" \/>\n\t<meta name=\"twitter:label2\" content=\"Tempo de lectura\" \/>\n\t<meta name=\"twitter:data2\" content=\"4 minutos\" \/>\n<script type=\"application\/ld+json\" class=\"yoast-schema-graph\">{\"@context\":\"https:\/\/schema.org\",\"@graph\":[{\"@type\":\"Article\",\"@id\":\"https:\/\/esclerosismultiplegalicia.org\/index.php\/2024\/11\/29\/en-fegadem-asistimos-ao-ii-foro-acem-de-enfermidades-neurodexenerativas-celebrado-en-santiago-de-compostela\/#article\",\"isPartOf\":{\"@id\":\"https:\/\/esclerosismultiplegalicia.org\/index.php\/2024\/11\/29\/en-fegadem-asistimos-ao-ii-foro-acem-de-enfermidades-neurodexenerativas-celebrado-en-santiago-de-compostela\/\"},\"author\":{\"name\":\"admin\",\"@id\":\"https:\/\/esclerosismultiplegalicia.org\/#\/schema\/person\/6c5800f07aa0462086b750a2df88cfb4\"},\"headline\":\"En FEGADEM asistimos ao II Foro ACEM de Enfermidades Neurodexenerativas celebrado en Santiago de Compostela\",\"datePublished\":\"2024-11-29T15:54:00+00:00\",\"dateModified\":\"2025-09-08T11:22:06+00:00\",\"mainEntityOfPage\":{\"@id\":\"https:\/\/esclerosismultiplegalicia.org\/index.php\/2024\/11\/29\/en-fegadem-asistimos-ao-ii-foro-acem-de-enfermidades-neurodexenerativas-celebrado-en-santiago-de-compostela\/\"},\"wordCount\":815,\"publisher\":{\"@id\":\"https:\/\/esclerosismultiplegalicia.org\/#organization\"},\"keywords\":[\"Asociaci\u00f3ns membro\",\"FEGADEM\"],\"articleSection\":[\"Novas\"],\"inLanguage\":\"gl-ES\"},{\"@type\":\"WebPage\",\"@id\":\"https:\/\/esclerosismultiplegalicia.org\/index.php\/2024\/11\/29\/en-fegadem-asistimos-ao-ii-foro-acem-de-enfermidades-neurodexenerativas-celebrado-en-santiago-de-compostela\/\",\"url\":\"https:\/\/esclerosismultiplegalicia.org\/index.php\/2024\/11\/29\/en-fegadem-asistimos-ao-ii-foro-acem-de-enfermidades-neurodexenerativas-celebrado-en-santiago-de-compostela\/\",\"name\":\"En FEGADEM asistimos ao II Foro ACEM de Enfermidades Neurodexenerativas celebrado en Santiago de Compostela - FEGADEM\",\"isPartOf\":{\"@id\":\"https:\/\/esclerosismultiplegalicia.org\/#website\"},\"datePublished\":\"2024-11-29T15:54:00+00:00\",\"dateModified\":\"2025-09-08T11:22:06+00:00\",\"breadcrumb\":{\"@id\":\"https:\/\/esclerosismultiplegalicia.org\/index.php\/2024\/11\/29\/en-fegadem-asistimos-ao-ii-foro-acem-de-enfermidades-neurodexenerativas-celebrado-en-santiago-de-compostela\/#breadcrumb\"},\"inLanguage\":\"gl-ES\",\"potentialAction\":[{\"@type\":\"ReadAction\",\"target\":[\"https:\/\/esclerosismultiplegalicia.org\/index.php\/2024\/11\/29\/en-fegadem-asistimos-ao-ii-foro-acem-de-enfermidades-neurodexenerativas-celebrado-en-santiago-de-compostela\/\"]}]},{\"@type\":\"BreadcrumbList\",\"@id\":\"https:\/\/esclerosismultiplegalicia.org\/index.php\/2024\/11\/29\/en-fegadem-asistimos-ao-ii-foro-acem-de-enfermidades-neurodexenerativas-celebrado-en-santiago-de-compostela\/#breadcrumb\",\"itemListElement\":[{\"@type\":\"ListItem\",\"position\":1,\"name\":\"Inicio\",\"item\":\"https:\/\/esclerosismultiplegalicia.org\/\"},{\"@type\":\"ListItem\",\"position\":2,\"name\":\"En FEGADEM asistimos ao II Foro ACEM de Enfermidades Neurodexenerativas celebrado en Santiago de Compostela\"}]},{\"@type\":\"WebSite\",\"@id\":\"https:\/\/esclerosismultiplegalicia.org\/#website\",\"url\":\"https:\/\/esclerosismultiplegalicia.org\/\",\"name\":\"FEGADEM\",\"description\":\"Traballamos mellorando a calidade de vida das persoas con Esclerose M\u00faltiple en Galicia.\",\"publisher\":{\"@id\":\"https:\/\/esclerosismultiplegalicia.org\/#organization\"},\"potentialAction\":[{\"@type\":\"SearchAction\",\"target\":{\"@type\":\"EntryPoint\",\"urlTemplate\":\"https:\/\/esclerosismultiplegalicia.org\/?s={search_term_string}\"},\"query-input\":{\"@type\":\"PropertyValueSpecification\",\"valueRequired\":true,\"valueName\":\"search_term_string\"}}],\"inLanguage\":\"gl-ES\"},{\"@type\":\"Organization\",\"@id\":\"https:\/\/esclerosismultiplegalicia.org\/#organization\",\"name\":\"FEGADEM (Federaci\u00f3n Galega de Esclerose M\u00faltiple)\",\"url\":\"https:\/\/esclerosismultiplegalicia.org\/\",\"logo\":{\"@type\":\"ImageObject\",\"inLanguage\":\"gl-ES\",\"@id\":\"https:\/\/esclerosismultiplegalicia.org\/#\/schema\/logo\/image\/\",\"url\":\"http:\/\/esclerosismultiplegalicia.org\/wp-content\/uploads\/2025\/05\/cropped-FEGADEM_Imagotipo-scaled-1.png\",\"contentUrl\":\"http:\/\/esclerosismultiplegalicia.org\/wp-content\/uploads\/2025\/05\/cropped-FEGADEM_Imagotipo-scaled-1.png\",\"width\":2558,\"height\":1138,\"caption\":\"FEGADEM (Federaci\u00f3n Galega de Esclerose M\u00faltiple)\"},\"image\":{\"@id\":\"https:\/\/esclerosismultiplegalicia.org\/#\/schema\/logo\/image\/\"},\"sameAs\":[\"https:\/\/www.facebook.com\/esclerosemultiplegal?locale=es_ES\",\"https:\/\/x.com\/fegadem\",\"https:\/\/www.instagram.com\/esclerosemultiplegal\/\",\"https:\/\/www.youtube.com\/@fegademfederaciongalegadee3374\"]},{\"@type\":\"Person\",\"@id\":\"https:\/\/esclerosismultiplegalicia.org\/#\/schema\/person\/6c5800f07aa0462086b750a2df88cfb4\",\"name\":\"admin\",\"image\":{\"@type\":\"ImageObject\",\"inLanguage\":\"gl-ES\",\"@id\":\"https:\/\/esclerosismultiplegalicia.org\/#\/schema\/person\/image\/\",\"url\":\"https:\/\/secure.gravatar.com\/avatar\/6b01f9a90ea05bdd1053be7f0879b99bae6103fa66164176a65e4bd6fee73fba?s=96&d=mm&r=g\",\"contentUrl\":\"https:\/\/secure.gravatar.com\/avatar\/6b01f9a90ea05bdd1053be7f0879b99bae6103fa66164176a65e4bd6fee73fba?s=96&d=mm&r=g\",\"caption\":\"admin\"},\"sameAs\":[\"https:\/\/prueba.esclerosismultiplegalicia.org\"],\"url\":\"http:\/\/esclerosismultiplegalicia.org\/index.php\/author\/admin\/\"}]}<\/script>\n<!-- \/ Yoast SEO plugin. -->","yoast_head_json":{"title":"En FEGADEM asistimos ao II Foro ACEM de Enfermidades Neurodexenerativas celebrado en Santiago de Compostela - FEGADEM","robots":{"index":"index","follow":"follow","max-snippet":"max-snippet:-1","max-image-preview":"max-image-preview:large","max-video-preview":"max-video-preview:-1"},"canonical":"https:\/\/esclerosismultiplegalicia.org\/index.php\/2024\/11\/29\/en-fegadem-asistimos-ao-ii-foro-acem-de-enfermidades-neurodexenerativas-celebrado-en-santiago-de-compostela\/","og_locale":"gl_ES","og_type":"article","og_title":"En FEGADEM asistimos ao II Foro ACEM de Enfermidades Neurodexenerativas celebrado en Santiago de Compostela - FEGADEM","og_description":"No evento falouse sobre Esclerose M\u00faltiple, Esclerose Lateral Amiotr\u00f3fica e&hellip; Ler m\u00e1is sobre En FEGADEM asistimos ao II Foro ACEM de Enfermidades Neurodexenerativas celebrado en Santiago de Compostela","og_url":"https:\/\/esclerosismultiplegalicia.org\/index.php\/2024\/11\/29\/en-fegadem-asistimos-ao-ii-foro-acem-de-enfermidades-neurodexenerativas-celebrado-en-santiago-de-compostela\/","og_site_name":"FEGADEM","article_publisher":"https:\/\/www.facebook.com\/esclerosemultiplegal?locale=es_ES","article_published_time":"2024-11-29T15:54:00+00:00","article_modified_time":"2025-09-08T11:22:06+00:00","author":"admin","twitter_card":"summary_large_image","twitter_creator":"@fegadem","twitter_site":"@fegadem","twitter_misc":{"Escrito por":"admin","Tempo de lectura":"4 minutos"},"schema":{"@context":"https:\/\/schema.org","@graph":[{"@type":"Article","@id":"https:\/\/esclerosismultiplegalicia.org\/index.php\/2024\/11\/29\/en-fegadem-asistimos-ao-ii-foro-acem-de-enfermidades-neurodexenerativas-celebrado-en-santiago-de-compostela\/#article","isPartOf":{"@id":"https:\/\/esclerosismultiplegalicia.org\/index.php\/2024\/11\/29\/en-fegadem-asistimos-ao-ii-foro-acem-de-enfermidades-neurodexenerativas-celebrado-en-santiago-de-compostela\/"},"author":{"name":"admin","@id":"https:\/\/esclerosismultiplegalicia.org\/#\/schema\/person\/6c5800f07aa0462086b750a2df88cfb4"},"headline":"En FEGADEM asistimos ao II Foro ACEM de Enfermidades Neurodexenerativas celebrado en Santiago de Compostela","datePublished":"2024-11-29T15:54:00+00:00","dateModified":"2025-09-08T11:22:06+00:00","mainEntityOfPage":{"@id":"https:\/\/esclerosismultiplegalicia.org\/index.php\/2024\/11\/29\/en-fegadem-asistimos-ao-ii-foro-acem-de-enfermidades-neurodexenerativas-celebrado-en-santiago-de-compostela\/"},"wordCount":815,"publisher":{"@id":"https:\/\/esclerosismultiplegalicia.org\/#organization"},"keywords":["Asociaci\u00f3ns membro","FEGADEM"],"articleSection":["Novas"],"inLanguage":"gl-ES"},{"@type":"WebPage","@id":"https:\/\/esclerosismultiplegalicia.org\/index.php\/2024\/11\/29\/en-fegadem-asistimos-ao-ii-foro-acem-de-enfermidades-neurodexenerativas-celebrado-en-santiago-de-compostela\/","url":"https:\/\/esclerosismultiplegalicia.org\/index.php\/2024\/11\/29\/en-fegadem-asistimos-ao-ii-foro-acem-de-enfermidades-neurodexenerativas-celebrado-en-santiago-de-compostela\/","name":"En FEGADEM asistimos ao II Foro ACEM de Enfermidades Neurodexenerativas celebrado en Santiago de Compostela - FEGADEM","isPartOf":{"@id":"https:\/\/esclerosismultiplegalicia.org\/#website"},"datePublished":"2024-11-29T15:54:00+00:00","dateModified":"2025-09-08T11:22:06+00:00","breadcrumb":{"@id":"https:\/\/esclerosismultiplegalicia.org\/index.php\/2024\/11\/29\/en-fegadem-asistimos-ao-ii-foro-acem-de-enfermidades-neurodexenerativas-celebrado-en-santiago-de-compostela\/#breadcrumb"},"inLanguage":"gl-ES","potentialAction":[{"@type":"ReadAction","target":["https:\/\/esclerosismultiplegalicia.org\/index.php\/2024\/11\/29\/en-fegadem-asistimos-ao-ii-foro-acem-de-enfermidades-neurodexenerativas-celebrado-en-santiago-de-compostela\/"]}]},{"@type":"BreadcrumbList","@id":"https:\/\/esclerosismultiplegalicia.org\/index.php\/2024\/11\/29\/en-fegadem-asistimos-ao-ii-foro-acem-de-enfermidades-neurodexenerativas-celebrado-en-santiago-de-compostela\/#breadcrumb","itemListElement":[{"@type":"ListItem","position":1,"name":"Inicio","item":"https:\/\/esclerosismultiplegalicia.org\/"},{"@type":"ListItem","position":2,"name":"En FEGADEM asistimos ao II Foro ACEM de Enfermidades Neurodexenerativas celebrado en Santiago de Compostela"}]},{"@type":"WebSite","@id":"https:\/\/esclerosismultiplegalicia.org\/#website","url":"https:\/\/esclerosismultiplegalicia.org\/","name":"FEGADEM","description":"Traballamos mellorando a calidade de vida das persoas con Esclerose M\u00faltiple en Galicia.","publisher":{"@id":"https:\/\/esclerosismultiplegalicia.org\/#organization"},"potentialAction":[{"@type":"SearchAction","target":{"@type":"EntryPoint","urlTemplate":"https:\/\/esclerosismultiplegalicia.org\/?s={search_term_string}"},"query-input":{"@type":"PropertyValueSpecification","valueRequired":true,"valueName":"search_term_string"}}],"inLanguage":"gl-ES"},{"@type":"Organization","@id":"https:\/\/esclerosismultiplegalicia.org\/#organization","name":"FEGADEM (Federaci\u00f3n Galega de Esclerose M\u00faltiple)","url":"https:\/\/esclerosismultiplegalicia.org\/","logo":{"@type":"ImageObject","inLanguage":"gl-ES","@id":"https:\/\/esclerosismultiplegalicia.org\/#\/schema\/logo\/image\/","url":"http:\/\/esclerosismultiplegalicia.org\/wp-content\/uploads\/2025\/05\/cropped-FEGADEM_Imagotipo-scaled-1.png","contentUrl":"http:\/\/esclerosismultiplegalicia.org\/wp-content\/uploads\/2025\/05\/cropped-FEGADEM_Imagotipo-scaled-1.png","width":2558,"height":1138,"caption":"FEGADEM (Federaci\u00f3n Galega de Esclerose M\u00faltiple)"},"image":{"@id":"https:\/\/esclerosismultiplegalicia.org\/#\/schema\/logo\/image\/"},"sameAs":["https:\/\/www.facebook.com\/esclerosemultiplegal?locale=es_ES","https:\/\/x.com\/fegadem","https:\/\/www.instagram.com\/esclerosemultiplegal\/","https:\/\/www.youtube.com\/@fegademfederaciongalegadee3374"]},{"@type":"Person","@id":"https:\/\/esclerosismultiplegalicia.org\/#\/schema\/person\/6c5800f07aa0462086b750a2df88cfb4","name":"admin","image":{"@type":"ImageObject","inLanguage":"gl-ES","@id":"https:\/\/esclerosismultiplegalicia.org\/#\/schema\/person\/image\/","url":"https:\/\/secure.gravatar.com\/avatar\/6b01f9a90ea05bdd1053be7f0879b99bae6103fa66164176a65e4bd6fee73fba?s=96&d=mm&r=g","contentUrl":"https:\/\/secure.gravatar.com\/avatar\/6b01f9a90ea05bdd1053be7f0879b99bae6103fa66164176a65e4bd6fee73fba?s=96&d=mm&r=g","caption":"admin"},"sameAs":["https:\/\/prueba.esclerosismultiplegalicia.org"],"url":"http:\/\/esclerosismultiplegalicia.org\/index.php\/author\/admin\/"}]}},"_links":{"self":[{"href":"http:\/\/esclerosismultiplegalicia.org\/index.php\/wp-json\/wp\/v2\/posts\/2789","targetHints":{"allow":["GET"]}}],"collection":[{"href":"http:\/\/esclerosismultiplegalicia.org\/index.php\/wp-json\/wp\/v2\/posts"}],"about":[{"href":"http:\/\/esclerosismultiplegalicia.org\/index.php\/wp-json\/wp\/v2\/types\/post"}],"author":[{"embeddable":true,"href":"http:\/\/esclerosismultiplegalicia.org\/index.php\/wp-json\/wp\/v2\/users\/1"}],"replies":[{"embeddable":true,"href":"http:\/\/esclerosismultiplegalicia.org\/index.php\/wp-json\/wp\/v2\/comments?post=2789"}],"version-history":[{"count":1,"href":"http:\/\/esclerosismultiplegalicia.org\/index.php\/wp-json\/wp\/v2\/posts\/2789\/revisions"}],"predecessor-version":[{"id":2790,"href":"http:\/\/esclerosismultiplegalicia.org\/index.php\/wp-json\/wp\/v2\/posts\/2789\/revisions\/2790"}],"wp:attachment":[{"href":"http:\/\/esclerosismultiplegalicia.org\/index.php\/wp-json\/wp\/v2\/media?parent=2789"}],"wp:term":[{"taxonomy":"category","embeddable":true,"href":"http:\/\/esclerosismultiplegalicia.org\/index.php\/wp-json\/wp\/v2\/categories?post=2789"},{"taxonomy":"post_tag","embeddable":true,"href":"http:\/\/esclerosismultiplegalicia.org\/index.php\/wp-json\/wp\/v2\/tags?post=2789"}],"curies":[{"name":"wp","href":"https:\/\/api.w.org\/{rel}","templated":true}]}}