{"id":2767,"date":"2024-10-01T16:14:00","date_gmt":"2024-10-01T14:14:00","guid":{"rendered":"https:\/\/prueba.esclerosismultiplegalicia.org\/?p=2767"},"modified":"2025-09-05T16:15:24","modified_gmt":"2025-09-05T14:15:24","slug":"carmen-ventoso-e-unha-xogadora-de-baloncesto-con-esclerose-multiple","status":"publish","type":"post","link":"http:\/\/esclerosismultiplegalicia.org\/index.php\/2024\/10\/01\/carmen-ventoso-e-unha-xogadora-de-baloncesto-con-esclerose-multiple\/","title":{"rendered":"Carmen Ventoso \u00e9 unha xogadora de baloncesto con Esclerose M\u00faltiple"},"content":{"rendered":"\n<h3 class=\"wp-block-heading has-theme-palette-2-color has-text-color has-link-color wp-elements-1bc67e574dfb0c16b7d3c02035a6bd38\"><em>Carmen Ventoso, xogadora e capit\u00e1 do CB Terra Ch\u00e1, inspira dentro e f\u00f3ra da cancha ao convivir con Esclerose M\u00faltiple sen deixar de lado a s\u00faa paix\u00f3n polo baloncesto.<\/em><\/h3>\n\n\n\n<p>A historia de&nbsp;<strong>Carmen Ventoso Lista<\/strong>&nbsp;(San Cibrao, Cervo, 1991) \u00e9 unha proba da perseverancia e resiliencia que sup\u00f3n vivir con&nbsp;<a href=\"https:\/\/esclerosismultiplegalicia.org\/esclerosis_multiple_es.html\" target=\"_blank\" rel=\"noreferrer noopener\"><strong>Esclerose M\u00faltiple (EM)<\/strong><\/a>, unha enfermidade cr\u00f3nica e neurodexenerativa que a acompa\u00f1a dende fai&nbsp;<strong>m\u00e1is de catro anos<\/strong>. Esta condici\u00f3n de alta intensidade, que aparece en brotes, afecta ao sistema nervioso central e pode provocar s\u00edntomas invisibles como fatiga, dor muscular, problemas de mobilidade e cambios na visi\u00f3n. A pesares delo, Carmen contin\u00faa liderando \u00e1s s\u00faas compa\u00f1eiras no equipo CB Terra Ch\u00e1 como capit\u00e1 e \u00e9 un exemplo de que&nbsp;<strong>a EM non define \u00e1 persoa<\/strong>.<\/p>\n\n\n\n<p>\u201cSigo sendo Carmi\u00f1a, co meu humor negro e enfrontando cun sorriso todas as adversidades que ve\u00f1an\u201d, comparte Carmen. Para ela, o baloncesto \u00e9 unha terapia que lle permite sobrelevar a EM cunha actitude positiva. Recentemente, tras&nbsp;<strong>m\u00e1is dun ano sen xogar<\/strong>, Ventoso regresou \u00e1 cancha nun partido contra o Florister\u00eda Madeira Sarria. \u201cVolver a xogar tras m\u00e1is dun ano parada non \u00e9 f\u00e1cil e menos con esta enfermidade. Estame costando m\u00e1is que a outra vez&#8221;, pero insiste no gran<strong>&nbsp;apoio que recibe do seu equipo<\/strong>: &#8220;Emoci\u00f3name canto conf\u00edan en min as mi\u00f1as compa\u00f1eiras e o meu entrenador, a fe que me te\u00f1en como capit\u00e1. Recib\u00edronme cos brazos abertos, somos como unha familia&#8221;, afirma.<\/p>\n\n\n\n<h3 class=\"wp-block-heading\">A sa\u00fade mental e o apoio<\/h3>\n\n\n\n<p>Ademais dos s\u00edntomas f\u00edsicos como a&nbsp;<strong>fatiga<\/strong>, que \u00e9 o que peor leva, Carmen destaca&nbsp;<strong>o impacto da EM na s\u00faa sa\u00fade mental<\/strong>. Tras un tempo inactiva, a s\u00faa vida deu un xiro cando o cambio de tratamento coincidiu cun momento dif\u00edcil na s\u00faa vida familiar. \u201cParei de xogar porque entre un cambio de tratamento e que mi\u00f1a nai sufriu un ictus, entrei en depresi\u00f3n. Menos mal que a pillei a tempo&#8221;. A sa\u00fade mental conv\u00edrtese en algo fundamental na vida de Carmen, quen se apoia na&nbsp;<strong>terapia psicol\u00f3xica<\/strong>&nbsp;que recibe no Hospital Universitario Lucus Augusti (HULA).&nbsp;<strong>\u201cEstou en mans dun psic\u00f3logo incrible. Vou pola seguridade social (&#8230;) e estame axudando moit\u00edsimo a tirar para adiante\u201d<\/strong>, comparte. Ademais, a s\u00faa neur\u00f3loga an\u00edmaa a seguir practicando deporte e a manterse activa noutras actividades, como tocar nun grupo lucense de batucada.<\/p>\n\n\n\n<p>Carmen reco\u00f1ece que, para ela,&nbsp;<strong>a sa\u00fade mental \u00e9 tan importante como a f\u00edsica<\/strong>, especialmente para quen vive con enfermidades cr\u00f3nicas. \u201cNa mi\u00f1a contorna laboral e familiar tam\u00e9n me apoian moit\u00edsimo para que siga loitando. Te\u00f1o uns pais incribles, unhas amizades que me fan esquecer por momentos que estou enferma e unhas compa\u00f1eiras de traballo que me axudan e me coidan no meu d\u00eda a d\u00eda\u201d, detalla.<\/p>\n\n\n\n<h3 class=\"wp-block-heading\">A falta de apoio p\u00fablico<\/h3>\n\n\n\n<p>A pesares de contar cun contorno de apoio e de profeisonais sanitarios implicados no seu caso, Carmen denuncia a<strong>&nbsp;falta de respaldo institucional&nbsp;<\/strong>para as persoas con enfermidades \u00e1s veces invisibles, como a EM. \u201cEstaba sen ver nin andar, valor\u00e1ronme por tel\u00e9fono sen mirarme e danme un 10% de minusval\u00eda por unha enfermidade neurodexenerativa incurable. Estamos desamparados. Os pol\u00edticos, a Xunta ou quen corresponda, deber\u00edan facer algo m\u00e1is por n\u00f3s\u201d. Carmen sinala que moitas veces a invisibilidade dos s\u00edntomas da EM dificulta o reco\u00f1ecemento do seu impacto na vida diaria de quen vive con ela.&nbsp;<\/p>\n\n\n\n<p>Carmen avoga por unha&nbsp;<strong>maior concienciaci\u00f3n p\u00fablica e apoio gobernamental<\/strong>&nbsp;para as persoas con EM e outras enfermidades cr\u00f3nicas. A adaptaci\u00f3n da contorna laboral, o acceso a tratamentos e terapias adecuadas, e a valoraci\u00f3n xusta das discapacidades son algunhas das \u00e1reas que precisar\u00edan un cambio.<\/p>\n\n\n\n<h3 class=\"wp-block-heading\">O deporte como terapia<\/h3>\n\n\n\n<p>O deporte converteuse nunha&nbsp;<strong>ferramenta terap\u00e9utica&nbsp;<\/strong>esencial para Carmen. Inspirada en figuras como Ram\u00f3n Arroyo, un deportista con Esclerose M\u00faltiple que completou un ironman e cuxa historia inspirou o filme&nbsp;<a href=\"https:\/\/www.filmaffinity.com\/es\/film913240.html\" target=\"_blank\" rel=\"noreferrer noopener\"><em>100 metros<\/em><\/a>, Carmen s\u00edntese impulsada a non rendirse: \u201cSempre di que rendirse non \u00e9 unha opci\u00f3n&#8221;, e ela comparte esa filosof\u00eda.<\/p>\n\n\n\n<p>Como \u201cdama de ferro\u201d, como alg\u00fans a chaman, Carmen segue buscando oportunidades para disfrutar da s\u00faa paix\u00f3n polo baloncesto e outros deportes, como o surf, que espera retomar pronto nas costas de San Cibrao xunto ao Club Limosa. \u201cXoguei 23 minutos o domingo pasado;&nbsp;<strong>nada mal para unha escler\u00f3tica\u201d<\/strong>, bromea, demostrando que o&nbsp;<strong>humor<\/strong>&nbsp;\u00e9 unha parte esencial da s\u00faa vida.<\/p>\n\n\n\n<p><strong>Ler o artigo completo neste&nbsp;<a href=\"https:\/\/www.lavozdegalicia.es\/noticia\/deportes\/2024\/10\/30\/me-emociona-confian-mi\/0003_202410X30C6992.htm\" target=\"_blank\" rel=\"noreferrer noopener\">enlace<\/a>.<\/strong><\/p>\n","protected":false},"excerpt":{"rendered":"<p>Carmen Ventoso, xogadora e capit\u00e1 do CB Terra Ch\u00e1, inspira&hellip; <a class=\"continue\" href=\"http:\/\/esclerosismultiplegalicia.org\/index.php\/2024\/10\/01\/carmen-ventoso-e-unha-xogadora-de-baloncesto-con-esclerose-multiple\/\">Ler m\u00e1is sobre<span> Carmen Ventoso \u00e9 unha xogadora de baloncesto con Esclerose M\u00faltiple<\/span><\/a><\/p>\n","protected":false},"author":1,"featured_media":0,"comment_status":"closed","ping_status":"closed","sticky":false,"template":"","format":"standard","meta":{"_kad_post_transparent":"","_kad_post_title":"","_kad_post_layout":"","_kad_post_sidebar_id":"","_kad_post_content_style":"","_kad_post_vertical_padding":"","_kad_post_feature":"","_kad_post_feature_position":"","_kad_post_header":false,"_kad_post_footer":false,"footnotes":""},"categories":[103],"tags":[13],"class_list":["post-2767","post","type-post","status-publish","format-standard","hentry","category-novas","tag-fegadem"],"yoast_head":"<!-- This site is optimized with the Yoast SEO plugin v26.1.1 - https:\/\/yoast.com\/wordpress\/plugins\/seo\/ -->\n<title>Carmen Ventoso \u00e9 unha xogadora de baloncesto con Esclerose M\u00faltiple - FEGADEM<\/title>\n<meta name=\"robots\" content=\"index, follow, max-snippet:-1, max-image-preview:large, max-video-preview:-1\" \/>\n<link rel=\"canonical\" href=\"http:\/\/esclerosismultiplegalicia.org\/index.php\/2024\/10\/01\/carmen-ventoso-e-unha-xogadora-de-baloncesto-con-esclerose-multiple\/\" \/>\n<meta property=\"og:locale\" content=\"gl_ES\" \/>\n<meta property=\"og:type\" content=\"article\" \/>\n<meta property=\"og:title\" content=\"Carmen Ventoso \u00e9 unha xogadora de baloncesto con Esclerose M\u00faltiple - FEGADEM\" \/>\n<meta property=\"og:description\" content=\"Carmen Ventoso, xogadora e capit\u00e1 do CB Terra Ch\u00e1, inspira&hellip; Ler m\u00e1is sobre Carmen Ventoso \u00e9 unha xogadora de baloncesto con Esclerose M\u00faltiple\" \/>\n<meta property=\"og:url\" content=\"http:\/\/esclerosismultiplegalicia.org\/index.php\/2024\/10\/01\/carmen-ventoso-e-unha-xogadora-de-baloncesto-con-esclerose-multiple\/\" \/>\n<meta property=\"og:site_name\" content=\"FEGADEM\" \/>\n<meta property=\"article:publisher\" content=\"https:\/\/www.facebook.com\/esclerosemultiplegal?locale=es_ES\" \/>\n<meta property=\"article:published_time\" content=\"2024-10-01T14:14:00+00:00\" \/>\n<meta property=\"article:modified_time\" content=\"2025-09-05T14:15:24+00:00\" \/>\n<meta name=\"author\" content=\"admin\" \/>\n<meta name=\"twitter:card\" content=\"summary_large_image\" \/>\n<meta name=\"twitter:creator\" content=\"@fegadem\" \/>\n<meta name=\"twitter:site\" content=\"@fegadem\" \/>\n<meta name=\"twitter:label1\" content=\"Escrito por\" \/>\n\t<meta name=\"twitter:data1\" content=\"admin\" \/>\n\t<meta name=\"twitter:label2\" content=\"Tempo de lectura\" \/>\n\t<meta name=\"twitter:data2\" content=\"4 minutos\" \/>\n<script type=\"application\/ld+json\" class=\"yoast-schema-graph\">{\"@context\":\"https:\/\/schema.org\",\"@graph\":[{\"@type\":\"Article\",\"@id\":\"http:\/\/esclerosismultiplegalicia.org\/index.php\/2024\/10\/01\/carmen-ventoso-e-unha-xogadora-de-baloncesto-con-esclerose-multiple\/#article\",\"isPartOf\":{\"@id\":\"http:\/\/esclerosismultiplegalicia.org\/index.php\/2024\/10\/01\/carmen-ventoso-e-unha-xogadora-de-baloncesto-con-esclerose-multiple\/\"},\"author\":{\"name\":\"admin\",\"@id\":\"https:\/\/esclerosismultiplegalicia.org\/#\/schema\/person\/6c5800f07aa0462086b750a2df88cfb4\"},\"headline\":\"Carmen Ventoso \u00e9 unha xogadora de baloncesto con Esclerose M\u00faltiple\",\"datePublished\":\"2024-10-01T14:14:00+00:00\",\"dateModified\":\"2025-09-05T14:15:24+00:00\",\"mainEntityOfPage\":{\"@id\":\"http:\/\/esclerosismultiplegalicia.org\/index.php\/2024\/10\/01\/carmen-ventoso-e-unha-xogadora-de-baloncesto-con-esclerose-multiple\/\"},\"wordCount\":821,\"publisher\":{\"@id\":\"https:\/\/esclerosismultiplegalicia.org\/#organization\"},\"keywords\":[\"FEGADEM\"],\"articleSection\":[\"Novas\"],\"inLanguage\":\"gl-ES\"},{\"@type\":\"WebPage\",\"@id\":\"http:\/\/esclerosismultiplegalicia.org\/index.php\/2024\/10\/01\/carmen-ventoso-e-unha-xogadora-de-baloncesto-con-esclerose-multiple\/\",\"url\":\"http:\/\/esclerosismultiplegalicia.org\/index.php\/2024\/10\/01\/carmen-ventoso-e-unha-xogadora-de-baloncesto-con-esclerose-multiple\/\",\"name\":\"Carmen Ventoso \u00e9 unha xogadora de baloncesto con Esclerose M\u00faltiple - FEGADEM\",\"isPartOf\":{\"@id\":\"https:\/\/esclerosismultiplegalicia.org\/#website\"},\"datePublished\":\"2024-10-01T14:14:00+00:00\",\"dateModified\":\"2025-09-05T14:15:24+00:00\",\"breadcrumb\":{\"@id\":\"http:\/\/esclerosismultiplegalicia.org\/index.php\/2024\/10\/01\/carmen-ventoso-e-unha-xogadora-de-baloncesto-con-esclerose-multiple\/#breadcrumb\"},\"inLanguage\":\"gl-ES\",\"potentialAction\":[{\"@type\":\"ReadAction\",\"target\":[\"http:\/\/esclerosismultiplegalicia.org\/index.php\/2024\/10\/01\/carmen-ventoso-e-unha-xogadora-de-baloncesto-con-esclerose-multiple\/\"]}]},{\"@type\":\"BreadcrumbList\",\"@id\":\"http:\/\/esclerosismultiplegalicia.org\/index.php\/2024\/10\/01\/carmen-ventoso-e-unha-xogadora-de-baloncesto-con-esclerose-multiple\/#breadcrumb\",\"itemListElement\":[{\"@type\":\"ListItem\",\"position\":1,\"name\":\"Inicio\",\"item\":\"https:\/\/esclerosismultiplegalicia.org\/\"},{\"@type\":\"ListItem\",\"position\":2,\"name\":\"Carmen Ventoso \u00e9 unha xogadora de baloncesto con Esclerose M\u00faltiple\"}]},{\"@type\":\"WebSite\",\"@id\":\"https:\/\/esclerosismultiplegalicia.org\/#website\",\"url\":\"https:\/\/esclerosismultiplegalicia.org\/\",\"name\":\"FEGADEM\",\"description\":\"Traballamos mellorando a calidade de vida das persoas con Esclerose M\u00faltiple en Galicia.\",\"publisher\":{\"@id\":\"https:\/\/esclerosismultiplegalicia.org\/#organization\"},\"potentialAction\":[{\"@type\":\"SearchAction\",\"target\":{\"@type\":\"EntryPoint\",\"urlTemplate\":\"https:\/\/esclerosismultiplegalicia.org\/?s={search_term_string}\"},\"query-input\":{\"@type\":\"PropertyValueSpecification\",\"valueRequired\":true,\"valueName\":\"search_term_string\"}}],\"inLanguage\":\"gl-ES\"},{\"@type\":\"Organization\",\"@id\":\"https:\/\/esclerosismultiplegalicia.org\/#organization\",\"name\":\"FEGADEM (Federaci\u00f3n Galega de Esclerose M\u00faltiple)\",\"url\":\"https:\/\/esclerosismultiplegalicia.org\/\",\"logo\":{\"@type\":\"ImageObject\",\"inLanguage\":\"gl-ES\",\"@id\":\"https:\/\/esclerosismultiplegalicia.org\/#\/schema\/logo\/image\/\",\"url\":\"http:\/\/esclerosismultiplegalicia.org\/wp-content\/uploads\/2025\/05\/cropped-FEGADEM_Imagotipo-scaled-1.png\",\"contentUrl\":\"http:\/\/esclerosismultiplegalicia.org\/wp-content\/uploads\/2025\/05\/cropped-FEGADEM_Imagotipo-scaled-1.png\",\"width\":2558,\"height\":1138,\"caption\":\"FEGADEM (Federaci\u00f3n Galega de Esclerose M\u00faltiple)\"},\"image\":{\"@id\":\"https:\/\/esclerosismultiplegalicia.org\/#\/schema\/logo\/image\/\"},\"sameAs\":[\"https:\/\/www.facebook.com\/esclerosemultiplegal?locale=es_ES\",\"https:\/\/x.com\/fegadem\",\"https:\/\/www.instagram.com\/esclerosemultiplegal\/\",\"https:\/\/www.youtube.com\/@fegademfederaciongalegadee3374\"]},{\"@type\":\"Person\",\"@id\":\"https:\/\/esclerosismultiplegalicia.org\/#\/schema\/person\/6c5800f07aa0462086b750a2df88cfb4\",\"name\":\"admin\",\"image\":{\"@type\":\"ImageObject\",\"inLanguage\":\"gl-ES\",\"@id\":\"https:\/\/esclerosismultiplegalicia.org\/#\/schema\/person\/image\/\",\"url\":\"https:\/\/secure.gravatar.com\/avatar\/6b01f9a90ea05bdd1053be7f0879b99bae6103fa66164176a65e4bd6fee73fba?s=96&d=mm&r=g\",\"contentUrl\":\"https:\/\/secure.gravatar.com\/avatar\/6b01f9a90ea05bdd1053be7f0879b99bae6103fa66164176a65e4bd6fee73fba?s=96&d=mm&r=g\",\"caption\":\"admin\"},\"sameAs\":[\"https:\/\/prueba.esclerosismultiplegalicia.org\"],\"url\":\"http:\/\/esclerosismultiplegalicia.org\/index.php\/author\/admin\/\"}]}<\/script>\n<!-- \/ Yoast SEO plugin. -->","yoast_head_json":{"title":"Carmen Ventoso \u00e9 unha xogadora de baloncesto con Esclerose M\u00faltiple - FEGADEM","robots":{"index":"index","follow":"follow","max-snippet":"max-snippet:-1","max-image-preview":"max-image-preview:large","max-video-preview":"max-video-preview:-1"},"canonical":"http:\/\/esclerosismultiplegalicia.org\/index.php\/2024\/10\/01\/carmen-ventoso-e-unha-xogadora-de-baloncesto-con-esclerose-multiple\/","og_locale":"gl_ES","og_type":"article","og_title":"Carmen Ventoso \u00e9 unha xogadora de baloncesto con Esclerose M\u00faltiple - FEGADEM","og_description":"Carmen Ventoso, xogadora e capit\u00e1 do CB Terra Ch\u00e1, inspira&hellip; Ler m\u00e1is sobre Carmen Ventoso \u00e9 unha xogadora de baloncesto con Esclerose M\u00faltiple","og_url":"http:\/\/esclerosismultiplegalicia.org\/index.php\/2024\/10\/01\/carmen-ventoso-e-unha-xogadora-de-baloncesto-con-esclerose-multiple\/","og_site_name":"FEGADEM","article_publisher":"https:\/\/www.facebook.com\/esclerosemultiplegal?locale=es_ES","article_published_time":"2024-10-01T14:14:00+00:00","article_modified_time":"2025-09-05T14:15:24+00:00","author":"admin","twitter_card":"summary_large_image","twitter_creator":"@fegadem","twitter_site":"@fegadem","twitter_misc":{"Escrito por":"admin","Tempo de lectura":"4 minutos"},"schema":{"@context":"https:\/\/schema.org","@graph":[{"@type":"Article","@id":"http:\/\/esclerosismultiplegalicia.org\/index.php\/2024\/10\/01\/carmen-ventoso-e-unha-xogadora-de-baloncesto-con-esclerose-multiple\/#article","isPartOf":{"@id":"http:\/\/esclerosismultiplegalicia.org\/index.php\/2024\/10\/01\/carmen-ventoso-e-unha-xogadora-de-baloncesto-con-esclerose-multiple\/"},"author":{"name":"admin","@id":"https:\/\/esclerosismultiplegalicia.org\/#\/schema\/person\/6c5800f07aa0462086b750a2df88cfb4"},"headline":"Carmen Ventoso \u00e9 unha xogadora de baloncesto con Esclerose M\u00faltiple","datePublished":"2024-10-01T14:14:00+00:00","dateModified":"2025-09-05T14:15:24+00:00","mainEntityOfPage":{"@id":"http:\/\/esclerosismultiplegalicia.org\/index.php\/2024\/10\/01\/carmen-ventoso-e-unha-xogadora-de-baloncesto-con-esclerose-multiple\/"},"wordCount":821,"publisher":{"@id":"https:\/\/esclerosismultiplegalicia.org\/#organization"},"keywords":["FEGADEM"],"articleSection":["Novas"],"inLanguage":"gl-ES"},{"@type":"WebPage","@id":"http:\/\/esclerosismultiplegalicia.org\/index.php\/2024\/10\/01\/carmen-ventoso-e-unha-xogadora-de-baloncesto-con-esclerose-multiple\/","url":"http:\/\/esclerosismultiplegalicia.org\/index.php\/2024\/10\/01\/carmen-ventoso-e-unha-xogadora-de-baloncesto-con-esclerose-multiple\/","name":"Carmen Ventoso \u00e9 unha xogadora de baloncesto con Esclerose M\u00faltiple - FEGADEM","isPartOf":{"@id":"https:\/\/esclerosismultiplegalicia.org\/#website"},"datePublished":"2024-10-01T14:14:00+00:00","dateModified":"2025-09-05T14:15:24+00:00","breadcrumb":{"@id":"http:\/\/esclerosismultiplegalicia.org\/index.php\/2024\/10\/01\/carmen-ventoso-e-unha-xogadora-de-baloncesto-con-esclerose-multiple\/#breadcrumb"},"inLanguage":"gl-ES","potentialAction":[{"@type":"ReadAction","target":["http:\/\/esclerosismultiplegalicia.org\/index.php\/2024\/10\/01\/carmen-ventoso-e-unha-xogadora-de-baloncesto-con-esclerose-multiple\/"]}]},{"@type":"BreadcrumbList","@id":"http:\/\/esclerosismultiplegalicia.org\/index.php\/2024\/10\/01\/carmen-ventoso-e-unha-xogadora-de-baloncesto-con-esclerose-multiple\/#breadcrumb","itemListElement":[{"@type":"ListItem","position":1,"name":"Inicio","item":"https:\/\/esclerosismultiplegalicia.org\/"},{"@type":"ListItem","position":2,"name":"Carmen Ventoso \u00e9 unha xogadora de baloncesto con Esclerose M\u00faltiple"}]},{"@type":"WebSite","@id":"https:\/\/esclerosismultiplegalicia.org\/#website","url":"https:\/\/esclerosismultiplegalicia.org\/","name":"FEGADEM","description":"Traballamos mellorando a calidade de vida das persoas con Esclerose M\u00faltiple en Galicia.","publisher":{"@id":"https:\/\/esclerosismultiplegalicia.org\/#organization"},"potentialAction":[{"@type":"SearchAction","target":{"@type":"EntryPoint","urlTemplate":"https:\/\/esclerosismultiplegalicia.org\/?s={search_term_string}"},"query-input":{"@type":"PropertyValueSpecification","valueRequired":true,"valueName":"search_term_string"}}],"inLanguage":"gl-ES"},{"@type":"Organization","@id":"https:\/\/esclerosismultiplegalicia.org\/#organization","name":"FEGADEM (Federaci\u00f3n Galega de Esclerose M\u00faltiple)","url":"https:\/\/esclerosismultiplegalicia.org\/","logo":{"@type":"ImageObject","inLanguage":"gl-ES","@id":"https:\/\/esclerosismultiplegalicia.org\/#\/schema\/logo\/image\/","url":"http:\/\/esclerosismultiplegalicia.org\/wp-content\/uploads\/2025\/05\/cropped-FEGADEM_Imagotipo-scaled-1.png","contentUrl":"http:\/\/esclerosismultiplegalicia.org\/wp-content\/uploads\/2025\/05\/cropped-FEGADEM_Imagotipo-scaled-1.png","width":2558,"height":1138,"caption":"FEGADEM (Federaci\u00f3n Galega de Esclerose M\u00faltiple)"},"image":{"@id":"https:\/\/esclerosismultiplegalicia.org\/#\/schema\/logo\/image\/"},"sameAs":["https:\/\/www.facebook.com\/esclerosemultiplegal?locale=es_ES","https:\/\/x.com\/fegadem","https:\/\/www.instagram.com\/esclerosemultiplegal\/","https:\/\/www.youtube.com\/@fegademfederaciongalegadee3374"]},{"@type":"Person","@id":"https:\/\/esclerosismultiplegalicia.org\/#\/schema\/person\/6c5800f07aa0462086b750a2df88cfb4","name":"admin","image":{"@type":"ImageObject","inLanguage":"gl-ES","@id":"https:\/\/esclerosismultiplegalicia.org\/#\/schema\/person\/image\/","url":"https:\/\/secure.gravatar.com\/avatar\/6b01f9a90ea05bdd1053be7f0879b99bae6103fa66164176a65e4bd6fee73fba?s=96&d=mm&r=g","contentUrl":"https:\/\/secure.gravatar.com\/avatar\/6b01f9a90ea05bdd1053be7f0879b99bae6103fa66164176a65e4bd6fee73fba?s=96&d=mm&r=g","caption":"admin"},"sameAs":["https:\/\/prueba.esclerosismultiplegalicia.org"],"url":"http:\/\/esclerosismultiplegalicia.org\/index.php\/author\/admin\/"}]}},"_links":{"self":[{"href":"http:\/\/esclerosismultiplegalicia.org\/index.php\/wp-json\/wp\/v2\/posts\/2767","targetHints":{"allow":["GET"]}}],"collection":[{"href":"http:\/\/esclerosismultiplegalicia.org\/index.php\/wp-json\/wp\/v2\/posts"}],"about":[{"href":"http:\/\/esclerosismultiplegalicia.org\/index.php\/wp-json\/wp\/v2\/types\/post"}],"author":[{"embeddable":true,"href":"http:\/\/esclerosismultiplegalicia.org\/index.php\/wp-json\/wp\/v2\/users\/1"}],"replies":[{"embeddable":true,"href":"http:\/\/esclerosismultiplegalicia.org\/index.php\/wp-json\/wp\/v2\/comments?post=2767"}],"version-history":[{"count":1,"href":"http:\/\/esclerosismultiplegalicia.org\/index.php\/wp-json\/wp\/v2\/posts\/2767\/revisions"}],"predecessor-version":[{"id":2768,"href":"http:\/\/esclerosismultiplegalicia.org\/index.php\/wp-json\/wp\/v2\/posts\/2767\/revisions\/2768"}],"wp:attachment":[{"href":"http:\/\/esclerosismultiplegalicia.org\/index.php\/wp-json\/wp\/v2\/media?parent=2767"}],"wp:term":[{"taxonomy":"category","embeddable":true,"href":"http:\/\/esclerosismultiplegalicia.org\/index.php\/wp-json\/wp\/v2\/categories?post=2767"},{"taxonomy":"post_tag","embeddable":true,"href":"http:\/\/esclerosismultiplegalicia.org\/index.php\/wp-json\/wp\/v2\/tags?post=2767"}],"curies":[{"name":"wp","href":"https:\/\/api.w.org\/{rel}","templated":true}]}}