{"id":2718,"date":"2024-07-26T13:36:00","date_gmt":"2024-07-26T11:36:00","guid":{"rendered":"https:\/\/prueba.esclerosismultiplegalicia.org\/?p=2718"},"modified":"2025-09-05T16:07:54","modified_gmt":"2025-09-05T14:07:54","slug":"profesionais-da-investigacion-en-galicia-estudan-como-usar-a-ia-para-predecir-a-evolucion-da-em","status":"publish","type":"post","link":"http:\/\/esclerosismultiplegalicia.org\/index.php\/2024\/07\/26\/profesionais-da-investigacion-en-galicia-estudan-como-usar-a-ia-para-predecir-a-evolucion-da-em\/","title":{"rendered":"Profesionais da investigaci\u00f3n en Galicia estudan como usar a IA para predecir a evoluci\u00f3n da EM"},"content":{"rendered":"\n<h3 class=\"wp-block-heading has-theme-palette-2-color has-text-color has-link-color wp-elements-0bd9e0f1cbccf0fe5c87acb9e030d2cf\"><em>O uso de intelixencia artificial permite predecir con gran precisi\u00f3n a evoluci\u00f3n da Esclerose M\u00faltiple a 10 anos, optimizando tratamentos e mellorando a calidade de vida das persoas.<\/em><\/h3>\n\n\n\n<p>O grupo de&nbsp;<strong>Investigaci\u00f3n Traslacional en Enfermidades Neurol\u00f3xicas<\/strong>&nbsp;(ITEN) do IDIS (Santiago) e o&nbsp;<strong>IIS Galicia Sur<\/strong>&nbsp;(Vigo) colaboran nun innovador estudo sobre a Esclerose M\u00faltiple (EM) e a s\u00faa evoluci\u00f3n utilizando a&nbsp;<strong>intelixencia artificial<\/strong>&nbsp;(IA), que acaba de ser publicado na prestixiosa revista cient\u00edfica&nbsp;<em><strong>Plos One<\/strong><\/em>.<\/p>\n\n\n\n<p>A trav\u00e9s dos datos obtidos da primeira resonancia magn\u00e9tica de persoas con EM do&nbsp;<strong>Servizo de Neurolox\u00eda do Hospital Cl\u00ednico de Santiago de Compostela<\/strong>, o estudo emprega a IA para predecir a evoluci\u00f3n da EM nestas persoas a 10 anos cunha&nbsp;<strong>precisi\u00f3n pr\u00f3xima so 90%<\/strong>. A investigaci\u00f3n analizou un total de 446 rexistros de pacientes con ao menos un ano de seguimento. Este modelo de aprendizaxe autom\u00e1tica predice a progresi\u00f3n da discapacidade en persoas con EM utilizando datos de&nbsp;<strong>resonancia magn\u00e9tica basal<\/strong>&nbsp;ou inicial (MRI) e&nbsp;<strong>avaliaci\u00f3ns cl\u00ednicas<\/strong>&nbsp;coa &#8216;Escala ampliada do estado de discapacidade&#8217;.<\/p>\n\n\n\n<p>&#8220;O traballo prop\u00f3n novos modelos para describir a progresi\u00f3n dos pacientes con programas de IA que predicen as s\u00faas traxectorias usando estes descritores e, ademais, ofr\u00e9cenos unha idea de que factores contrib\u00faen a dita evoluci\u00f3n, como a idade de debut ou as lesi\u00f3ns&#8221;, explica&nbsp;<strong>Silvia Campanioni<\/strong>, primeira autora do estudo. Deste modo, a investigaci\u00f3n permitir\u00e1&nbsp;<strong>optimizar a posolox\u00eda<\/strong>&nbsp;dos tratamentos da Esclerose M\u00faltiple en canto a dose e duraci\u00f3n do tratamento, as\u00ed como optimizar a s\u00faa aplicaci\u00f3n en funci\u00f3n do perfil de cada persoa, mellorando a s\u00faa traxectoria mediante o uso de predictores de&nbsp;<em>machine learning<\/em>&nbsp;personalizados.<\/p>\n\n\n\n<h3 class=\"wp-block-heading\"><strong>Idade de debut e lesi\u00f3ns cerebrais<\/strong><\/h3>\n\n\n\n<p>Entre os&nbsp;<strong>resultados<\/strong>&nbsp;m\u00e1is destacados, o estudo identificou que a &#8220;idade de debut&#8221; \u00e9 unha das caracter\u00edsticas m\u00e1is influ\u00edntes para os modelos regresores desenvolvidos. Ademais, o n\u00famero de lesi\u00f3ns cerebrais maiores ou iguais a nove na resonancia magn\u00e9tica inicial resultou ser a variable m\u00e1is influ\u00ednte nas decisi\u00f3ns do modelo clasificador.<\/p>\n\n\n\n<p>A Esclerose M\u00faltiple \u00e9 unha enfermidade inflamatoria e neurodexenerativa cr\u00f3nica que provoca desmielinizaci\u00f3n e acumulaci\u00f3n de discapacidade a longo prazo. A activaci\u00f3n autorreactiva da inmunidade adaptativa xoga un papel protagonista na EM. A\u00ednda que se desco\u00f1ece a&nbsp;<strong>causa<\/strong>&nbsp;exacta que a desencadea, ap\u00fantase a unha interacci\u00f3n entre xens e factores de risco ambientais, virais e de estilo de vida.<\/p>\n\n\n\n<p>O atlas de EM 2020 mostra que existen arredor de&nbsp;<strong>3.800 persoas diagnosticadas en Galicia<\/strong>&nbsp;e 55.000 en Espa\u00f1a, cunha prevalencia do&nbsp;<strong>75% en mulleres<\/strong>&nbsp;e unha media de diagn\u00f3stico aos<strong>&nbsp;32 anos<\/strong>.<\/p>\n\n\n\n<p>Ler a noticia completa en&nbsp;<a href=\"https:\/\/www.elespanol.com\/quincemil\/vivir\/salud\/20240717\/investigadores-gallegos-predicen-evolucion-pacientes-esclerosis-multiple-traves-ia\/871163357_0.html\" target=\"_blank\" rel=\"noreferrer noopener\">Quincemil<\/a>.<\/p>\n","protected":false},"excerpt":{"rendered":"<p>O uso de intelixencia artificial permite predecir con gran precisi\u00f3n&hellip; <a class=\"continue\" href=\"http:\/\/esclerosismultiplegalicia.org\/index.php\/2024\/07\/26\/profesionais-da-investigacion-en-galicia-estudan-como-usar-a-ia-para-predecir-a-evolucion-da-em\/\">Ler m\u00e1is sobre<span> Profesionais da investigaci\u00f3n en Galicia estudan como usar a IA para predecir a evoluci\u00f3n da EM<\/span><\/a><\/p>\n","protected":false},"author":1,"featured_media":0,"comment_status":"closed","ping_status":"closed","sticky":false,"template":"","format":"standard","meta":{"_kad_post_transparent":"","_kad_post_title":"","_kad_post_layout":"","_kad_post_sidebar_id":"","_kad_post_content_style":"","_kad_post_vertical_padding":"","_kad_post_feature":"","_kad_post_feature_position":"","_kad_post_header":false,"_kad_post_footer":false,"footnotes":""},"categories":[103],"tags":[102],"class_list":["post-2718","post","type-post","status-publish","format-standard","hentry","category-novas","tag-investigacion"],"yoast_head":"<!-- This site is optimized with the Yoast SEO plugin v26.1.1 - https:\/\/yoast.com\/wordpress\/plugins\/seo\/ -->\n<title>Profesionais da investigaci\u00f3n en Galicia estudan como usar a IA para predecir a evoluci\u00f3n da EM - FEGADEM<\/title>\n<meta name=\"robots\" content=\"index, follow, max-snippet:-1, max-image-preview:large, max-video-preview:-1\" \/>\n<link rel=\"canonical\" href=\"https:\/\/esclerosismultiplegalicia.org\/index.php\/2024\/07\/26\/profesionais-da-investigacion-en-galicia-estudan-como-usar-a-ia-para-predecir-a-evolucion-da-em\/\" \/>\n<meta property=\"og:locale\" content=\"gl_ES\" \/>\n<meta property=\"og:type\" content=\"article\" \/>\n<meta property=\"og:title\" content=\"Profesionais da investigaci\u00f3n en Galicia estudan como usar a IA para predecir a evoluci\u00f3n da EM - FEGADEM\" \/>\n<meta property=\"og:description\" content=\"O uso de intelixencia artificial permite predecir con gran precisi\u00f3n&hellip; Ler m\u00e1is sobre Profesionais da investigaci\u00f3n en Galicia estudan como usar a IA para predecir a evoluci\u00f3n da EM\" \/>\n<meta property=\"og:url\" content=\"https:\/\/esclerosismultiplegalicia.org\/index.php\/2024\/07\/26\/profesionais-da-investigacion-en-galicia-estudan-como-usar-a-ia-para-predecir-a-evolucion-da-em\/\" \/>\n<meta property=\"og:site_name\" content=\"FEGADEM\" \/>\n<meta property=\"article:publisher\" content=\"https:\/\/www.facebook.com\/esclerosemultiplegal?locale=es_ES\" \/>\n<meta property=\"article:published_time\" content=\"2024-07-26T11:36:00+00:00\" \/>\n<meta property=\"article:modified_time\" content=\"2025-09-05T14:07:54+00:00\" \/>\n<meta name=\"author\" content=\"admin\" \/>\n<meta name=\"twitter:card\" content=\"summary_large_image\" \/>\n<meta name=\"twitter:creator\" content=\"@fegadem\" \/>\n<meta name=\"twitter:site\" content=\"@fegadem\" \/>\n<meta name=\"twitter:label1\" content=\"Escrito por\" \/>\n\t<meta name=\"twitter:data1\" content=\"admin\" \/>\n\t<meta name=\"twitter:label2\" content=\"Tempo de lectura\" \/>\n\t<meta name=\"twitter:data2\" content=\"2 minutos\" \/>\n<script type=\"application\/ld+json\" class=\"yoast-schema-graph\">{\"@context\":\"https:\/\/schema.org\",\"@graph\":[{\"@type\":\"Article\",\"@id\":\"https:\/\/esclerosismultiplegalicia.org\/index.php\/2024\/07\/26\/profesionais-da-investigacion-en-galicia-estudan-como-usar-a-ia-para-predecir-a-evolucion-da-em\/#article\",\"isPartOf\":{\"@id\":\"https:\/\/esclerosismultiplegalicia.org\/index.php\/2024\/07\/26\/profesionais-da-investigacion-en-galicia-estudan-como-usar-a-ia-para-predecir-a-evolucion-da-em\/\"},\"author\":{\"name\":\"admin\",\"@id\":\"https:\/\/esclerosismultiplegalicia.org\/#\/schema\/person\/6c5800f07aa0462086b750a2df88cfb4\"},\"headline\":\"Profesionais da investigaci\u00f3n en Galicia estudan como usar a IA para predecir a evoluci\u00f3n da EM\",\"datePublished\":\"2024-07-26T11:36:00+00:00\",\"dateModified\":\"2025-09-05T14:07:54+00:00\",\"mainEntityOfPage\":{\"@id\":\"https:\/\/esclerosismultiplegalicia.org\/index.php\/2024\/07\/26\/profesionais-da-investigacion-en-galicia-estudan-como-usar-a-ia-para-predecir-a-evolucion-da-em\/\"},\"wordCount\":515,\"publisher\":{\"@id\":\"https:\/\/esclerosismultiplegalicia.org\/#organization\"},\"keywords\":[\"Investigaci\u00f3n\"],\"articleSection\":[\"Novas\"],\"inLanguage\":\"gl-ES\"},{\"@type\":\"WebPage\",\"@id\":\"https:\/\/esclerosismultiplegalicia.org\/index.php\/2024\/07\/26\/profesionais-da-investigacion-en-galicia-estudan-como-usar-a-ia-para-predecir-a-evolucion-da-em\/\",\"url\":\"https:\/\/esclerosismultiplegalicia.org\/index.php\/2024\/07\/26\/profesionais-da-investigacion-en-galicia-estudan-como-usar-a-ia-para-predecir-a-evolucion-da-em\/\",\"name\":\"Profesionais da investigaci\u00f3n en Galicia estudan como usar a IA para predecir a evoluci\u00f3n da EM - FEGADEM\",\"isPartOf\":{\"@id\":\"https:\/\/esclerosismultiplegalicia.org\/#website\"},\"datePublished\":\"2024-07-26T11:36:00+00:00\",\"dateModified\":\"2025-09-05T14:07:54+00:00\",\"breadcrumb\":{\"@id\":\"https:\/\/esclerosismultiplegalicia.org\/index.php\/2024\/07\/26\/profesionais-da-investigacion-en-galicia-estudan-como-usar-a-ia-para-predecir-a-evolucion-da-em\/#breadcrumb\"},\"inLanguage\":\"gl-ES\",\"potentialAction\":[{\"@type\":\"ReadAction\",\"target\":[\"https:\/\/esclerosismultiplegalicia.org\/index.php\/2024\/07\/26\/profesionais-da-investigacion-en-galicia-estudan-como-usar-a-ia-para-predecir-a-evolucion-da-em\/\"]}]},{\"@type\":\"BreadcrumbList\",\"@id\":\"https:\/\/esclerosismultiplegalicia.org\/index.php\/2024\/07\/26\/profesionais-da-investigacion-en-galicia-estudan-como-usar-a-ia-para-predecir-a-evolucion-da-em\/#breadcrumb\",\"itemListElement\":[{\"@type\":\"ListItem\",\"position\":1,\"name\":\"Inicio\",\"item\":\"https:\/\/esclerosismultiplegalicia.org\/\"},{\"@type\":\"ListItem\",\"position\":2,\"name\":\"Profesionais da investigaci\u00f3n en Galicia estudan como usar a IA para predecir a evoluci\u00f3n da EM\"}]},{\"@type\":\"WebSite\",\"@id\":\"https:\/\/esclerosismultiplegalicia.org\/#website\",\"url\":\"https:\/\/esclerosismultiplegalicia.org\/\",\"name\":\"FEGADEM\",\"description\":\"Traballamos mellorando a calidade de vida das persoas con Esclerose M\u00faltiple en Galicia.\",\"publisher\":{\"@id\":\"https:\/\/esclerosismultiplegalicia.org\/#organization\"},\"potentialAction\":[{\"@type\":\"SearchAction\",\"target\":{\"@type\":\"EntryPoint\",\"urlTemplate\":\"https:\/\/esclerosismultiplegalicia.org\/?s={search_term_string}\"},\"query-input\":{\"@type\":\"PropertyValueSpecification\",\"valueRequired\":true,\"valueName\":\"search_term_string\"}}],\"inLanguage\":\"gl-ES\"},{\"@type\":\"Organization\",\"@id\":\"https:\/\/esclerosismultiplegalicia.org\/#organization\",\"name\":\"FEGADEM (Federaci\u00f3n Galega de Esclerose M\u00faltiple)\",\"url\":\"https:\/\/esclerosismultiplegalicia.org\/\",\"logo\":{\"@type\":\"ImageObject\",\"inLanguage\":\"gl-ES\",\"@id\":\"https:\/\/esclerosismultiplegalicia.org\/#\/schema\/logo\/image\/\",\"url\":\"http:\/\/esclerosismultiplegalicia.org\/wp-content\/uploads\/2025\/05\/cropped-FEGADEM_Imagotipo-scaled-1.png\",\"contentUrl\":\"http:\/\/esclerosismultiplegalicia.org\/wp-content\/uploads\/2025\/05\/cropped-FEGADEM_Imagotipo-scaled-1.png\",\"width\":2558,\"height\":1138,\"caption\":\"FEGADEM (Federaci\u00f3n Galega de Esclerose M\u00faltiple)\"},\"image\":{\"@id\":\"https:\/\/esclerosismultiplegalicia.org\/#\/schema\/logo\/image\/\"},\"sameAs\":[\"https:\/\/www.facebook.com\/esclerosemultiplegal?locale=es_ES\",\"https:\/\/x.com\/fegadem\",\"https:\/\/www.instagram.com\/esclerosemultiplegal\/\",\"https:\/\/www.youtube.com\/@fegademfederaciongalegadee3374\"]},{\"@type\":\"Person\",\"@id\":\"https:\/\/esclerosismultiplegalicia.org\/#\/schema\/person\/6c5800f07aa0462086b750a2df88cfb4\",\"name\":\"admin\",\"image\":{\"@type\":\"ImageObject\",\"inLanguage\":\"gl-ES\",\"@id\":\"https:\/\/esclerosismultiplegalicia.org\/#\/schema\/person\/image\/\",\"url\":\"https:\/\/secure.gravatar.com\/avatar\/6b01f9a90ea05bdd1053be7f0879b99bae6103fa66164176a65e4bd6fee73fba?s=96&d=mm&r=g\",\"contentUrl\":\"https:\/\/secure.gravatar.com\/avatar\/6b01f9a90ea05bdd1053be7f0879b99bae6103fa66164176a65e4bd6fee73fba?s=96&d=mm&r=g\",\"caption\":\"admin\"},\"sameAs\":[\"https:\/\/prueba.esclerosismultiplegalicia.org\"],\"url\":\"http:\/\/esclerosismultiplegalicia.org\/index.php\/author\/admin\/\"}]}<\/script>\n<!-- \/ Yoast SEO plugin. -->","yoast_head_json":{"title":"Profesionais da investigaci\u00f3n en Galicia estudan como usar a IA para predecir a evoluci\u00f3n da EM - FEGADEM","robots":{"index":"index","follow":"follow","max-snippet":"max-snippet:-1","max-image-preview":"max-image-preview:large","max-video-preview":"max-video-preview:-1"},"canonical":"https:\/\/esclerosismultiplegalicia.org\/index.php\/2024\/07\/26\/profesionais-da-investigacion-en-galicia-estudan-como-usar-a-ia-para-predecir-a-evolucion-da-em\/","og_locale":"gl_ES","og_type":"article","og_title":"Profesionais da investigaci\u00f3n en Galicia estudan como usar a IA para predecir a evoluci\u00f3n da EM - FEGADEM","og_description":"O uso de intelixencia artificial permite predecir con gran precisi\u00f3n&hellip; Ler m\u00e1is sobre Profesionais da investigaci\u00f3n en Galicia estudan como usar a IA para predecir a evoluci\u00f3n da EM","og_url":"https:\/\/esclerosismultiplegalicia.org\/index.php\/2024\/07\/26\/profesionais-da-investigacion-en-galicia-estudan-como-usar-a-ia-para-predecir-a-evolucion-da-em\/","og_site_name":"FEGADEM","article_publisher":"https:\/\/www.facebook.com\/esclerosemultiplegal?locale=es_ES","article_published_time":"2024-07-26T11:36:00+00:00","article_modified_time":"2025-09-05T14:07:54+00:00","author":"admin","twitter_card":"summary_large_image","twitter_creator":"@fegadem","twitter_site":"@fegadem","twitter_misc":{"Escrito por":"admin","Tempo de lectura":"2 minutos"},"schema":{"@context":"https:\/\/schema.org","@graph":[{"@type":"Article","@id":"https:\/\/esclerosismultiplegalicia.org\/index.php\/2024\/07\/26\/profesionais-da-investigacion-en-galicia-estudan-como-usar-a-ia-para-predecir-a-evolucion-da-em\/#article","isPartOf":{"@id":"https:\/\/esclerosismultiplegalicia.org\/index.php\/2024\/07\/26\/profesionais-da-investigacion-en-galicia-estudan-como-usar-a-ia-para-predecir-a-evolucion-da-em\/"},"author":{"name":"admin","@id":"https:\/\/esclerosismultiplegalicia.org\/#\/schema\/person\/6c5800f07aa0462086b750a2df88cfb4"},"headline":"Profesionais da investigaci\u00f3n en Galicia estudan como usar a IA para predecir a evoluci\u00f3n da EM","datePublished":"2024-07-26T11:36:00+00:00","dateModified":"2025-09-05T14:07:54+00:00","mainEntityOfPage":{"@id":"https:\/\/esclerosismultiplegalicia.org\/index.php\/2024\/07\/26\/profesionais-da-investigacion-en-galicia-estudan-como-usar-a-ia-para-predecir-a-evolucion-da-em\/"},"wordCount":515,"publisher":{"@id":"https:\/\/esclerosismultiplegalicia.org\/#organization"},"keywords":["Investigaci\u00f3n"],"articleSection":["Novas"],"inLanguage":"gl-ES"},{"@type":"WebPage","@id":"https:\/\/esclerosismultiplegalicia.org\/index.php\/2024\/07\/26\/profesionais-da-investigacion-en-galicia-estudan-como-usar-a-ia-para-predecir-a-evolucion-da-em\/","url":"https:\/\/esclerosismultiplegalicia.org\/index.php\/2024\/07\/26\/profesionais-da-investigacion-en-galicia-estudan-como-usar-a-ia-para-predecir-a-evolucion-da-em\/","name":"Profesionais da investigaci\u00f3n en Galicia estudan como usar a IA para predecir a evoluci\u00f3n da EM - FEGADEM","isPartOf":{"@id":"https:\/\/esclerosismultiplegalicia.org\/#website"},"datePublished":"2024-07-26T11:36:00+00:00","dateModified":"2025-09-05T14:07:54+00:00","breadcrumb":{"@id":"https:\/\/esclerosismultiplegalicia.org\/index.php\/2024\/07\/26\/profesionais-da-investigacion-en-galicia-estudan-como-usar-a-ia-para-predecir-a-evolucion-da-em\/#breadcrumb"},"inLanguage":"gl-ES","potentialAction":[{"@type":"ReadAction","target":["https:\/\/esclerosismultiplegalicia.org\/index.php\/2024\/07\/26\/profesionais-da-investigacion-en-galicia-estudan-como-usar-a-ia-para-predecir-a-evolucion-da-em\/"]}]},{"@type":"BreadcrumbList","@id":"https:\/\/esclerosismultiplegalicia.org\/index.php\/2024\/07\/26\/profesionais-da-investigacion-en-galicia-estudan-como-usar-a-ia-para-predecir-a-evolucion-da-em\/#breadcrumb","itemListElement":[{"@type":"ListItem","position":1,"name":"Inicio","item":"https:\/\/esclerosismultiplegalicia.org\/"},{"@type":"ListItem","position":2,"name":"Profesionais da investigaci\u00f3n en Galicia estudan como usar a IA para predecir a evoluci\u00f3n da EM"}]},{"@type":"WebSite","@id":"https:\/\/esclerosismultiplegalicia.org\/#website","url":"https:\/\/esclerosismultiplegalicia.org\/","name":"FEGADEM","description":"Traballamos mellorando a calidade de vida das persoas con Esclerose M\u00faltiple en Galicia.","publisher":{"@id":"https:\/\/esclerosismultiplegalicia.org\/#organization"},"potentialAction":[{"@type":"SearchAction","target":{"@type":"EntryPoint","urlTemplate":"https:\/\/esclerosismultiplegalicia.org\/?s={search_term_string}"},"query-input":{"@type":"PropertyValueSpecification","valueRequired":true,"valueName":"search_term_string"}}],"inLanguage":"gl-ES"},{"@type":"Organization","@id":"https:\/\/esclerosismultiplegalicia.org\/#organization","name":"FEGADEM (Federaci\u00f3n Galega de Esclerose M\u00faltiple)","url":"https:\/\/esclerosismultiplegalicia.org\/","logo":{"@type":"ImageObject","inLanguage":"gl-ES","@id":"https:\/\/esclerosismultiplegalicia.org\/#\/schema\/logo\/image\/","url":"http:\/\/esclerosismultiplegalicia.org\/wp-content\/uploads\/2025\/05\/cropped-FEGADEM_Imagotipo-scaled-1.png","contentUrl":"http:\/\/esclerosismultiplegalicia.org\/wp-content\/uploads\/2025\/05\/cropped-FEGADEM_Imagotipo-scaled-1.png","width":2558,"height":1138,"caption":"FEGADEM (Federaci\u00f3n Galega de Esclerose M\u00faltiple)"},"image":{"@id":"https:\/\/esclerosismultiplegalicia.org\/#\/schema\/logo\/image\/"},"sameAs":["https:\/\/www.facebook.com\/esclerosemultiplegal?locale=es_ES","https:\/\/x.com\/fegadem","https:\/\/www.instagram.com\/esclerosemultiplegal\/","https:\/\/www.youtube.com\/@fegademfederaciongalegadee3374"]},{"@type":"Person","@id":"https:\/\/esclerosismultiplegalicia.org\/#\/schema\/person\/6c5800f07aa0462086b750a2df88cfb4","name":"admin","image":{"@type":"ImageObject","inLanguage":"gl-ES","@id":"https:\/\/esclerosismultiplegalicia.org\/#\/schema\/person\/image\/","url":"https:\/\/secure.gravatar.com\/avatar\/6b01f9a90ea05bdd1053be7f0879b99bae6103fa66164176a65e4bd6fee73fba?s=96&d=mm&r=g","contentUrl":"https:\/\/secure.gravatar.com\/avatar\/6b01f9a90ea05bdd1053be7f0879b99bae6103fa66164176a65e4bd6fee73fba?s=96&d=mm&r=g","caption":"admin"},"sameAs":["https:\/\/prueba.esclerosismultiplegalicia.org"],"url":"http:\/\/esclerosismultiplegalicia.org\/index.php\/author\/admin\/"}]}},"_links":{"self":[{"href":"http:\/\/esclerosismultiplegalicia.org\/index.php\/wp-json\/wp\/v2\/posts\/2718","targetHints":{"allow":["GET"]}}],"collection":[{"href":"http:\/\/esclerosismultiplegalicia.org\/index.php\/wp-json\/wp\/v2\/posts"}],"about":[{"href":"http:\/\/esclerosismultiplegalicia.org\/index.php\/wp-json\/wp\/v2\/types\/post"}],"author":[{"embeddable":true,"href":"http:\/\/esclerosismultiplegalicia.org\/index.php\/wp-json\/wp\/v2\/users\/1"}],"replies":[{"embeddable":true,"href":"http:\/\/esclerosismultiplegalicia.org\/index.php\/wp-json\/wp\/v2\/comments?post=2718"}],"version-history":[{"count":1,"href":"http:\/\/esclerosismultiplegalicia.org\/index.php\/wp-json\/wp\/v2\/posts\/2718\/revisions"}],"predecessor-version":[{"id":2719,"href":"http:\/\/esclerosismultiplegalicia.org\/index.php\/wp-json\/wp\/v2\/posts\/2718\/revisions\/2719"}],"wp:attachment":[{"href":"http:\/\/esclerosismultiplegalicia.org\/index.php\/wp-json\/wp\/v2\/media?parent=2718"}],"wp:term":[{"taxonomy":"category","embeddable":true,"href":"http:\/\/esclerosismultiplegalicia.org\/index.php\/wp-json\/wp\/v2\/categories?post=2718"},{"taxonomy":"post_tag","embeddable":true,"href":"http:\/\/esclerosismultiplegalicia.org\/index.php\/wp-json\/wp\/v2\/tags?post=2718"}],"curies":[{"name":"wp","href":"https:\/\/api.w.org\/{rel}","templated":true}]}}