{"id":2672,"date":"2023-12-22T11:18:00","date_gmt":"2023-12-22T10:18:00","guid":{"rendered":"https:\/\/prueba.esclerosismultiplegalicia.org\/?p=2672"},"modified":"2025-09-05T11:21:49","modified_gmt":"2025-09-05T09:21:49","slug":"as-asociacions-galegas-de-esclerose-multiple-visibilizan-a-enfermidade-no-dia-mundial-da-em","status":"publish","type":"post","link":"http:\/\/esclerosismultiplegalicia.org\/index.php\/2023\/12\/22\/as-asociacions-galegas-de-esclerose-multiple-visibilizan-a-enfermidade-no-dia-mundial-da-em\/","title":{"rendered":"As asociaci\u00f3ns galegas de Esclerose M\u00faltiple visibilizan a enfermidade no D\u00eda Mundial da EM"},"content":{"rendered":"\n<h3 class=\"wp-block-heading has-theme-palette-2-color has-text-color has-link-color wp-elements-87381e29f70f40adbded346df7916064\"><em>Uni\u00f3n na adversidade: asociaci\u00f3ns galegas solidar\u00edzanse na loita contra a Esclerose M\u00faltiple. Edificios emblem\u00e1ticos galegos iluminados en conmemoraci\u00f3n do D\u00eda Mundial da Esclerose M\u00faltiple.<\/em><\/h3>\n\n\n\n<p>Nunha mostra de solidariedade e concienciaci\u00f3n, as asociaci\u00f3ns de Esclerose M\u00faltiple de Santiago de Compostela, A Coru\u00f1a, Vigo, Lugo e Ourense, conmemoraron o&nbsp;<strong>D\u00eda Mundial da EM<\/strong>&nbsp;o pasado&nbsp;<strong>18 de decembro<\/strong>. A trav\u00e9s de distintos eventos e actos, estas organizaci\u00f3ns destacaron a importancia de sensibilizar \u00e1 comunidade sobre esta enfermidade neurodexenerativa.<\/p>\n\n\n\n<p>Durante a xornada, lev\u00e1ronse a cabo sesi\u00f3ns informativas, as\u00ed como emocionantes testemu\u00f1os de pacientes e profesionais. A iniciativa non s\u00f3 buscou difundir co\u00f1ecementos sobre a enfermidade, sen\u00f3n tam\u00e9n fomentar a empat\u00eda e comprensi\u00f3n cara quenes conviven coa Esclerose M\u00faltiple en Galicia. Foi o caso de&nbsp;<strong>ACEM Santiago<\/strong>, entidade que optou pola colocaci\u00f3n dunha&nbsp;<strong>mesa de visibilizaci\u00f3n e sensibilizaci\u00f3n<\/strong>&nbsp;no Complexo Hospitalario Universitario de Santiago (CHUS), arroupados por Mar\u00eda Rozas P\u00e9rez, Concelleira de Dereitos e Servizos Sociais do Concello de Santiago; Elo\u00edna N\u00fa\u00f1ez Masid, xerente da \u00e1rea sanitaria de Santiago e Barbanza do Servizo Galego de Sa\u00fade; Mar\u00eda Jos\u00e9 Menor, subdirectora de humanizaci\u00f3n e atenci\u00f3n \u00e1 cidadan\u00eda do CHUS, e o Dr. Jos\u00e9 Mar\u00eda Prieto Gonz\u00e1lez, xefe de neurolox\u00eda do CHUS. Un acto similar foi o de&nbsp;<strong><u>ALUCEM<\/u><\/strong>, ao colocar unha mesa informativa no edificio administrativo da Xunta de Galicia para dar voz e informar sobre a enfermidade.&nbsp;<strong><u>ACEM Coru\u00f1a<\/u><\/strong>&nbsp;instalou&nbsp;<strong>mesas de informaci\u00f3n e postulaci\u00f3n<\/strong>&nbsp;en diferentes puntos da cidade para acadar unha maior concienciaci\u00f3n na sociedade con respecto \u00e1 realidade das persoas que padecen esta enfermidade.<\/p>\n\n\n\n<p>Dende&nbsp;<strong><u>AVEMPO<\/u><\/strong>, sum\u00e1ronse \u00e1 campa\u00f1a&nbsp;<strong>\u201cContEMos historias (con Esclerosis M\u00faltiple)\u201d<\/strong>, unha iniciativa promovida por AEDEM-COCEMFE para mostrar as diferentes realidades das persoas diagnosticadas con EM, a trav\u00e9s de testemu\u00f1as persoais e historias reais, plasmadas en breves relatos escritos (poden lerse no blog da campa\u00f1a, correspond\u00e9ndose as mesmas cos d\u00edas 13 e 14 de decembro). Por outra parte,&nbsp;<strong><u>ACEM Santiago<\/u><\/strong>&nbsp;tam\u00e9n participou na campa\u00f1a nacional<strong>&nbsp;\u201cEMpoderarte, A ti, a todos\u201d<\/strong>&nbsp;da compa\u00f1\u00eda Bristol Myers Squibb, amosando as diversas aportaci\u00f3ns da logopedia aos pacientes con esclerose m\u00faltiple, a trav\u00e9s do testemu\u00f1o da s\u00faa logopeda Jessica Arufe e de d\u00faas persoas afectadas: Jos\u00e9 Manuel e Raquel.<\/p>\n\n\n\n<p>Nun xesto simb\u00f3lico,<strong>&nbsp;ilumin\u00e1ronse alg\u00fans edificios caracter\u00edsticos<\/strong>, xerando as\u00ed unha importante visibilidade en toda Galicia. Foi o caso de&nbsp;<strong><u>AODEMPER<\/u><\/strong>, grazas \u00e1 cal a Ponte Romana de Ourense se tinguiu de vermello. Varios concellos da provincia de Pontevedra (Vigo, Cangas, Redondela, Gondomar, Mora\u00f1a e Cambados), iluminaron de cor laranxa as s\u00faas correspondentes casas consistoriais ou edificios emblem\u00e1ticos da zona en apoio \u00e1s persoas que padecen a \u201cenfermidade das mil caras\u201d. No caso da provincia da Coru\u00f1a, edificios como o Concello de Betanzos, o Castelo de Santa Cruz ou o Pol\u00edgono de Bergondo, ilumin\u00e1ronse de cor vermella.<\/p>\n\n\n\n<p>Este evento anual destaca a importancia da unidade na loita en contra da Esclerose M\u00faltiple, record\u00e1ndolle \u00e1 sociedade que a solidariedade e o co\u00f1ecemento son fundamentais para mellorar a calidade de vida de quenes enfrentan esta enfermidade. Aproveitouse ademais para facer unha reivindicaci\u00f3n por un maior investimento na dotaci\u00f3n de servizos \u00e1s distintas entidades, un maior apoio gubernamental \u00e1 investigaci\u00f3n da EM, as\u00ed como no reco\u00f1ecemento do 33% de discapacidade co diagn\u00f3stico, o cal supor\u00eda un mellor acceso \u00e1s medidas de apoio e protecci\u00f3n social.<\/p>\n","protected":false},"excerpt":{"rendered":"<p>Uni\u00f3n na adversidade: asociaci\u00f3ns galegas solidar\u00edzanse na loita contra a&hellip; <a class=\"continue\" href=\"http:\/\/esclerosismultiplegalicia.org\/index.php\/2023\/12\/22\/as-asociacions-galegas-de-esclerose-multiple-visibilizan-a-enfermidade-no-dia-mundial-da-em\/\">Ler m\u00e1is sobre<span> As asociaci\u00f3ns galegas de Esclerose M\u00faltiple visibilizan a enfermidade no D\u00eda Mundial da EM<\/span><\/a><\/p>\n","protected":false},"author":1,"featured_media":0,"comment_status":"closed","ping_status":"closed","sticky":false,"template":"","format":"standard","meta":{"_kad_post_transparent":"","_kad_post_title":"","_kad_post_layout":"","_kad_post_sidebar_id":"","_kad_post_content_style":"","_kad_post_vertical_padding":"","_kad_post_feature":"","_kad_post_feature_position":"","_kad_post_header":false,"_kad_post_footer":false,"footnotes":""},"categories":[103],"tags":[105,13],"class_list":["post-2672","post","type-post","status-publish","format-standard","hentry","category-novas","tag-dia-mundial-da-em","tag-fegadem"],"yoast_head":"<!-- This site is optimized with the Yoast SEO plugin v26.1.1 - https:\/\/yoast.com\/wordpress\/plugins\/seo\/ -->\n<title>As asociaci\u00f3ns galegas de Esclerose M\u00faltiple visibilizan a enfermidade no D\u00eda Mundial da EM - FEGADEM<\/title>\n<meta name=\"robots\" content=\"index, follow, max-snippet:-1, max-image-preview:large, max-video-preview:-1\" \/>\n<link rel=\"canonical\" href=\"https:\/\/esclerosismultiplegalicia.org\/index.php\/2023\/12\/22\/as-asociacions-galegas-de-esclerose-multiple-visibilizan-a-enfermidade-no-dia-mundial-da-em\/\" \/>\n<meta property=\"og:locale\" content=\"gl_ES\" \/>\n<meta property=\"og:type\" content=\"article\" \/>\n<meta property=\"og:title\" content=\"As asociaci\u00f3ns galegas de Esclerose M\u00faltiple visibilizan a enfermidade no D\u00eda Mundial da EM - FEGADEM\" \/>\n<meta property=\"og:description\" content=\"Uni\u00f3n na adversidade: asociaci\u00f3ns galegas solidar\u00edzanse na loita contra a&hellip; Ler m\u00e1is sobre As asociaci\u00f3ns galegas de Esclerose M\u00faltiple visibilizan a enfermidade no D\u00eda Mundial da EM\" \/>\n<meta property=\"og:url\" content=\"https:\/\/esclerosismultiplegalicia.org\/index.php\/2023\/12\/22\/as-asociacions-galegas-de-esclerose-multiple-visibilizan-a-enfermidade-no-dia-mundial-da-em\/\" \/>\n<meta property=\"og:site_name\" content=\"FEGADEM\" \/>\n<meta property=\"article:publisher\" content=\"https:\/\/www.facebook.com\/esclerosemultiplegal?locale=es_ES\" \/>\n<meta property=\"article:published_time\" content=\"2023-12-22T10:18:00+00:00\" \/>\n<meta property=\"article:modified_time\" content=\"2025-09-05T09:21:49+00:00\" \/>\n<meta name=\"author\" content=\"admin\" \/>\n<meta name=\"twitter:card\" content=\"summary_large_image\" \/>\n<meta name=\"twitter:creator\" content=\"@fegadem\" \/>\n<meta name=\"twitter:site\" content=\"@fegadem\" \/>\n<meta name=\"twitter:label1\" content=\"Escrito por\" \/>\n\t<meta name=\"twitter:data1\" content=\"admin\" \/>\n\t<meta name=\"twitter:label2\" content=\"Tempo de lectura\" \/>\n\t<meta name=\"twitter:data2\" content=\"3 minutos\" \/>\n<script type=\"application\/ld+json\" class=\"yoast-schema-graph\">{\"@context\":\"https:\/\/schema.org\",\"@graph\":[{\"@type\":\"Article\",\"@id\":\"https:\/\/esclerosismultiplegalicia.org\/index.php\/2023\/12\/22\/as-asociacions-galegas-de-esclerose-multiple-visibilizan-a-enfermidade-no-dia-mundial-da-em\/#article\",\"isPartOf\":{\"@id\":\"https:\/\/esclerosismultiplegalicia.org\/index.php\/2023\/12\/22\/as-asociacions-galegas-de-esclerose-multiple-visibilizan-a-enfermidade-no-dia-mundial-da-em\/\"},\"author\":{\"name\":\"admin\",\"@id\":\"https:\/\/esclerosismultiplegalicia.org\/#\/schema\/person\/6c5800f07aa0462086b750a2df88cfb4\"},\"headline\":\"As asociaci\u00f3ns galegas de Esclerose M\u00faltiple visibilizan a enfermidade no D\u00eda Mundial da EM\",\"datePublished\":\"2023-12-22T10:18:00+00:00\",\"dateModified\":\"2025-09-05T09:21:49+00:00\",\"mainEntityOfPage\":{\"@id\":\"https:\/\/esclerosismultiplegalicia.org\/index.php\/2023\/12\/22\/as-asociacions-galegas-de-esclerose-multiple-visibilizan-a-enfermidade-no-dia-mundial-da-em\/\"},\"wordCount\":642,\"publisher\":{\"@id\":\"https:\/\/esclerosismultiplegalicia.org\/#organization\"},\"keywords\":[\"D\u00eda Mundial da EM\",\"FEGADEM\"],\"articleSection\":[\"Novas\"],\"inLanguage\":\"gl-ES\"},{\"@type\":\"WebPage\",\"@id\":\"https:\/\/esclerosismultiplegalicia.org\/index.php\/2023\/12\/22\/as-asociacions-galegas-de-esclerose-multiple-visibilizan-a-enfermidade-no-dia-mundial-da-em\/\",\"url\":\"https:\/\/esclerosismultiplegalicia.org\/index.php\/2023\/12\/22\/as-asociacions-galegas-de-esclerose-multiple-visibilizan-a-enfermidade-no-dia-mundial-da-em\/\",\"name\":\"As asociaci\u00f3ns galegas de Esclerose M\u00faltiple visibilizan a enfermidade no D\u00eda Mundial da EM - FEGADEM\",\"isPartOf\":{\"@id\":\"https:\/\/esclerosismultiplegalicia.org\/#website\"},\"datePublished\":\"2023-12-22T10:18:00+00:00\",\"dateModified\":\"2025-09-05T09:21:49+00:00\",\"breadcrumb\":{\"@id\":\"https:\/\/esclerosismultiplegalicia.org\/index.php\/2023\/12\/22\/as-asociacions-galegas-de-esclerose-multiple-visibilizan-a-enfermidade-no-dia-mundial-da-em\/#breadcrumb\"},\"inLanguage\":\"gl-ES\",\"potentialAction\":[{\"@type\":\"ReadAction\",\"target\":[\"https:\/\/esclerosismultiplegalicia.org\/index.php\/2023\/12\/22\/as-asociacions-galegas-de-esclerose-multiple-visibilizan-a-enfermidade-no-dia-mundial-da-em\/\"]}]},{\"@type\":\"BreadcrumbList\",\"@id\":\"https:\/\/esclerosismultiplegalicia.org\/index.php\/2023\/12\/22\/as-asociacions-galegas-de-esclerose-multiple-visibilizan-a-enfermidade-no-dia-mundial-da-em\/#breadcrumb\",\"itemListElement\":[{\"@type\":\"ListItem\",\"position\":1,\"name\":\"Inicio\",\"item\":\"https:\/\/esclerosismultiplegalicia.org\/\"},{\"@type\":\"ListItem\",\"position\":2,\"name\":\"As asociaci\u00f3ns galegas de Esclerose M\u00faltiple visibilizan a enfermidade no D\u00eda Mundial da EM\"}]},{\"@type\":\"WebSite\",\"@id\":\"https:\/\/esclerosismultiplegalicia.org\/#website\",\"url\":\"https:\/\/esclerosismultiplegalicia.org\/\",\"name\":\"FEGADEM\",\"description\":\"Traballamos mellorando a calidade de vida das persoas con Esclerose M\u00faltiple en Galicia.\",\"publisher\":{\"@id\":\"https:\/\/esclerosismultiplegalicia.org\/#organization\"},\"potentialAction\":[{\"@type\":\"SearchAction\",\"target\":{\"@type\":\"EntryPoint\",\"urlTemplate\":\"https:\/\/esclerosismultiplegalicia.org\/?s={search_term_string}\"},\"query-input\":{\"@type\":\"PropertyValueSpecification\",\"valueRequired\":true,\"valueName\":\"search_term_string\"}}],\"inLanguage\":\"gl-ES\"},{\"@type\":\"Organization\",\"@id\":\"https:\/\/esclerosismultiplegalicia.org\/#organization\",\"name\":\"FEGADEM (Federaci\u00f3n Galega de Esclerose M\u00faltiple)\",\"url\":\"https:\/\/esclerosismultiplegalicia.org\/\",\"logo\":{\"@type\":\"ImageObject\",\"inLanguage\":\"gl-ES\",\"@id\":\"https:\/\/esclerosismultiplegalicia.org\/#\/schema\/logo\/image\/\",\"url\":\"http:\/\/esclerosismultiplegalicia.org\/wp-content\/uploads\/2025\/05\/cropped-FEGADEM_Imagotipo-scaled-1.png\",\"contentUrl\":\"http:\/\/esclerosismultiplegalicia.org\/wp-content\/uploads\/2025\/05\/cropped-FEGADEM_Imagotipo-scaled-1.png\",\"width\":2558,\"height\":1138,\"caption\":\"FEGADEM (Federaci\u00f3n Galega de Esclerose M\u00faltiple)\"},\"image\":{\"@id\":\"https:\/\/esclerosismultiplegalicia.org\/#\/schema\/logo\/image\/\"},\"sameAs\":[\"https:\/\/www.facebook.com\/esclerosemultiplegal?locale=es_ES\",\"https:\/\/x.com\/fegadem\",\"https:\/\/www.instagram.com\/esclerosemultiplegal\/\",\"https:\/\/www.youtube.com\/@fegademfederaciongalegadee3374\"]},{\"@type\":\"Person\",\"@id\":\"https:\/\/esclerosismultiplegalicia.org\/#\/schema\/person\/6c5800f07aa0462086b750a2df88cfb4\",\"name\":\"admin\",\"image\":{\"@type\":\"ImageObject\",\"inLanguage\":\"gl-ES\",\"@id\":\"https:\/\/esclerosismultiplegalicia.org\/#\/schema\/person\/image\/\",\"url\":\"https:\/\/secure.gravatar.com\/avatar\/6b01f9a90ea05bdd1053be7f0879b99bae6103fa66164176a65e4bd6fee73fba?s=96&d=mm&r=g\",\"contentUrl\":\"https:\/\/secure.gravatar.com\/avatar\/6b01f9a90ea05bdd1053be7f0879b99bae6103fa66164176a65e4bd6fee73fba?s=96&d=mm&r=g\",\"caption\":\"admin\"},\"sameAs\":[\"https:\/\/prueba.esclerosismultiplegalicia.org\"],\"url\":\"http:\/\/esclerosismultiplegalicia.org\/index.php\/author\/admin\/\"}]}<\/script>\n<!-- \/ Yoast SEO plugin. -->","yoast_head_json":{"title":"As asociaci\u00f3ns galegas de Esclerose M\u00faltiple visibilizan a enfermidade no D\u00eda Mundial da EM - FEGADEM","robots":{"index":"index","follow":"follow","max-snippet":"max-snippet:-1","max-image-preview":"max-image-preview:large","max-video-preview":"max-video-preview:-1"},"canonical":"https:\/\/esclerosismultiplegalicia.org\/index.php\/2023\/12\/22\/as-asociacions-galegas-de-esclerose-multiple-visibilizan-a-enfermidade-no-dia-mundial-da-em\/","og_locale":"gl_ES","og_type":"article","og_title":"As asociaci\u00f3ns galegas de Esclerose M\u00faltiple visibilizan a enfermidade no D\u00eda Mundial da EM - FEGADEM","og_description":"Uni\u00f3n na adversidade: asociaci\u00f3ns galegas solidar\u00edzanse na loita contra a&hellip; Ler m\u00e1is sobre As asociaci\u00f3ns galegas de Esclerose M\u00faltiple visibilizan a enfermidade no D\u00eda Mundial da EM","og_url":"https:\/\/esclerosismultiplegalicia.org\/index.php\/2023\/12\/22\/as-asociacions-galegas-de-esclerose-multiple-visibilizan-a-enfermidade-no-dia-mundial-da-em\/","og_site_name":"FEGADEM","article_publisher":"https:\/\/www.facebook.com\/esclerosemultiplegal?locale=es_ES","article_published_time":"2023-12-22T10:18:00+00:00","article_modified_time":"2025-09-05T09:21:49+00:00","author":"admin","twitter_card":"summary_large_image","twitter_creator":"@fegadem","twitter_site":"@fegadem","twitter_misc":{"Escrito por":"admin","Tempo de lectura":"3 minutos"},"schema":{"@context":"https:\/\/schema.org","@graph":[{"@type":"Article","@id":"https:\/\/esclerosismultiplegalicia.org\/index.php\/2023\/12\/22\/as-asociacions-galegas-de-esclerose-multiple-visibilizan-a-enfermidade-no-dia-mundial-da-em\/#article","isPartOf":{"@id":"https:\/\/esclerosismultiplegalicia.org\/index.php\/2023\/12\/22\/as-asociacions-galegas-de-esclerose-multiple-visibilizan-a-enfermidade-no-dia-mundial-da-em\/"},"author":{"name":"admin","@id":"https:\/\/esclerosismultiplegalicia.org\/#\/schema\/person\/6c5800f07aa0462086b750a2df88cfb4"},"headline":"As asociaci\u00f3ns galegas de Esclerose M\u00faltiple visibilizan a enfermidade no D\u00eda Mundial da EM","datePublished":"2023-12-22T10:18:00+00:00","dateModified":"2025-09-05T09:21:49+00:00","mainEntityOfPage":{"@id":"https:\/\/esclerosismultiplegalicia.org\/index.php\/2023\/12\/22\/as-asociacions-galegas-de-esclerose-multiple-visibilizan-a-enfermidade-no-dia-mundial-da-em\/"},"wordCount":642,"publisher":{"@id":"https:\/\/esclerosismultiplegalicia.org\/#organization"},"keywords":["D\u00eda Mundial da EM","FEGADEM"],"articleSection":["Novas"],"inLanguage":"gl-ES"},{"@type":"WebPage","@id":"https:\/\/esclerosismultiplegalicia.org\/index.php\/2023\/12\/22\/as-asociacions-galegas-de-esclerose-multiple-visibilizan-a-enfermidade-no-dia-mundial-da-em\/","url":"https:\/\/esclerosismultiplegalicia.org\/index.php\/2023\/12\/22\/as-asociacions-galegas-de-esclerose-multiple-visibilizan-a-enfermidade-no-dia-mundial-da-em\/","name":"As asociaci\u00f3ns galegas de Esclerose M\u00faltiple visibilizan a enfermidade no D\u00eda Mundial da EM - FEGADEM","isPartOf":{"@id":"https:\/\/esclerosismultiplegalicia.org\/#website"},"datePublished":"2023-12-22T10:18:00+00:00","dateModified":"2025-09-05T09:21:49+00:00","breadcrumb":{"@id":"https:\/\/esclerosismultiplegalicia.org\/index.php\/2023\/12\/22\/as-asociacions-galegas-de-esclerose-multiple-visibilizan-a-enfermidade-no-dia-mundial-da-em\/#breadcrumb"},"inLanguage":"gl-ES","potentialAction":[{"@type":"ReadAction","target":["https:\/\/esclerosismultiplegalicia.org\/index.php\/2023\/12\/22\/as-asociacions-galegas-de-esclerose-multiple-visibilizan-a-enfermidade-no-dia-mundial-da-em\/"]}]},{"@type":"BreadcrumbList","@id":"https:\/\/esclerosismultiplegalicia.org\/index.php\/2023\/12\/22\/as-asociacions-galegas-de-esclerose-multiple-visibilizan-a-enfermidade-no-dia-mundial-da-em\/#breadcrumb","itemListElement":[{"@type":"ListItem","position":1,"name":"Inicio","item":"https:\/\/esclerosismultiplegalicia.org\/"},{"@type":"ListItem","position":2,"name":"As asociaci\u00f3ns galegas de Esclerose M\u00faltiple visibilizan a enfermidade no D\u00eda Mundial da EM"}]},{"@type":"WebSite","@id":"https:\/\/esclerosismultiplegalicia.org\/#website","url":"https:\/\/esclerosismultiplegalicia.org\/","name":"FEGADEM","description":"Traballamos mellorando a calidade de vida das persoas con Esclerose M\u00faltiple en Galicia.","publisher":{"@id":"https:\/\/esclerosismultiplegalicia.org\/#organization"},"potentialAction":[{"@type":"SearchAction","target":{"@type":"EntryPoint","urlTemplate":"https:\/\/esclerosismultiplegalicia.org\/?s={search_term_string}"},"query-input":{"@type":"PropertyValueSpecification","valueRequired":true,"valueName":"search_term_string"}}],"inLanguage":"gl-ES"},{"@type":"Organization","@id":"https:\/\/esclerosismultiplegalicia.org\/#organization","name":"FEGADEM (Federaci\u00f3n Galega de Esclerose M\u00faltiple)","url":"https:\/\/esclerosismultiplegalicia.org\/","logo":{"@type":"ImageObject","inLanguage":"gl-ES","@id":"https:\/\/esclerosismultiplegalicia.org\/#\/schema\/logo\/image\/","url":"http:\/\/esclerosismultiplegalicia.org\/wp-content\/uploads\/2025\/05\/cropped-FEGADEM_Imagotipo-scaled-1.png","contentUrl":"http:\/\/esclerosismultiplegalicia.org\/wp-content\/uploads\/2025\/05\/cropped-FEGADEM_Imagotipo-scaled-1.png","width":2558,"height":1138,"caption":"FEGADEM (Federaci\u00f3n Galega de Esclerose M\u00faltiple)"},"image":{"@id":"https:\/\/esclerosismultiplegalicia.org\/#\/schema\/logo\/image\/"},"sameAs":["https:\/\/www.facebook.com\/esclerosemultiplegal?locale=es_ES","https:\/\/x.com\/fegadem","https:\/\/www.instagram.com\/esclerosemultiplegal\/","https:\/\/www.youtube.com\/@fegademfederaciongalegadee3374"]},{"@type":"Person","@id":"https:\/\/esclerosismultiplegalicia.org\/#\/schema\/person\/6c5800f07aa0462086b750a2df88cfb4","name":"admin","image":{"@type":"ImageObject","inLanguage":"gl-ES","@id":"https:\/\/esclerosismultiplegalicia.org\/#\/schema\/person\/image\/","url":"https:\/\/secure.gravatar.com\/avatar\/6b01f9a90ea05bdd1053be7f0879b99bae6103fa66164176a65e4bd6fee73fba?s=96&d=mm&r=g","contentUrl":"https:\/\/secure.gravatar.com\/avatar\/6b01f9a90ea05bdd1053be7f0879b99bae6103fa66164176a65e4bd6fee73fba?s=96&d=mm&r=g","caption":"admin"},"sameAs":["https:\/\/prueba.esclerosismultiplegalicia.org"],"url":"http:\/\/esclerosismultiplegalicia.org\/index.php\/author\/admin\/"}]}},"_links":{"self":[{"href":"http:\/\/esclerosismultiplegalicia.org\/index.php\/wp-json\/wp\/v2\/posts\/2672","targetHints":{"allow":["GET"]}}],"collection":[{"href":"http:\/\/esclerosismultiplegalicia.org\/index.php\/wp-json\/wp\/v2\/posts"}],"about":[{"href":"http:\/\/esclerosismultiplegalicia.org\/index.php\/wp-json\/wp\/v2\/types\/post"}],"author":[{"embeddable":true,"href":"http:\/\/esclerosismultiplegalicia.org\/index.php\/wp-json\/wp\/v2\/users\/1"}],"replies":[{"embeddable":true,"href":"http:\/\/esclerosismultiplegalicia.org\/index.php\/wp-json\/wp\/v2\/comments?post=2672"}],"version-history":[{"count":1,"href":"http:\/\/esclerosismultiplegalicia.org\/index.php\/wp-json\/wp\/v2\/posts\/2672\/revisions"}],"predecessor-version":[{"id":2673,"href":"http:\/\/esclerosismultiplegalicia.org\/index.php\/wp-json\/wp\/v2\/posts\/2672\/revisions\/2673"}],"wp:attachment":[{"href":"http:\/\/esclerosismultiplegalicia.org\/index.php\/wp-json\/wp\/v2\/media?parent=2672"}],"wp:term":[{"taxonomy":"category","embeddable":true,"href":"http:\/\/esclerosismultiplegalicia.org\/index.php\/wp-json\/wp\/v2\/categories?post=2672"},{"taxonomy":"post_tag","embeddable":true,"href":"http:\/\/esclerosismultiplegalicia.org\/index.php\/wp-json\/wp\/v2\/tags?post=2672"}],"curies":[{"name":"wp","href":"https:\/\/api.w.org\/{rel}","templated":true}]}}