{"id":2657,"date":"2023-03-29T12:21:00","date_gmt":"2023-03-29T10:21:00","guid":{"rendered":"https:\/\/prueba.esclerosismultiplegalicia.org\/?p=2657"},"modified":"2025-09-04T12:23:25","modified_gmt":"2025-09-04T10:23:25","slug":"mais-de-mil-persoas-con-esclerose-multiple-beneficiaranse-este-ano-2023-da-x-solidaria-en-galicia","status":"publish","type":"post","link":"http:\/\/esclerosismultiplegalicia.org\/index.php\/2023\/03\/29\/mais-de-mil-persoas-con-esclerose-multiple-beneficiaranse-este-ano-2023-da-x-solidaria-en-galicia\/","title":{"rendered":"M\u00e1is de mil persoas con Esclerose M\u00faltiple beneficiaranse este ano 2023 da X Solidaria en Galicia"},"content":{"rendered":"\n<h3 class=\"wp-block-heading has-theme-palette-2-color has-text-color has-link-color wp-elements-a68db280751e8b739369e5a95665c27e\"><em>A subvenci\u00f3n permite \u00e1 FEGADEM a contrataci\u00f3n dunha profesional a xornada completa para a xesti\u00f3n e coordinaci\u00f3n da entidade, as\u00ed como a mellora da comunicaci\u00f3n ca renovaci\u00f3n dos equipamentos inform\u00e1ticos, co fin de mellorar a calidade de vida das persoas con EM da comunidade galega. Ademais, grazas a esta axuda, as cinco entidades membro da Federaci\u00f3n poden manter e mellorar este ano os seus servizos psicosociais e rehabilitadores.<\/em><\/h3>\n\n\n\n<p>M\u00e1is de mil persoas con Esclerose M\u00faltiple beneficiaranse este ano da \u2018X Solidaria\u2019 na comunidade galega a trav\u00e9s dos tres programas postos en marcha pola Federaci\u00f3n Galega de Esclerose M\u00faltiple (FEGADEM) co cofinanciamento da Xunta de Galicia a trav\u00e9s dos fondos do 0,7% do IRPF, que dotou \u00e1 entidade dunha subvenci\u00f3n de 56.001,07 euros para a execuci\u00f3n dos catro proxectos. <\/p>\n\n\n\n<p>Grazas a esta subvenci\u00f3n, neste ano 2023 FEGADEM ten en marcha o \u2018Programa de informaci\u00f3n, asesoramento e orientaci\u00f3n para mellorar a calidade de vida das persoas con EM\u2019, co que impulsa diferentes proxectos, dirixidos a abordar a patolox\u00eda e as circunstancias que a rodean, para poder tratar as necesidades que o colectivo presenta. <\/p>\n\n\n\n<p>A Federaci\u00f3n busca con este programa acercar \u00e1s persoas afectadas, aos seus familiares e coidadores, informaci\u00f3n e asesoramento naquelas cuesti\u00f3ns que poden axudar a mellorar a s\u00faa percepci\u00f3n sobre a enfermidade, as\u00ed como o seu abordaxe. As\u00ed mesmo, busca a profesionalizaci\u00f3n da propia Federaci\u00f3n mediante a coordinaci\u00f3n dun profesional que articula t\u00f3dolos recursos necesarios para dar consistencia \u00e1 labor da Federaci\u00f3n e repercutir en beneficio do colectivo e das asociaci\u00f3ns federadas. <\/p>\n\n\n\n<p>Por outra banda, os fondos do 0,7% do IRPF permiten a FEGADEM po\u00f1er en marcha o Programa de comunicaci\u00f3n: &#8216;S\u00e9guEMe, EMoci\u00f3nate, compr\u00e9ndEMe, cando che digo que loitamos por ti&#8217;, que busca a visibilizaci\u00f3n e sensibilizafi\u00f3n na poblaci\u00f3n en xeral sobre as necesidades e a realidade das persoas afectadas por EM, as\u00ed coma a difusi\u00f3n de informaci\u00f3n veraz e pr\u00e1ctica sobre a patolox\u00eda. Adem\u00e1is, este programa ten coma un dos seus obxectivos principais fomentar o asociacionismo e dar a co\u00f1ecer a s\u00faa importancia . <\/p>\n\n\n\n<p>A subvenci\u00f3n da Conseller\u00eda de Pol\u00edtica Social permite \u00e1 Federaci\u00f3n xestionar os fondos para repercutir directamente nos servizos que ofrecen as s\u00faas cinco entidade membro \u00e1s persoas con EM a trav\u00e9s do programa \u2018Programa de atenci\u00f3n integral a persoas con EM\u2019. Este programa permite coordinar a contrataci\u00f3n dos servizos que se contempla como imprescindibles por FEGADEM dentro das entidades federadas e que melloran directamente a calidade de vida das persoas que conviven coa co\u00f1ecida como \u2018enfermidade das mil caras\u2019, como son a Fisioterapia, o Traballo Social ou a Psicolox\u00eda. <\/p>\n\n\n\n<p>Neste ano 2023 FEGADEM tam\u00e9n pon en marcha o programa de renovaci\u00f3n e ampliaci\u00f3n do equipamento inform\u00e1tico, invertendo en material tecnol\u00f3xico; contar\u00e1, entre outros, con dous ordenadores port\u00e1tiles, un m\u00f3bil e unha impresora que facilitar\u00e1n o traballo diario e actividades de comunicaci\u00f3n por parte das t\u00e9cnicas. A realizaci\u00f3n destes catro programa \u00e9 posible grazas ao cofinanciamento da Conseller\u00eda de Pol\u00edtica Social da Xunta de Galicia a trav\u00e9s da convocatoria de concesi\u00f3n de subvenci\u00f3ns destinadas \u00e1 realizaci\u00f3n de programas de interese xeral para fins de car\u00e1cter social, con cargo \u00e1 asignaci\u00f3n tributaria do 0.7% do IRPF.<\/p>\n","protected":false},"excerpt":{"rendered":"<p>A subvenci\u00f3n permite \u00e1 FEGADEM a contrataci\u00f3n dunha profesional a&hellip; <a class=\"continue\" href=\"http:\/\/esclerosismultiplegalicia.org\/index.php\/2023\/03\/29\/mais-de-mil-persoas-con-esclerose-multiple-beneficiaranse-este-ano-2023-da-x-solidaria-en-galicia\/\">Ler m\u00e1is sobre<span> M\u00e1is de mil persoas con Esclerose M\u00faltiple beneficiaranse este ano 2023 da X Solidaria en Galicia<\/span><\/a><\/p>\n","protected":false},"author":1,"featured_media":0,"comment_status":"closed","ping_status":"closed","sticky":false,"template":"","format":"standard","meta":{"_kad_post_transparent":"","_kad_post_title":"","_kad_post_layout":"","_kad_post_sidebar_id":"","_kad_post_content_style":"","_kad_post_vertical_padding":"","_kad_post_feature":"","_kad_post_feature_position":"","_kad_post_header":false,"_kad_post_footer":false,"footnotes":""},"categories":[103],"tags":[13],"class_list":["post-2657","post","type-post","status-publish","format-standard","hentry","category-novas","tag-fegadem"],"yoast_head":"<!-- This site is optimized with the Yoast SEO plugin v26.1.1 - https:\/\/yoast.com\/wordpress\/plugins\/seo\/ -->\n<title>M\u00e1is de mil persoas con Esclerose M\u00faltiple beneficiaranse este ano 2023 da X Solidaria en Galicia - FEGADEM<\/title>\n<meta name=\"robots\" content=\"index, follow, max-snippet:-1, max-image-preview:large, max-video-preview:-1\" \/>\n<link rel=\"canonical\" href=\"https:\/\/esclerosismultiplegalicia.org\/index.php\/2023\/03\/29\/mais-de-mil-persoas-con-esclerose-multiple-beneficiaranse-este-ano-2023-da-x-solidaria-en-galicia\/\" \/>\n<meta property=\"og:locale\" content=\"gl_ES\" \/>\n<meta property=\"og:type\" content=\"article\" \/>\n<meta property=\"og:title\" content=\"M\u00e1is de mil persoas con Esclerose M\u00faltiple beneficiaranse este ano 2023 da X Solidaria en Galicia - FEGADEM\" \/>\n<meta property=\"og:description\" content=\"A subvenci\u00f3n permite \u00e1 FEGADEM a contrataci\u00f3n dunha profesional a&hellip; Ler m\u00e1is sobre M\u00e1is de mil persoas con Esclerose M\u00faltiple beneficiaranse este ano 2023 da X Solidaria en Galicia\" \/>\n<meta property=\"og:url\" content=\"https:\/\/esclerosismultiplegalicia.org\/index.php\/2023\/03\/29\/mais-de-mil-persoas-con-esclerose-multiple-beneficiaranse-este-ano-2023-da-x-solidaria-en-galicia\/\" \/>\n<meta property=\"og:site_name\" content=\"FEGADEM\" \/>\n<meta property=\"article:publisher\" content=\"https:\/\/www.facebook.com\/esclerosemultiplegal?locale=es_ES\" \/>\n<meta property=\"article:published_time\" content=\"2023-03-29T10:21:00+00:00\" \/>\n<meta property=\"article:modified_time\" content=\"2025-09-04T10:23:25+00:00\" \/>\n<meta name=\"author\" content=\"admin\" \/>\n<meta name=\"twitter:card\" content=\"summary_large_image\" \/>\n<meta name=\"twitter:creator\" content=\"@fegadem\" \/>\n<meta name=\"twitter:site\" content=\"@fegadem\" \/>\n<meta name=\"twitter:label1\" content=\"Escrito por\" \/>\n\t<meta name=\"twitter:data1\" content=\"admin\" \/>\n\t<meta name=\"twitter:label2\" content=\"Tempo de lectura\" \/>\n\t<meta name=\"twitter:data2\" content=\"3 minutos\" \/>\n<script type=\"application\/ld+json\" class=\"yoast-schema-graph\">{\"@context\":\"https:\/\/schema.org\",\"@graph\":[{\"@type\":\"Article\",\"@id\":\"https:\/\/esclerosismultiplegalicia.org\/index.php\/2023\/03\/29\/mais-de-mil-persoas-con-esclerose-multiple-beneficiaranse-este-ano-2023-da-x-solidaria-en-galicia\/#article\",\"isPartOf\":{\"@id\":\"https:\/\/esclerosismultiplegalicia.org\/index.php\/2023\/03\/29\/mais-de-mil-persoas-con-esclerose-multiple-beneficiaranse-este-ano-2023-da-x-solidaria-en-galicia\/\"},\"author\":{\"name\":\"admin\",\"@id\":\"https:\/\/esclerosismultiplegalicia.org\/#\/schema\/person\/6c5800f07aa0462086b750a2df88cfb4\"},\"headline\":\"M\u00e1is de mil persoas con Esclerose M\u00faltiple beneficiaranse este ano 2023 da X Solidaria en Galicia\",\"datePublished\":\"2023-03-29T10:21:00+00:00\",\"dateModified\":\"2025-09-04T10:23:25+00:00\",\"mainEntityOfPage\":{\"@id\":\"https:\/\/esclerosismultiplegalicia.org\/index.php\/2023\/03\/29\/mais-de-mil-persoas-con-esclerose-multiple-beneficiaranse-este-ano-2023-da-x-solidaria-en-galicia\/\"},\"wordCount\":597,\"publisher\":{\"@id\":\"https:\/\/esclerosismultiplegalicia.org\/#organization\"},\"keywords\":[\"FEGADEM\"],\"articleSection\":[\"Novas\"],\"inLanguage\":\"gl-ES\"},{\"@type\":\"WebPage\",\"@id\":\"https:\/\/esclerosismultiplegalicia.org\/index.php\/2023\/03\/29\/mais-de-mil-persoas-con-esclerose-multiple-beneficiaranse-este-ano-2023-da-x-solidaria-en-galicia\/\",\"url\":\"https:\/\/esclerosismultiplegalicia.org\/index.php\/2023\/03\/29\/mais-de-mil-persoas-con-esclerose-multiple-beneficiaranse-este-ano-2023-da-x-solidaria-en-galicia\/\",\"name\":\"M\u00e1is de mil persoas con Esclerose M\u00faltiple beneficiaranse este ano 2023 da X Solidaria en Galicia - FEGADEM\",\"isPartOf\":{\"@id\":\"https:\/\/esclerosismultiplegalicia.org\/#website\"},\"datePublished\":\"2023-03-29T10:21:00+00:00\",\"dateModified\":\"2025-09-04T10:23:25+00:00\",\"breadcrumb\":{\"@id\":\"https:\/\/esclerosismultiplegalicia.org\/index.php\/2023\/03\/29\/mais-de-mil-persoas-con-esclerose-multiple-beneficiaranse-este-ano-2023-da-x-solidaria-en-galicia\/#breadcrumb\"},\"inLanguage\":\"gl-ES\",\"potentialAction\":[{\"@type\":\"ReadAction\",\"target\":[\"https:\/\/esclerosismultiplegalicia.org\/index.php\/2023\/03\/29\/mais-de-mil-persoas-con-esclerose-multiple-beneficiaranse-este-ano-2023-da-x-solidaria-en-galicia\/\"]}]},{\"@type\":\"BreadcrumbList\",\"@id\":\"https:\/\/esclerosismultiplegalicia.org\/index.php\/2023\/03\/29\/mais-de-mil-persoas-con-esclerose-multiple-beneficiaranse-este-ano-2023-da-x-solidaria-en-galicia\/#breadcrumb\",\"itemListElement\":[{\"@type\":\"ListItem\",\"position\":1,\"name\":\"Inicio\",\"item\":\"https:\/\/esclerosismultiplegalicia.org\/\"},{\"@type\":\"ListItem\",\"position\":2,\"name\":\"M\u00e1is de mil persoas con Esclerose M\u00faltiple beneficiaranse este ano 2023 da X Solidaria en Galicia\"}]},{\"@type\":\"WebSite\",\"@id\":\"https:\/\/esclerosismultiplegalicia.org\/#website\",\"url\":\"https:\/\/esclerosismultiplegalicia.org\/\",\"name\":\"FEGADEM\",\"description\":\"Traballamos mellorando a calidade de vida das persoas con Esclerose M\u00faltiple en Galicia.\",\"publisher\":{\"@id\":\"https:\/\/esclerosismultiplegalicia.org\/#organization\"},\"potentialAction\":[{\"@type\":\"SearchAction\",\"target\":{\"@type\":\"EntryPoint\",\"urlTemplate\":\"https:\/\/esclerosismultiplegalicia.org\/?s={search_term_string}\"},\"query-input\":{\"@type\":\"PropertyValueSpecification\",\"valueRequired\":true,\"valueName\":\"search_term_string\"}}],\"inLanguage\":\"gl-ES\"},{\"@type\":\"Organization\",\"@id\":\"https:\/\/esclerosismultiplegalicia.org\/#organization\",\"name\":\"FEGADEM (Federaci\u00f3n Galega de Esclerose M\u00faltiple)\",\"url\":\"https:\/\/esclerosismultiplegalicia.org\/\",\"logo\":{\"@type\":\"ImageObject\",\"inLanguage\":\"gl-ES\",\"@id\":\"https:\/\/esclerosismultiplegalicia.org\/#\/schema\/logo\/image\/\",\"url\":\"http:\/\/esclerosismultiplegalicia.org\/wp-content\/uploads\/2025\/05\/cropped-FEGADEM_Imagotipo-scaled-1.png\",\"contentUrl\":\"http:\/\/esclerosismultiplegalicia.org\/wp-content\/uploads\/2025\/05\/cropped-FEGADEM_Imagotipo-scaled-1.png\",\"width\":2558,\"height\":1138,\"caption\":\"FEGADEM (Federaci\u00f3n Galega de Esclerose M\u00faltiple)\"},\"image\":{\"@id\":\"https:\/\/esclerosismultiplegalicia.org\/#\/schema\/logo\/image\/\"},\"sameAs\":[\"https:\/\/www.facebook.com\/esclerosemultiplegal?locale=es_ES\",\"https:\/\/x.com\/fegadem\",\"https:\/\/www.instagram.com\/esclerosemultiplegal\/\",\"https:\/\/www.youtube.com\/@fegademfederaciongalegadee3374\"]},{\"@type\":\"Person\",\"@id\":\"https:\/\/esclerosismultiplegalicia.org\/#\/schema\/person\/6c5800f07aa0462086b750a2df88cfb4\",\"name\":\"admin\",\"image\":{\"@type\":\"ImageObject\",\"inLanguage\":\"gl-ES\",\"@id\":\"https:\/\/esclerosismultiplegalicia.org\/#\/schema\/person\/image\/\",\"url\":\"https:\/\/secure.gravatar.com\/avatar\/6b01f9a90ea05bdd1053be7f0879b99bae6103fa66164176a65e4bd6fee73fba?s=96&d=mm&r=g\",\"contentUrl\":\"https:\/\/secure.gravatar.com\/avatar\/6b01f9a90ea05bdd1053be7f0879b99bae6103fa66164176a65e4bd6fee73fba?s=96&d=mm&r=g\",\"caption\":\"admin\"},\"sameAs\":[\"https:\/\/prueba.esclerosismultiplegalicia.org\"],\"url\":\"http:\/\/esclerosismultiplegalicia.org\/index.php\/author\/admin\/\"}]}<\/script>\n<!-- \/ Yoast SEO plugin. -->","yoast_head_json":{"title":"M\u00e1is de mil persoas con Esclerose M\u00faltiple beneficiaranse este ano 2023 da X Solidaria en Galicia - FEGADEM","robots":{"index":"index","follow":"follow","max-snippet":"max-snippet:-1","max-image-preview":"max-image-preview:large","max-video-preview":"max-video-preview:-1"},"canonical":"https:\/\/esclerosismultiplegalicia.org\/index.php\/2023\/03\/29\/mais-de-mil-persoas-con-esclerose-multiple-beneficiaranse-este-ano-2023-da-x-solidaria-en-galicia\/","og_locale":"gl_ES","og_type":"article","og_title":"M\u00e1is de mil persoas con Esclerose M\u00faltiple beneficiaranse este ano 2023 da X Solidaria en Galicia - FEGADEM","og_description":"A subvenci\u00f3n permite \u00e1 FEGADEM a contrataci\u00f3n dunha profesional a&hellip; Ler m\u00e1is sobre M\u00e1is de mil persoas con Esclerose M\u00faltiple beneficiaranse este ano 2023 da X Solidaria en Galicia","og_url":"https:\/\/esclerosismultiplegalicia.org\/index.php\/2023\/03\/29\/mais-de-mil-persoas-con-esclerose-multiple-beneficiaranse-este-ano-2023-da-x-solidaria-en-galicia\/","og_site_name":"FEGADEM","article_publisher":"https:\/\/www.facebook.com\/esclerosemultiplegal?locale=es_ES","article_published_time":"2023-03-29T10:21:00+00:00","article_modified_time":"2025-09-04T10:23:25+00:00","author":"admin","twitter_card":"summary_large_image","twitter_creator":"@fegadem","twitter_site":"@fegadem","twitter_misc":{"Escrito por":"admin","Tempo de lectura":"3 minutos"},"schema":{"@context":"https:\/\/schema.org","@graph":[{"@type":"Article","@id":"https:\/\/esclerosismultiplegalicia.org\/index.php\/2023\/03\/29\/mais-de-mil-persoas-con-esclerose-multiple-beneficiaranse-este-ano-2023-da-x-solidaria-en-galicia\/#article","isPartOf":{"@id":"https:\/\/esclerosismultiplegalicia.org\/index.php\/2023\/03\/29\/mais-de-mil-persoas-con-esclerose-multiple-beneficiaranse-este-ano-2023-da-x-solidaria-en-galicia\/"},"author":{"name":"admin","@id":"https:\/\/esclerosismultiplegalicia.org\/#\/schema\/person\/6c5800f07aa0462086b750a2df88cfb4"},"headline":"M\u00e1is de mil persoas con Esclerose M\u00faltiple beneficiaranse este ano 2023 da X Solidaria en Galicia","datePublished":"2023-03-29T10:21:00+00:00","dateModified":"2025-09-04T10:23:25+00:00","mainEntityOfPage":{"@id":"https:\/\/esclerosismultiplegalicia.org\/index.php\/2023\/03\/29\/mais-de-mil-persoas-con-esclerose-multiple-beneficiaranse-este-ano-2023-da-x-solidaria-en-galicia\/"},"wordCount":597,"publisher":{"@id":"https:\/\/esclerosismultiplegalicia.org\/#organization"},"keywords":["FEGADEM"],"articleSection":["Novas"],"inLanguage":"gl-ES"},{"@type":"WebPage","@id":"https:\/\/esclerosismultiplegalicia.org\/index.php\/2023\/03\/29\/mais-de-mil-persoas-con-esclerose-multiple-beneficiaranse-este-ano-2023-da-x-solidaria-en-galicia\/","url":"https:\/\/esclerosismultiplegalicia.org\/index.php\/2023\/03\/29\/mais-de-mil-persoas-con-esclerose-multiple-beneficiaranse-este-ano-2023-da-x-solidaria-en-galicia\/","name":"M\u00e1is de mil persoas con Esclerose M\u00faltiple beneficiaranse este ano 2023 da X Solidaria en Galicia - FEGADEM","isPartOf":{"@id":"https:\/\/esclerosismultiplegalicia.org\/#website"},"datePublished":"2023-03-29T10:21:00+00:00","dateModified":"2025-09-04T10:23:25+00:00","breadcrumb":{"@id":"https:\/\/esclerosismultiplegalicia.org\/index.php\/2023\/03\/29\/mais-de-mil-persoas-con-esclerose-multiple-beneficiaranse-este-ano-2023-da-x-solidaria-en-galicia\/#breadcrumb"},"inLanguage":"gl-ES","potentialAction":[{"@type":"ReadAction","target":["https:\/\/esclerosismultiplegalicia.org\/index.php\/2023\/03\/29\/mais-de-mil-persoas-con-esclerose-multiple-beneficiaranse-este-ano-2023-da-x-solidaria-en-galicia\/"]}]},{"@type":"BreadcrumbList","@id":"https:\/\/esclerosismultiplegalicia.org\/index.php\/2023\/03\/29\/mais-de-mil-persoas-con-esclerose-multiple-beneficiaranse-este-ano-2023-da-x-solidaria-en-galicia\/#breadcrumb","itemListElement":[{"@type":"ListItem","position":1,"name":"Inicio","item":"https:\/\/esclerosismultiplegalicia.org\/"},{"@type":"ListItem","position":2,"name":"M\u00e1is de mil persoas con Esclerose M\u00faltiple beneficiaranse este ano 2023 da X Solidaria en Galicia"}]},{"@type":"WebSite","@id":"https:\/\/esclerosismultiplegalicia.org\/#website","url":"https:\/\/esclerosismultiplegalicia.org\/","name":"FEGADEM","description":"Traballamos mellorando a calidade de vida das persoas con Esclerose M\u00faltiple en Galicia.","publisher":{"@id":"https:\/\/esclerosismultiplegalicia.org\/#organization"},"potentialAction":[{"@type":"SearchAction","target":{"@type":"EntryPoint","urlTemplate":"https:\/\/esclerosismultiplegalicia.org\/?s={search_term_string}"},"query-input":{"@type":"PropertyValueSpecification","valueRequired":true,"valueName":"search_term_string"}}],"inLanguage":"gl-ES"},{"@type":"Organization","@id":"https:\/\/esclerosismultiplegalicia.org\/#organization","name":"FEGADEM (Federaci\u00f3n Galega de Esclerose M\u00faltiple)","url":"https:\/\/esclerosismultiplegalicia.org\/","logo":{"@type":"ImageObject","inLanguage":"gl-ES","@id":"https:\/\/esclerosismultiplegalicia.org\/#\/schema\/logo\/image\/","url":"http:\/\/esclerosismultiplegalicia.org\/wp-content\/uploads\/2025\/05\/cropped-FEGADEM_Imagotipo-scaled-1.png","contentUrl":"http:\/\/esclerosismultiplegalicia.org\/wp-content\/uploads\/2025\/05\/cropped-FEGADEM_Imagotipo-scaled-1.png","width":2558,"height":1138,"caption":"FEGADEM (Federaci\u00f3n Galega de Esclerose M\u00faltiple)"},"image":{"@id":"https:\/\/esclerosismultiplegalicia.org\/#\/schema\/logo\/image\/"},"sameAs":["https:\/\/www.facebook.com\/esclerosemultiplegal?locale=es_ES","https:\/\/x.com\/fegadem","https:\/\/www.instagram.com\/esclerosemultiplegal\/","https:\/\/www.youtube.com\/@fegademfederaciongalegadee3374"]},{"@type":"Person","@id":"https:\/\/esclerosismultiplegalicia.org\/#\/schema\/person\/6c5800f07aa0462086b750a2df88cfb4","name":"admin","image":{"@type":"ImageObject","inLanguage":"gl-ES","@id":"https:\/\/esclerosismultiplegalicia.org\/#\/schema\/person\/image\/","url":"https:\/\/secure.gravatar.com\/avatar\/6b01f9a90ea05bdd1053be7f0879b99bae6103fa66164176a65e4bd6fee73fba?s=96&d=mm&r=g","contentUrl":"https:\/\/secure.gravatar.com\/avatar\/6b01f9a90ea05bdd1053be7f0879b99bae6103fa66164176a65e4bd6fee73fba?s=96&d=mm&r=g","caption":"admin"},"sameAs":["https:\/\/prueba.esclerosismultiplegalicia.org"],"url":"http:\/\/esclerosismultiplegalicia.org\/index.php\/author\/admin\/"}]}},"_links":{"self":[{"href":"http:\/\/esclerosismultiplegalicia.org\/index.php\/wp-json\/wp\/v2\/posts\/2657","targetHints":{"allow":["GET"]}}],"collection":[{"href":"http:\/\/esclerosismultiplegalicia.org\/index.php\/wp-json\/wp\/v2\/posts"}],"about":[{"href":"http:\/\/esclerosismultiplegalicia.org\/index.php\/wp-json\/wp\/v2\/types\/post"}],"author":[{"embeddable":true,"href":"http:\/\/esclerosismultiplegalicia.org\/index.php\/wp-json\/wp\/v2\/users\/1"}],"replies":[{"embeddable":true,"href":"http:\/\/esclerosismultiplegalicia.org\/index.php\/wp-json\/wp\/v2\/comments?post=2657"}],"version-history":[{"count":1,"href":"http:\/\/esclerosismultiplegalicia.org\/index.php\/wp-json\/wp\/v2\/posts\/2657\/revisions"}],"predecessor-version":[{"id":2658,"href":"http:\/\/esclerosismultiplegalicia.org\/index.php\/wp-json\/wp\/v2\/posts\/2657\/revisions\/2658"}],"wp:attachment":[{"href":"http:\/\/esclerosismultiplegalicia.org\/index.php\/wp-json\/wp\/v2\/media?parent=2657"}],"wp:term":[{"taxonomy":"category","embeddable":true,"href":"http:\/\/esclerosismultiplegalicia.org\/index.php\/wp-json\/wp\/v2\/categories?post=2657"},{"taxonomy":"post_tag","embeddable":true,"href":"http:\/\/esclerosismultiplegalicia.org\/index.php\/wp-json\/wp\/v2\/tags?post=2657"}],"curies":[{"name":"wp","href":"https:\/\/api.w.org\/{rel}","templated":true}]}}