{"id":2633,"date":"2022-05-03T11:48:00","date_gmt":"2022-05-03T09:48:00","guid":{"rendered":"https:\/\/prueba.esclerosismultiplegalicia.org\/?p=2633"},"modified":"2025-09-09T14:13:17","modified_gmt":"2025-09-09T12:13:17","slug":"as-persoas-con-esclerose-multiple-denuncian-a-desesperante-espera-para-ter-unha-valoracion-da-discapacidade","status":"publish","type":"post","link":"http:\/\/esclerosismultiplegalicia.org\/index.php\/2022\/05\/03\/as-persoas-con-esclerose-multiple-denuncian-a-desesperante-espera-para-ter-unha-valoracion-da-discapacidade\/","title":{"rendered":"As persoas con Esclerose M\u00faltiple denuncian a desesperante espera para ter unha valoraci\u00f3n da discapacidade"},"content":{"rendered":"\n<h3 class=\"wp-block-heading has-theme-palette-2-color has-text-color has-link-color wp-elements-7a5f6625a59910a4258e59e8ff6f7268\"><em>ACEM e AVEMPO s\u00famanse \u00e1 campa\u00f1a #EsperayDesespera para reclamar maior celeridade na solicitude do reco\u00f1ecemento de discapacidade e a posta en marcha dun novo baremo.<\/em><\/h3>\n\n\n\n<p>Baixo o lema&nbsp;<strong>#EsperaYDesesper<\/strong>a, numerosas persoas agrupadas pola&nbsp;<a href=\"https:\/\/www.cogami.gal\/\">Confederaci\u00f3n Galega de Persoas con Discapacidade (COGAMI)<\/a>&nbsp;denunciaron este martes fronte aos edificios onde se atopan os Equipos de Valoraci\u00f3n e Observaci\u00f3n da Discapacidade (EVO), a<strong>&nbsp;desesperante espera que milleiros de persoas levan vivindo desde hai anos por unha valoraci\u00f3n a tempo e unha baremaci\u00f3n actualizada<\/strong>.<\/p>\n\n\n\n<p>Mediante a formaci\u00f3n de filas de persoas que sa\u00edan da porta principal dos EVO en Santiago de Compostela como en Lugo, Pontevedra e Vigo, COGAMI quixo simbolizar e denunciar as intolerables esperas que deben asumir as persoas con discapacidade para poder acceder aos seus dereitos, causados aos atrasos existentes, tanto na valoraci\u00f3n do grao de discapacidade como na implantaci\u00f3n do novo baremo da discapacidade.<\/p>\n\n\n\n<p>Este acto, organizado con motivo do&nbsp;<strong>D\u00eda Nacional da Convenci\u00f3n Internacional sobre os Dereitos das Persoas con Discapacidade<\/strong>&nbsp;de Naci\u00f3ns Unidas, contou coa participaci\u00f3n de representantes de numerosas entidades de toda Galicia, entre elas a&nbsp;<a href=\"https:\/\/esclerosismultiplegalicia.org\/ACEM_asociacion_compostela_de_esclerose_multiple_es.html\">Asociaci\u00f3n Compostel\u00e1 de Esclerose M\u00faltiple (ACEM Compostela)<\/a>&nbsp;e a&nbsp;<a href=\"https:\/\/esclerosismultiplegalicia.org\/AVEMPO_asociacion_viguesa_de_esclerosis_multiple_es.html\">Asociaci\u00f3n Viguesa de Esclerose M\u00faltiple (AVEMPO)<\/a>, xunto a persoas que permanecen \u00e1 espera da s\u00faa valoraci\u00f3n ou de que se renove o baremo actual, quen esixiu o fin desta situaci\u00f3n.<\/p>\n\n\n\n<p>Durante as intervenci\u00f3ns, denunciouse que non recibir unha valoraci\u00f3n ou unha revisi\u00f3n do grao de discapacidade a tempo, prexudica \u00e1s persoas con discapacidade no emprego, a educaci\u00f3n, a accesibilidade, a sa\u00fade e tam\u00e9n impide acceder a prestaci\u00f3ns que compensan a desigualdade de oportunidades.<\/p>\n\n\n\n<p><strong>TEMPOS DE ESPERA VARIABLES SEGUNDO A COMUNIDADE E A CIDADE<\/strong><\/p>\n\n\n\n<p>Dependendo da Comunidade Aut\u00f3noma, o tempo de espera \u00e9 variable, pero mesmo dentro dun mesmo territorio ou unha mesma provincia, atopamos diferenzas notables ao respecto. Na mesma cidade,&nbsp;<strong>p\u00f3dese atopar un tempo de espera medio de 11 meses e persoas que tardan ata 36 meses en conseguir ter a mesma valoraci\u00f3n<\/strong>.<\/p>\n\n\n\n<p>Nos casos m\u00e1is graves detectados por COGAMI, COCEMFE (Confederaci\u00f3n Espa\u00f1ola de Persoas con Discapacidade F\u00edsica e Org\u00e1nica) e o seu movemento asociativo, hai persoas que faleceron antes de ter a resoluci\u00f3n, tendo que estar todo o tempo de espera sen recibir apoios no momento no que os precisaban. \u00c9 importante concretar e apurar estes tr\u00e1mites para saber se as persoas con discapacidade van ter acceso ou non a certas medidas de apoio.<\/p>\n\n\n\n<p><strong>NOVO BAREMO DE DISCAPACIDADE<\/strong><\/p>\n\n\n\n<p>A todo isto, s\u00famase o&nbsp;<strong>novo baremo da discapacidade, cunha espera que ascende a m\u00e1is de 20 anos<\/strong>. \u00c9 urxente po\u00f1er en marcha o novo baremo do grao de discapacidade, o cal foi acordado por organizaci\u00f3ns, o Goberno e as Comunidades Aut\u00f3nomas.<\/p>\n","protected":false},"excerpt":{"rendered":"<p>ACEM e AVEMPO s\u00famanse \u00e1 campa\u00f1a #EsperayDesespera para reclamar maior&hellip; <a class=\"continue\" href=\"http:\/\/esclerosismultiplegalicia.org\/index.php\/2022\/05\/03\/as-persoas-con-esclerose-multiple-denuncian-a-desesperante-espera-para-ter-unha-valoracion-da-discapacidade\/\">Ler m\u00e1is sobre<span> As persoas con Esclerose M\u00faltiple denuncian a desesperante espera para ter unha valoraci\u00f3n da discapacidade<\/span><\/a><\/p>\n","protected":false},"author":1,"featured_media":0,"comment_status":"closed","ping_status":"closed","sticky":false,"template":"","format":"standard","meta":{"_kad_post_transparent":"","_kad_post_title":"","_kad_post_layout":"","_kad_post_sidebar_id":"","_kad_post_content_style":"","_kad_post_vertical_padding":"","_kad_post_feature":"","_kad_post_feature_position":"","_kad_post_header":false,"_kad_post_footer":false,"footnotes":""},"categories":[103],"tags":[104,13,115],"class_list":["post-2633","post","type-post","status-publish","format-standard","hentry","category-novas","tag-asociacions-membro","tag-fegadem","tag-reivindicacions"],"yoast_head":"<!-- This site is optimized with the Yoast SEO plugin v26.1.1 - https:\/\/yoast.com\/wordpress\/plugins\/seo\/ -->\n<title>As persoas con Esclerose M\u00faltiple denuncian a desesperante espera para ter unha valoraci\u00f3n da discapacidade - FEGADEM<\/title>\n<meta name=\"robots\" content=\"index, follow, max-snippet:-1, max-image-preview:large, max-video-preview:-1\" \/>\n<link rel=\"canonical\" href=\"https:\/\/esclerosismultiplegalicia.org\/index.php\/2022\/05\/03\/as-persoas-con-esclerose-multiple-denuncian-a-desesperante-espera-para-ter-unha-valoracion-da-discapacidade\/\" \/>\n<meta property=\"og:locale\" content=\"gl_ES\" \/>\n<meta property=\"og:type\" content=\"article\" \/>\n<meta property=\"og:title\" content=\"As persoas con Esclerose M\u00faltiple denuncian a desesperante espera para ter unha valoraci\u00f3n da discapacidade - FEGADEM\" \/>\n<meta property=\"og:description\" content=\"ACEM e AVEMPO s\u00famanse \u00e1 campa\u00f1a #EsperayDesespera para reclamar maior&hellip; Ler m\u00e1is sobre As persoas con Esclerose M\u00faltiple denuncian a desesperante espera para ter unha valoraci\u00f3n da discapacidade\" \/>\n<meta property=\"og:url\" content=\"https:\/\/esclerosismultiplegalicia.org\/index.php\/2022\/05\/03\/as-persoas-con-esclerose-multiple-denuncian-a-desesperante-espera-para-ter-unha-valoracion-da-discapacidade\/\" \/>\n<meta property=\"og:site_name\" content=\"FEGADEM\" \/>\n<meta property=\"article:publisher\" content=\"https:\/\/www.facebook.com\/esclerosemultiplegal?locale=es_ES\" \/>\n<meta property=\"article:published_time\" content=\"2022-05-03T09:48:00+00:00\" \/>\n<meta property=\"article:modified_time\" content=\"2025-09-09T12:13:17+00:00\" \/>\n<meta name=\"author\" content=\"admin\" \/>\n<meta name=\"twitter:card\" content=\"summary_large_image\" \/>\n<meta name=\"twitter:creator\" content=\"@fegadem\" \/>\n<meta name=\"twitter:site\" content=\"@fegadem\" \/>\n<meta name=\"twitter:label1\" content=\"Escrito por\" \/>\n\t<meta name=\"twitter:data1\" content=\"admin\" \/>\n\t<meta name=\"twitter:label2\" content=\"Tempo de lectura\" \/>\n\t<meta name=\"twitter:data2\" content=\"2 minutos\" \/>\n<script type=\"application\/ld+json\" class=\"yoast-schema-graph\">{\"@context\":\"https:\/\/schema.org\",\"@graph\":[{\"@type\":\"Article\",\"@id\":\"https:\/\/esclerosismultiplegalicia.org\/index.php\/2022\/05\/03\/as-persoas-con-esclerose-multiple-denuncian-a-desesperante-espera-para-ter-unha-valoracion-da-discapacidade\/#article\",\"isPartOf\":{\"@id\":\"https:\/\/esclerosismultiplegalicia.org\/index.php\/2022\/05\/03\/as-persoas-con-esclerose-multiple-denuncian-a-desesperante-espera-para-ter-unha-valoracion-da-discapacidade\/\"},\"author\":{\"name\":\"admin\",\"@id\":\"https:\/\/esclerosismultiplegalicia.org\/#\/schema\/person\/6c5800f07aa0462086b750a2df88cfb4\"},\"headline\":\"As persoas con Esclerose M\u00faltiple denuncian a desesperante espera para ter unha valoraci\u00f3n da discapacidade\",\"datePublished\":\"2022-05-03T09:48:00+00:00\",\"dateModified\":\"2025-09-09T12:13:17+00:00\",\"mainEntityOfPage\":{\"@id\":\"https:\/\/esclerosismultiplegalicia.org\/index.php\/2022\/05\/03\/as-persoas-con-esclerose-multiple-denuncian-a-desesperante-espera-para-ter-unha-valoracion-da-discapacidade\/\"},\"wordCount\":504,\"publisher\":{\"@id\":\"https:\/\/esclerosismultiplegalicia.org\/#organization\"},\"keywords\":[\"Asociaci\u00f3ns membro\",\"FEGADEM\",\"Reivindicaci\u00f3ns\"],\"articleSection\":[\"Novas\"],\"inLanguage\":\"gl-ES\"},{\"@type\":\"WebPage\",\"@id\":\"https:\/\/esclerosismultiplegalicia.org\/index.php\/2022\/05\/03\/as-persoas-con-esclerose-multiple-denuncian-a-desesperante-espera-para-ter-unha-valoracion-da-discapacidade\/\",\"url\":\"https:\/\/esclerosismultiplegalicia.org\/index.php\/2022\/05\/03\/as-persoas-con-esclerose-multiple-denuncian-a-desesperante-espera-para-ter-unha-valoracion-da-discapacidade\/\",\"name\":\"As persoas con Esclerose M\u00faltiple denuncian a desesperante espera para ter unha valoraci\u00f3n da discapacidade - FEGADEM\",\"isPartOf\":{\"@id\":\"https:\/\/esclerosismultiplegalicia.org\/#website\"},\"datePublished\":\"2022-05-03T09:48:00+00:00\",\"dateModified\":\"2025-09-09T12:13:17+00:00\",\"breadcrumb\":{\"@id\":\"https:\/\/esclerosismultiplegalicia.org\/index.php\/2022\/05\/03\/as-persoas-con-esclerose-multiple-denuncian-a-desesperante-espera-para-ter-unha-valoracion-da-discapacidade\/#breadcrumb\"},\"inLanguage\":\"gl-ES\",\"potentialAction\":[{\"@type\":\"ReadAction\",\"target\":[\"https:\/\/esclerosismultiplegalicia.org\/index.php\/2022\/05\/03\/as-persoas-con-esclerose-multiple-denuncian-a-desesperante-espera-para-ter-unha-valoracion-da-discapacidade\/\"]}]},{\"@type\":\"BreadcrumbList\",\"@id\":\"https:\/\/esclerosismultiplegalicia.org\/index.php\/2022\/05\/03\/as-persoas-con-esclerose-multiple-denuncian-a-desesperante-espera-para-ter-unha-valoracion-da-discapacidade\/#breadcrumb\",\"itemListElement\":[{\"@type\":\"ListItem\",\"position\":1,\"name\":\"Inicio\",\"item\":\"https:\/\/esclerosismultiplegalicia.org\/\"},{\"@type\":\"ListItem\",\"position\":2,\"name\":\"As persoas con Esclerose M\u00faltiple denuncian a desesperante espera para ter unha valoraci\u00f3n da discapacidade\"}]},{\"@type\":\"WebSite\",\"@id\":\"https:\/\/esclerosismultiplegalicia.org\/#website\",\"url\":\"https:\/\/esclerosismultiplegalicia.org\/\",\"name\":\"FEGADEM\",\"description\":\"Traballamos mellorando a calidade de vida das persoas con Esclerose M\u00faltiple en Galicia.\",\"publisher\":{\"@id\":\"https:\/\/esclerosismultiplegalicia.org\/#organization\"},\"potentialAction\":[{\"@type\":\"SearchAction\",\"target\":{\"@type\":\"EntryPoint\",\"urlTemplate\":\"https:\/\/esclerosismultiplegalicia.org\/?s={search_term_string}\"},\"query-input\":{\"@type\":\"PropertyValueSpecification\",\"valueRequired\":true,\"valueName\":\"search_term_string\"}}],\"inLanguage\":\"gl-ES\"},{\"@type\":\"Organization\",\"@id\":\"https:\/\/esclerosismultiplegalicia.org\/#organization\",\"name\":\"FEGADEM (Federaci\u00f3n Galega de Esclerose M\u00faltiple)\",\"url\":\"https:\/\/esclerosismultiplegalicia.org\/\",\"logo\":{\"@type\":\"ImageObject\",\"inLanguage\":\"gl-ES\",\"@id\":\"https:\/\/esclerosismultiplegalicia.org\/#\/schema\/logo\/image\/\",\"url\":\"http:\/\/esclerosismultiplegalicia.org\/wp-content\/uploads\/2025\/05\/cropped-FEGADEM_Imagotipo-scaled-1.png\",\"contentUrl\":\"http:\/\/esclerosismultiplegalicia.org\/wp-content\/uploads\/2025\/05\/cropped-FEGADEM_Imagotipo-scaled-1.png\",\"width\":2558,\"height\":1138,\"caption\":\"FEGADEM (Federaci\u00f3n Galega de Esclerose M\u00faltiple)\"},\"image\":{\"@id\":\"https:\/\/esclerosismultiplegalicia.org\/#\/schema\/logo\/image\/\"},\"sameAs\":[\"https:\/\/www.facebook.com\/esclerosemultiplegal?locale=es_ES\",\"https:\/\/x.com\/fegadem\",\"https:\/\/www.instagram.com\/esclerosemultiplegal\/\",\"https:\/\/www.youtube.com\/@fegademfederaciongalegadee3374\"]},{\"@type\":\"Person\",\"@id\":\"https:\/\/esclerosismultiplegalicia.org\/#\/schema\/person\/6c5800f07aa0462086b750a2df88cfb4\",\"name\":\"admin\",\"image\":{\"@type\":\"ImageObject\",\"inLanguage\":\"gl-ES\",\"@id\":\"https:\/\/esclerosismultiplegalicia.org\/#\/schema\/person\/image\/\",\"url\":\"https:\/\/secure.gravatar.com\/avatar\/6b01f9a90ea05bdd1053be7f0879b99bae6103fa66164176a65e4bd6fee73fba?s=96&d=mm&r=g\",\"contentUrl\":\"https:\/\/secure.gravatar.com\/avatar\/6b01f9a90ea05bdd1053be7f0879b99bae6103fa66164176a65e4bd6fee73fba?s=96&d=mm&r=g\",\"caption\":\"admin\"},\"sameAs\":[\"https:\/\/prueba.esclerosismultiplegalicia.org\"],\"url\":\"http:\/\/esclerosismultiplegalicia.org\/index.php\/author\/admin\/\"}]}<\/script>\n<!-- \/ Yoast SEO plugin. -->","yoast_head_json":{"title":"As persoas con Esclerose M\u00faltiple denuncian a desesperante espera para ter unha valoraci\u00f3n da discapacidade - FEGADEM","robots":{"index":"index","follow":"follow","max-snippet":"max-snippet:-1","max-image-preview":"max-image-preview:large","max-video-preview":"max-video-preview:-1"},"canonical":"https:\/\/esclerosismultiplegalicia.org\/index.php\/2022\/05\/03\/as-persoas-con-esclerose-multiple-denuncian-a-desesperante-espera-para-ter-unha-valoracion-da-discapacidade\/","og_locale":"gl_ES","og_type":"article","og_title":"As persoas con Esclerose M\u00faltiple denuncian a desesperante espera para ter unha valoraci\u00f3n da discapacidade - FEGADEM","og_description":"ACEM e AVEMPO s\u00famanse \u00e1 campa\u00f1a #EsperayDesespera para reclamar maior&hellip; Ler m\u00e1is sobre As persoas con Esclerose M\u00faltiple denuncian a desesperante espera para ter unha valoraci\u00f3n da discapacidade","og_url":"https:\/\/esclerosismultiplegalicia.org\/index.php\/2022\/05\/03\/as-persoas-con-esclerose-multiple-denuncian-a-desesperante-espera-para-ter-unha-valoracion-da-discapacidade\/","og_site_name":"FEGADEM","article_publisher":"https:\/\/www.facebook.com\/esclerosemultiplegal?locale=es_ES","article_published_time":"2022-05-03T09:48:00+00:00","article_modified_time":"2025-09-09T12:13:17+00:00","author":"admin","twitter_card":"summary_large_image","twitter_creator":"@fegadem","twitter_site":"@fegadem","twitter_misc":{"Escrito por":"admin","Tempo de lectura":"2 minutos"},"schema":{"@context":"https:\/\/schema.org","@graph":[{"@type":"Article","@id":"https:\/\/esclerosismultiplegalicia.org\/index.php\/2022\/05\/03\/as-persoas-con-esclerose-multiple-denuncian-a-desesperante-espera-para-ter-unha-valoracion-da-discapacidade\/#article","isPartOf":{"@id":"https:\/\/esclerosismultiplegalicia.org\/index.php\/2022\/05\/03\/as-persoas-con-esclerose-multiple-denuncian-a-desesperante-espera-para-ter-unha-valoracion-da-discapacidade\/"},"author":{"name":"admin","@id":"https:\/\/esclerosismultiplegalicia.org\/#\/schema\/person\/6c5800f07aa0462086b750a2df88cfb4"},"headline":"As persoas con Esclerose M\u00faltiple denuncian a desesperante espera para ter unha valoraci\u00f3n da discapacidade","datePublished":"2022-05-03T09:48:00+00:00","dateModified":"2025-09-09T12:13:17+00:00","mainEntityOfPage":{"@id":"https:\/\/esclerosismultiplegalicia.org\/index.php\/2022\/05\/03\/as-persoas-con-esclerose-multiple-denuncian-a-desesperante-espera-para-ter-unha-valoracion-da-discapacidade\/"},"wordCount":504,"publisher":{"@id":"https:\/\/esclerosismultiplegalicia.org\/#organization"},"keywords":["Asociaci\u00f3ns membro","FEGADEM","Reivindicaci\u00f3ns"],"articleSection":["Novas"],"inLanguage":"gl-ES"},{"@type":"WebPage","@id":"https:\/\/esclerosismultiplegalicia.org\/index.php\/2022\/05\/03\/as-persoas-con-esclerose-multiple-denuncian-a-desesperante-espera-para-ter-unha-valoracion-da-discapacidade\/","url":"https:\/\/esclerosismultiplegalicia.org\/index.php\/2022\/05\/03\/as-persoas-con-esclerose-multiple-denuncian-a-desesperante-espera-para-ter-unha-valoracion-da-discapacidade\/","name":"As persoas con Esclerose M\u00faltiple denuncian a desesperante espera para ter unha valoraci\u00f3n da discapacidade - FEGADEM","isPartOf":{"@id":"https:\/\/esclerosismultiplegalicia.org\/#website"},"datePublished":"2022-05-03T09:48:00+00:00","dateModified":"2025-09-09T12:13:17+00:00","breadcrumb":{"@id":"https:\/\/esclerosismultiplegalicia.org\/index.php\/2022\/05\/03\/as-persoas-con-esclerose-multiple-denuncian-a-desesperante-espera-para-ter-unha-valoracion-da-discapacidade\/#breadcrumb"},"inLanguage":"gl-ES","potentialAction":[{"@type":"ReadAction","target":["https:\/\/esclerosismultiplegalicia.org\/index.php\/2022\/05\/03\/as-persoas-con-esclerose-multiple-denuncian-a-desesperante-espera-para-ter-unha-valoracion-da-discapacidade\/"]}]},{"@type":"BreadcrumbList","@id":"https:\/\/esclerosismultiplegalicia.org\/index.php\/2022\/05\/03\/as-persoas-con-esclerose-multiple-denuncian-a-desesperante-espera-para-ter-unha-valoracion-da-discapacidade\/#breadcrumb","itemListElement":[{"@type":"ListItem","position":1,"name":"Inicio","item":"https:\/\/esclerosismultiplegalicia.org\/"},{"@type":"ListItem","position":2,"name":"As persoas con Esclerose M\u00faltiple denuncian a desesperante espera para ter unha valoraci\u00f3n da discapacidade"}]},{"@type":"WebSite","@id":"https:\/\/esclerosismultiplegalicia.org\/#website","url":"https:\/\/esclerosismultiplegalicia.org\/","name":"FEGADEM","description":"Traballamos mellorando a calidade de vida das persoas con Esclerose M\u00faltiple en Galicia.","publisher":{"@id":"https:\/\/esclerosismultiplegalicia.org\/#organization"},"potentialAction":[{"@type":"SearchAction","target":{"@type":"EntryPoint","urlTemplate":"https:\/\/esclerosismultiplegalicia.org\/?s={search_term_string}"},"query-input":{"@type":"PropertyValueSpecification","valueRequired":true,"valueName":"search_term_string"}}],"inLanguage":"gl-ES"},{"@type":"Organization","@id":"https:\/\/esclerosismultiplegalicia.org\/#organization","name":"FEGADEM (Federaci\u00f3n Galega de Esclerose M\u00faltiple)","url":"https:\/\/esclerosismultiplegalicia.org\/","logo":{"@type":"ImageObject","inLanguage":"gl-ES","@id":"https:\/\/esclerosismultiplegalicia.org\/#\/schema\/logo\/image\/","url":"http:\/\/esclerosismultiplegalicia.org\/wp-content\/uploads\/2025\/05\/cropped-FEGADEM_Imagotipo-scaled-1.png","contentUrl":"http:\/\/esclerosismultiplegalicia.org\/wp-content\/uploads\/2025\/05\/cropped-FEGADEM_Imagotipo-scaled-1.png","width":2558,"height":1138,"caption":"FEGADEM (Federaci\u00f3n Galega de Esclerose M\u00faltiple)"},"image":{"@id":"https:\/\/esclerosismultiplegalicia.org\/#\/schema\/logo\/image\/"},"sameAs":["https:\/\/www.facebook.com\/esclerosemultiplegal?locale=es_ES","https:\/\/x.com\/fegadem","https:\/\/www.instagram.com\/esclerosemultiplegal\/","https:\/\/www.youtube.com\/@fegademfederaciongalegadee3374"]},{"@type":"Person","@id":"https:\/\/esclerosismultiplegalicia.org\/#\/schema\/person\/6c5800f07aa0462086b750a2df88cfb4","name":"admin","image":{"@type":"ImageObject","inLanguage":"gl-ES","@id":"https:\/\/esclerosismultiplegalicia.org\/#\/schema\/person\/image\/","url":"https:\/\/secure.gravatar.com\/avatar\/6b01f9a90ea05bdd1053be7f0879b99bae6103fa66164176a65e4bd6fee73fba?s=96&d=mm&r=g","contentUrl":"https:\/\/secure.gravatar.com\/avatar\/6b01f9a90ea05bdd1053be7f0879b99bae6103fa66164176a65e4bd6fee73fba?s=96&d=mm&r=g","caption":"admin"},"sameAs":["https:\/\/prueba.esclerosismultiplegalicia.org"],"url":"http:\/\/esclerosismultiplegalicia.org\/index.php\/author\/admin\/"}]}},"_links":{"self":[{"href":"http:\/\/esclerosismultiplegalicia.org\/index.php\/wp-json\/wp\/v2\/posts\/2633","targetHints":{"allow":["GET"]}}],"collection":[{"href":"http:\/\/esclerosismultiplegalicia.org\/index.php\/wp-json\/wp\/v2\/posts"}],"about":[{"href":"http:\/\/esclerosismultiplegalicia.org\/index.php\/wp-json\/wp\/v2\/types\/post"}],"author":[{"embeddable":true,"href":"http:\/\/esclerosismultiplegalicia.org\/index.php\/wp-json\/wp\/v2\/users\/1"}],"replies":[{"embeddable":true,"href":"http:\/\/esclerosismultiplegalicia.org\/index.php\/wp-json\/wp\/v2\/comments?post=2633"}],"version-history":[{"count":1,"href":"http:\/\/esclerosismultiplegalicia.org\/index.php\/wp-json\/wp\/v2\/posts\/2633\/revisions"}],"predecessor-version":[{"id":2634,"href":"http:\/\/esclerosismultiplegalicia.org\/index.php\/wp-json\/wp\/v2\/posts\/2633\/revisions\/2634"}],"wp:attachment":[{"href":"http:\/\/esclerosismultiplegalicia.org\/index.php\/wp-json\/wp\/v2\/media?parent=2633"}],"wp:term":[{"taxonomy":"category","embeddable":true,"href":"http:\/\/esclerosismultiplegalicia.org\/index.php\/wp-json\/wp\/v2\/categories?post=2633"},{"taxonomy":"post_tag","embeddable":true,"href":"http:\/\/esclerosismultiplegalicia.org\/index.php\/wp-json\/wp\/v2\/tags?post=2633"}],"curies":[{"name":"wp","href":"https:\/\/api.w.org\/{rel}","templated":true}]}}