{"id":2619,"date":"2020-02-18T11:27:00","date_gmt":"2020-02-18T10:27:00","guid":{"rendered":"https:\/\/prueba.esclerosismultiplegalicia.org\/?p=2619"},"modified":"2025-09-04T11:30:32","modified_gmt":"2025-09-04T09:30:32","slug":"asociacion-profesional-de-guias-de-turismo-de-galicia","status":"publish","type":"post","link":"http:\/\/esclerosismultiplegalicia.org\/index.php\/2020\/02\/18\/asociacion-profesional-de-guias-de-turismo-de-galicia\/","title":{"rendered":"Asociaci\u00f3n Profesional de Gu\u00edas de Turismo de Galicia"},"content":{"rendered":"\n<h3 class=\"wp-block-heading has-theme-palette-2-color has-text-color has-link-color wp-elements-f89e2c6bf64d8656f903cd53160f2ea0\"><em>Na celebraci\u00f3n do D\u00eda Mundial do Gu\u00eda de Turismo, este venres 21 de febreiro realizar\u00e1n visitas gratuitas nas diferentes cidades de Galicia e, ao final das visitas recadaranse doaz\u00f3ns de maneira voluntaria en pro da Federaci\u00f3n Galega de Esclerose M\u00faltiple, FEGADEM.<\/em><\/h3>\n\n\n\n<p>A&nbsp;<strong>Asociaci\u00f3n Profesional de Gu\u00edas de Turismo de Galicia<\/strong>(APIT-Galicia), a trav\u00e9s dos seus delegados, ten a honra de convidarvos a participar un ano m\u00e1is na celebraci\u00f3n do&nbsp;<strong>D\u00eda Mundial do Gu\u00eda de Turismo, este venres 21 de febreiro<\/strong>.<\/p>\n\n\n\n<p>Con este motivo, durante todo o d\u00eda, os membros da Asociaci\u00f3n Profesional de Gu\u00edas de Galicia ofrecen en m\u00faltiples puntos de Galicia visitas guiadas gratu\u00edtas.<\/p>\n\n\n\n<p>Este \u00e9 un servizo que os&nbsp;<strong>Gu\u00edas Oficiais de Galicia&nbsp;<\/strong>ofrecen de xeito desinteresado, po\u00f1endo o seu traballo a disposici\u00f3n da cidadan\u00eda. Por\u00e9n, para contribuir a\u00ednda m\u00e1is ao beneficio social desta patolox\u00eda, ao final das visitas recadaranse donativos de xeito voluntario en prol da&nbsp;<strong>Federaci\u00f3n Galega de Esclerose M\u00faltiple, FEGADEM&nbsp;<\/strong>(www.esclerosismultiplegalicia.org).<\/p>\n\n\n\n<p>Con estas visitas gratu\u00edtas e cos cancelos&nbsp; #DIGT2020&nbsp; #ITGD2020 nas s\u00faa redes sociais, queren darlle visibilidade a un colectivo cada vez mais desprestixiado pola&nbsp;<strong>uberizaci\u00f3n&nbsp;&nbsp;<\/strong>desta sociedade. Un colectivo cada vez mais afectado polo intrusismo e&nbsp; pola competencia desleal. Un colectivo que forma parte do PIB do noso pa\u00eds, contribu\u00edndo co seu traballo e os seus impostos \u00e1 riqueza da nosa terra. Un colectivo de profesionais preparados, documentados e en continua formaci\u00f3n para sermos dignos embaixadores da nosa terra .<\/p>\n\n\n\n<p>Por todo isto o slogan este ano ser\u00e1&nbsp;<strong>S\u00c9 TURISTA NA T\u00daA TERRA:&nbsp;<\/strong>co\u00f1ece todo o que a t\u00faa cidade.<\/p>\n\n\n\n<p>Queremos promover o turismo interno, promover a vida, os monumentos e as xentes das nosas cidades. Queremos loitar contra a turismofobia pero tam\u00e9n queremos un turismo responsable.&nbsp; Quen mellor que un&nbsp;<strong>Gu\u00eda Oficial Titulado&nbsp;<\/strong>para ser o embaixador da nosa terra ante as xentes que nos visitan? Quen mellor que un&nbsp;<strong>Gu\u00eda Oficial de Turismo&nbsp;<\/strong>para promocionar a nosa terra dende un punto de vista ameno, documentado e&nbsp; veraz?.<\/p>\n\n\n\n<p>Convidan a cidadan\u00eda a participar nas visitas guiadas e gratu\u00edtas en todas estas cidades:<\/p>\n\n\n\n<ul class=\"wp-block-list\">\n<li>SANTIAGO DE COMPOSTELA (12:00 h e 16:00 h Praza de Prater\u00edas)<\/li>\n\n\n\n<li>A CORU\u00d1A (12.00 h Praza Mar\u00eda Pita, 17:00 h Obelisco).<\/li>\n\n\n\n<li>OURENSE (17:00 h Oficina de Turismo).<\/li>\n\n\n\n<li>LUGO (12:00 h e 17:30 h Praza Maior (soportais do Concello)).<\/li>\n\n\n\n<li>PONTEVEDRA (11:00 h diante do Concello).<\/li>\n\n\n\n<li>VIGO (12:00 h entrada do Pazo Qui\u00f1ones de Le\u00f3n; 17:00 h Estatua do Ba\u00f1ista (R\u00faa C\u00e1novas del Castillo, 1)).<\/li>\n\n\n\n<li>MONFORTE DE LEMOS (17:30 Parador Nacional de Monforte).<\/li>\n<\/ul>\n\n\n\n<p><strong>Para grupos de m\u00e1is de 8 persoas conv\u00e9n facer reserva indicando horario e ruta do seu interese mediante correo electr\u00f3nico a info@guiasdegalicia.org.<\/strong><\/p>\n\n\n\n<p><strong>NOVIDADE 2020: Podes solicitar dispo\u00f1ibilidade de visitas en ingl\u00e9s, franc\u00e9s, etc.para o teu colectivo en&nbsp;<a href=\"mailto:info@guiasdegalicia.org\">info@guiasdegalicia.org<\/a><\/strong><\/p>\n\n\n\n<p>Redes sociais:<\/p>\n\n\n\n<p><a href=\"http:\/\/https\/\/www.facebook.com\/guiasdegalicia.apit\/\">Facebook<\/a><\/p>\n\n\n\n<p><a href=\"https:\/\/twitter.com\/guiasdegalicia\">Twitter<\/a><\/p>\n\n\n\n<p><a href=\"https:\/\/www.instagram.com\/apitgalicia\/\">Instagram<\/a><\/p>\n\n\n\n<p><a href=\"https:\/\/www.tripadvisor.es\/Attraction_Review-g187508-d12763369-Reviews-Asociacion_Profesional_De_Guias_De_Turismo_De_Galicia-Santiago_de_Compostela_Pro.html\">TripAdvisor<\/a><\/p>\n\n\n\n<p><a href=\"https:\/\/www.youtube.com\/channel\/UCwH0SZtDDrJhnvVwvxRdEtw\">Youtube<\/a><\/p>\n\n\n\n<p><a href=\"https:\/\/guiasdegalicia.org\/\">Web<\/a><\/p>\n","protected":false},"excerpt":{"rendered":"<p>Na celebraci\u00f3n do D\u00eda Mundial do Gu\u00eda de Turismo, este&hellip; <a class=\"continue\" href=\"http:\/\/esclerosismultiplegalicia.org\/index.php\/2020\/02\/18\/asociacion-profesional-de-guias-de-turismo-de-galicia\/\">Ler m\u00e1is sobre<span> Asociaci\u00f3n Profesional de Gu\u00edas de Turismo de Galicia<\/span><\/a><\/p>\n","protected":false},"author":1,"featured_media":0,"comment_status":"closed","ping_status":"closed","sticky":false,"template":"","format":"standard","meta":{"_kad_post_transparent":"","_kad_post_title":"","_kad_post_layout":"","_kad_post_sidebar_id":"","_kad_post_content_style":"","_kad_post_vertical_padding":"","_kad_post_feature":"","_kad_post_feature_position":"","_kad_post_header":false,"_kad_post_footer":false,"footnotes":""},"categories":[103],"tags":[13],"class_list":["post-2619","post","type-post","status-publish","format-standard","hentry","category-novas","tag-fegadem"],"yoast_head":"<!-- This site is optimized with the Yoast SEO plugin v26.1.1 - https:\/\/yoast.com\/wordpress\/plugins\/seo\/ -->\n<title>Asociaci\u00f3n Profesional de Gu\u00edas de Turismo de Galicia - FEGADEM<\/title>\n<meta name=\"robots\" content=\"index, follow, max-snippet:-1, max-image-preview:large, max-video-preview:-1\" \/>\n<link rel=\"canonical\" href=\"https:\/\/esclerosismultiplegalicia.org\/index.php\/2020\/02\/18\/asociacion-profesional-de-guias-de-turismo-de-galicia\/\" \/>\n<meta property=\"og:locale\" content=\"gl_ES\" \/>\n<meta property=\"og:type\" content=\"article\" \/>\n<meta property=\"og:title\" content=\"Asociaci\u00f3n Profesional de Gu\u00edas de Turismo de Galicia - FEGADEM\" \/>\n<meta property=\"og:description\" content=\"Na celebraci\u00f3n do D\u00eda Mundial do Gu\u00eda de Turismo, este&hellip; Ler m\u00e1is sobre Asociaci\u00f3n Profesional de Gu\u00edas de Turismo de Galicia\" \/>\n<meta property=\"og:url\" content=\"https:\/\/esclerosismultiplegalicia.org\/index.php\/2020\/02\/18\/asociacion-profesional-de-guias-de-turismo-de-galicia\/\" \/>\n<meta property=\"og:site_name\" content=\"FEGADEM\" \/>\n<meta property=\"article:publisher\" content=\"https:\/\/www.facebook.com\/esclerosemultiplegal?locale=es_ES\" \/>\n<meta property=\"article:published_time\" content=\"2020-02-18T10:27:00+00:00\" \/>\n<meta property=\"article:modified_time\" content=\"2025-09-04T09:30:32+00:00\" \/>\n<meta name=\"author\" content=\"admin\" \/>\n<meta name=\"twitter:card\" content=\"summary_large_image\" \/>\n<meta name=\"twitter:creator\" content=\"@fegadem\" \/>\n<meta name=\"twitter:site\" content=\"@fegadem\" \/>\n<meta name=\"twitter:label1\" content=\"Escrito por\" \/>\n\t<meta name=\"twitter:data1\" content=\"admin\" \/>\n\t<meta name=\"twitter:label2\" content=\"Tempo de lectura\" \/>\n\t<meta name=\"twitter:data2\" content=\"3 minutos\" \/>\n<script type=\"application\/ld+json\" class=\"yoast-schema-graph\">{\"@context\":\"https:\/\/schema.org\",\"@graph\":[{\"@type\":\"Article\",\"@id\":\"https:\/\/esclerosismultiplegalicia.org\/index.php\/2020\/02\/18\/asociacion-profesional-de-guias-de-turismo-de-galicia\/#article\",\"isPartOf\":{\"@id\":\"https:\/\/esclerosismultiplegalicia.org\/index.php\/2020\/02\/18\/asociacion-profesional-de-guias-de-turismo-de-galicia\/\"},\"author\":{\"name\":\"admin\",\"@id\":\"https:\/\/esclerosismultiplegalicia.org\/#\/schema\/person\/6c5800f07aa0462086b750a2df88cfb4\"},\"headline\":\"Asociaci\u00f3n Profesional de Gu\u00edas de Turismo de Galicia\",\"datePublished\":\"2020-02-18T10:27:00+00:00\",\"dateModified\":\"2025-09-04T09:30:32+00:00\",\"mainEntityOfPage\":{\"@id\":\"https:\/\/esclerosismultiplegalicia.org\/index.php\/2020\/02\/18\/asociacion-profesional-de-guias-de-turismo-de-galicia\/\"},\"wordCount\":532,\"publisher\":{\"@id\":\"https:\/\/esclerosismultiplegalicia.org\/#organization\"},\"keywords\":[\"FEGADEM\"],\"articleSection\":[\"Novas\"],\"inLanguage\":\"gl-ES\"},{\"@type\":\"WebPage\",\"@id\":\"https:\/\/esclerosismultiplegalicia.org\/index.php\/2020\/02\/18\/asociacion-profesional-de-guias-de-turismo-de-galicia\/\",\"url\":\"https:\/\/esclerosismultiplegalicia.org\/index.php\/2020\/02\/18\/asociacion-profesional-de-guias-de-turismo-de-galicia\/\",\"name\":\"Asociaci\u00f3n Profesional de Gu\u00edas de Turismo de Galicia - FEGADEM\",\"isPartOf\":{\"@id\":\"https:\/\/esclerosismultiplegalicia.org\/#website\"},\"datePublished\":\"2020-02-18T10:27:00+00:00\",\"dateModified\":\"2025-09-04T09:30:32+00:00\",\"breadcrumb\":{\"@id\":\"https:\/\/esclerosismultiplegalicia.org\/index.php\/2020\/02\/18\/asociacion-profesional-de-guias-de-turismo-de-galicia\/#breadcrumb\"},\"inLanguage\":\"gl-ES\",\"potentialAction\":[{\"@type\":\"ReadAction\",\"target\":[\"https:\/\/esclerosismultiplegalicia.org\/index.php\/2020\/02\/18\/asociacion-profesional-de-guias-de-turismo-de-galicia\/\"]}]},{\"@type\":\"BreadcrumbList\",\"@id\":\"https:\/\/esclerosismultiplegalicia.org\/index.php\/2020\/02\/18\/asociacion-profesional-de-guias-de-turismo-de-galicia\/#breadcrumb\",\"itemListElement\":[{\"@type\":\"ListItem\",\"position\":1,\"name\":\"Inicio\",\"item\":\"https:\/\/esclerosismultiplegalicia.org\/\"},{\"@type\":\"ListItem\",\"position\":2,\"name\":\"Asociaci\u00f3n Profesional de Gu\u00edas de Turismo de Galicia\"}]},{\"@type\":\"WebSite\",\"@id\":\"https:\/\/esclerosismultiplegalicia.org\/#website\",\"url\":\"https:\/\/esclerosismultiplegalicia.org\/\",\"name\":\"FEGADEM\",\"description\":\"Traballamos mellorando a calidade de vida das persoas con Esclerose M\u00faltiple en Galicia.\",\"publisher\":{\"@id\":\"https:\/\/esclerosismultiplegalicia.org\/#organization\"},\"potentialAction\":[{\"@type\":\"SearchAction\",\"target\":{\"@type\":\"EntryPoint\",\"urlTemplate\":\"https:\/\/esclerosismultiplegalicia.org\/?s={search_term_string}\"},\"query-input\":{\"@type\":\"PropertyValueSpecification\",\"valueRequired\":true,\"valueName\":\"search_term_string\"}}],\"inLanguage\":\"gl-ES\"},{\"@type\":\"Organization\",\"@id\":\"https:\/\/esclerosismultiplegalicia.org\/#organization\",\"name\":\"FEGADEM (Federaci\u00f3n Galega de Esclerose M\u00faltiple)\",\"url\":\"https:\/\/esclerosismultiplegalicia.org\/\",\"logo\":{\"@type\":\"ImageObject\",\"inLanguage\":\"gl-ES\",\"@id\":\"https:\/\/esclerosismultiplegalicia.org\/#\/schema\/logo\/image\/\",\"url\":\"http:\/\/esclerosismultiplegalicia.org\/wp-content\/uploads\/2025\/05\/cropped-FEGADEM_Imagotipo-scaled-1.png\",\"contentUrl\":\"http:\/\/esclerosismultiplegalicia.org\/wp-content\/uploads\/2025\/05\/cropped-FEGADEM_Imagotipo-scaled-1.png\",\"width\":2558,\"height\":1138,\"caption\":\"FEGADEM (Federaci\u00f3n Galega de Esclerose M\u00faltiple)\"},\"image\":{\"@id\":\"https:\/\/esclerosismultiplegalicia.org\/#\/schema\/logo\/image\/\"},\"sameAs\":[\"https:\/\/www.facebook.com\/esclerosemultiplegal?locale=es_ES\",\"https:\/\/x.com\/fegadem\",\"https:\/\/www.instagram.com\/esclerosemultiplegal\/\",\"https:\/\/www.youtube.com\/@fegademfederaciongalegadee3374\"]},{\"@type\":\"Person\",\"@id\":\"https:\/\/esclerosismultiplegalicia.org\/#\/schema\/person\/6c5800f07aa0462086b750a2df88cfb4\",\"name\":\"admin\",\"image\":{\"@type\":\"ImageObject\",\"inLanguage\":\"gl-ES\",\"@id\":\"https:\/\/esclerosismultiplegalicia.org\/#\/schema\/person\/image\/\",\"url\":\"https:\/\/secure.gravatar.com\/avatar\/6b01f9a90ea05bdd1053be7f0879b99bae6103fa66164176a65e4bd6fee73fba?s=96&d=mm&r=g\",\"contentUrl\":\"https:\/\/secure.gravatar.com\/avatar\/6b01f9a90ea05bdd1053be7f0879b99bae6103fa66164176a65e4bd6fee73fba?s=96&d=mm&r=g\",\"caption\":\"admin\"},\"sameAs\":[\"https:\/\/prueba.esclerosismultiplegalicia.org\"],\"url\":\"http:\/\/esclerosismultiplegalicia.org\/index.php\/author\/admin\/\"}]}<\/script>\n<!-- \/ Yoast SEO plugin. -->","yoast_head_json":{"title":"Asociaci\u00f3n Profesional de Gu\u00edas de Turismo de Galicia - FEGADEM","robots":{"index":"index","follow":"follow","max-snippet":"max-snippet:-1","max-image-preview":"max-image-preview:large","max-video-preview":"max-video-preview:-1"},"canonical":"https:\/\/esclerosismultiplegalicia.org\/index.php\/2020\/02\/18\/asociacion-profesional-de-guias-de-turismo-de-galicia\/","og_locale":"gl_ES","og_type":"article","og_title":"Asociaci\u00f3n Profesional de Gu\u00edas de Turismo de Galicia - FEGADEM","og_description":"Na celebraci\u00f3n do D\u00eda Mundial do Gu\u00eda de Turismo, este&hellip; Ler m\u00e1is sobre Asociaci\u00f3n Profesional de Gu\u00edas de Turismo de Galicia","og_url":"https:\/\/esclerosismultiplegalicia.org\/index.php\/2020\/02\/18\/asociacion-profesional-de-guias-de-turismo-de-galicia\/","og_site_name":"FEGADEM","article_publisher":"https:\/\/www.facebook.com\/esclerosemultiplegal?locale=es_ES","article_published_time":"2020-02-18T10:27:00+00:00","article_modified_time":"2025-09-04T09:30:32+00:00","author":"admin","twitter_card":"summary_large_image","twitter_creator":"@fegadem","twitter_site":"@fegadem","twitter_misc":{"Escrito por":"admin","Tempo de lectura":"3 minutos"},"schema":{"@context":"https:\/\/schema.org","@graph":[{"@type":"Article","@id":"https:\/\/esclerosismultiplegalicia.org\/index.php\/2020\/02\/18\/asociacion-profesional-de-guias-de-turismo-de-galicia\/#article","isPartOf":{"@id":"https:\/\/esclerosismultiplegalicia.org\/index.php\/2020\/02\/18\/asociacion-profesional-de-guias-de-turismo-de-galicia\/"},"author":{"name":"admin","@id":"https:\/\/esclerosismultiplegalicia.org\/#\/schema\/person\/6c5800f07aa0462086b750a2df88cfb4"},"headline":"Asociaci\u00f3n Profesional de Gu\u00edas de Turismo de Galicia","datePublished":"2020-02-18T10:27:00+00:00","dateModified":"2025-09-04T09:30:32+00:00","mainEntityOfPage":{"@id":"https:\/\/esclerosismultiplegalicia.org\/index.php\/2020\/02\/18\/asociacion-profesional-de-guias-de-turismo-de-galicia\/"},"wordCount":532,"publisher":{"@id":"https:\/\/esclerosismultiplegalicia.org\/#organization"},"keywords":["FEGADEM"],"articleSection":["Novas"],"inLanguage":"gl-ES"},{"@type":"WebPage","@id":"https:\/\/esclerosismultiplegalicia.org\/index.php\/2020\/02\/18\/asociacion-profesional-de-guias-de-turismo-de-galicia\/","url":"https:\/\/esclerosismultiplegalicia.org\/index.php\/2020\/02\/18\/asociacion-profesional-de-guias-de-turismo-de-galicia\/","name":"Asociaci\u00f3n Profesional de Gu\u00edas de Turismo de Galicia - FEGADEM","isPartOf":{"@id":"https:\/\/esclerosismultiplegalicia.org\/#website"},"datePublished":"2020-02-18T10:27:00+00:00","dateModified":"2025-09-04T09:30:32+00:00","breadcrumb":{"@id":"https:\/\/esclerosismultiplegalicia.org\/index.php\/2020\/02\/18\/asociacion-profesional-de-guias-de-turismo-de-galicia\/#breadcrumb"},"inLanguage":"gl-ES","potentialAction":[{"@type":"ReadAction","target":["https:\/\/esclerosismultiplegalicia.org\/index.php\/2020\/02\/18\/asociacion-profesional-de-guias-de-turismo-de-galicia\/"]}]},{"@type":"BreadcrumbList","@id":"https:\/\/esclerosismultiplegalicia.org\/index.php\/2020\/02\/18\/asociacion-profesional-de-guias-de-turismo-de-galicia\/#breadcrumb","itemListElement":[{"@type":"ListItem","position":1,"name":"Inicio","item":"https:\/\/esclerosismultiplegalicia.org\/"},{"@type":"ListItem","position":2,"name":"Asociaci\u00f3n Profesional de Gu\u00edas de Turismo de Galicia"}]},{"@type":"WebSite","@id":"https:\/\/esclerosismultiplegalicia.org\/#website","url":"https:\/\/esclerosismultiplegalicia.org\/","name":"FEGADEM","description":"Traballamos mellorando a calidade de vida das persoas con Esclerose M\u00faltiple en Galicia.","publisher":{"@id":"https:\/\/esclerosismultiplegalicia.org\/#organization"},"potentialAction":[{"@type":"SearchAction","target":{"@type":"EntryPoint","urlTemplate":"https:\/\/esclerosismultiplegalicia.org\/?s={search_term_string}"},"query-input":{"@type":"PropertyValueSpecification","valueRequired":true,"valueName":"search_term_string"}}],"inLanguage":"gl-ES"},{"@type":"Organization","@id":"https:\/\/esclerosismultiplegalicia.org\/#organization","name":"FEGADEM (Federaci\u00f3n Galega de Esclerose M\u00faltiple)","url":"https:\/\/esclerosismultiplegalicia.org\/","logo":{"@type":"ImageObject","inLanguage":"gl-ES","@id":"https:\/\/esclerosismultiplegalicia.org\/#\/schema\/logo\/image\/","url":"http:\/\/esclerosismultiplegalicia.org\/wp-content\/uploads\/2025\/05\/cropped-FEGADEM_Imagotipo-scaled-1.png","contentUrl":"http:\/\/esclerosismultiplegalicia.org\/wp-content\/uploads\/2025\/05\/cropped-FEGADEM_Imagotipo-scaled-1.png","width":2558,"height":1138,"caption":"FEGADEM (Federaci\u00f3n Galega de Esclerose M\u00faltiple)"},"image":{"@id":"https:\/\/esclerosismultiplegalicia.org\/#\/schema\/logo\/image\/"},"sameAs":["https:\/\/www.facebook.com\/esclerosemultiplegal?locale=es_ES","https:\/\/x.com\/fegadem","https:\/\/www.instagram.com\/esclerosemultiplegal\/","https:\/\/www.youtube.com\/@fegademfederaciongalegadee3374"]},{"@type":"Person","@id":"https:\/\/esclerosismultiplegalicia.org\/#\/schema\/person\/6c5800f07aa0462086b750a2df88cfb4","name":"admin","image":{"@type":"ImageObject","inLanguage":"gl-ES","@id":"https:\/\/esclerosismultiplegalicia.org\/#\/schema\/person\/image\/","url":"https:\/\/secure.gravatar.com\/avatar\/6b01f9a90ea05bdd1053be7f0879b99bae6103fa66164176a65e4bd6fee73fba?s=96&d=mm&r=g","contentUrl":"https:\/\/secure.gravatar.com\/avatar\/6b01f9a90ea05bdd1053be7f0879b99bae6103fa66164176a65e4bd6fee73fba?s=96&d=mm&r=g","caption":"admin"},"sameAs":["https:\/\/prueba.esclerosismultiplegalicia.org"],"url":"http:\/\/esclerosismultiplegalicia.org\/index.php\/author\/admin\/"}]}},"_links":{"self":[{"href":"http:\/\/esclerosismultiplegalicia.org\/index.php\/wp-json\/wp\/v2\/posts\/2619","targetHints":{"allow":["GET"]}}],"collection":[{"href":"http:\/\/esclerosismultiplegalicia.org\/index.php\/wp-json\/wp\/v2\/posts"}],"about":[{"href":"http:\/\/esclerosismultiplegalicia.org\/index.php\/wp-json\/wp\/v2\/types\/post"}],"author":[{"embeddable":true,"href":"http:\/\/esclerosismultiplegalicia.org\/index.php\/wp-json\/wp\/v2\/users\/1"}],"replies":[{"embeddable":true,"href":"http:\/\/esclerosismultiplegalicia.org\/index.php\/wp-json\/wp\/v2\/comments?post=2619"}],"version-history":[{"count":1,"href":"http:\/\/esclerosismultiplegalicia.org\/index.php\/wp-json\/wp\/v2\/posts\/2619\/revisions"}],"predecessor-version":[{"id":2620,"href":"http:\/\/esclerosismultiplegalicia.org\/index.php\/wp-json\/wp\/v2\/posts\/2619\/revisions\/2620"}],"wp:attachment":[{"href":"http:\/\/esclerosismultiplegalicia.org\/index.php\/wp-json\/wp\/v2\/media?parent=2619"}],"wp:term":[{"taxonomy":"category","embeddable":true,"href":"http:\/\/esclerosismultiplegalicia.org\/index.php\/wp-json\/wp\/v2\/categories?post=2619"},{"taxonomy":"post_tag","embeddable":true,"href":"http:\/\/esclerosismultiplegalicia.org\/index.php\/wp-json\/wp\/v2\/tags?post=2619"}],"curies":[{"name":"wp","href":"https:\/\/api.w.org\/{rel}","templated":true}]}}