{"id":2594,"date":"2019-07-30T13:58:00","date_gmt":"2019-07-30T11:58:00","guid":{"rendered":"https:\/\/prueba.esclerosismultiplegalicia.org\/?p=2594"},"modified":"2025-09-03T14:00:04","modified_gmt":"2025-09-03T12:00:04","slug":"fegadem-contara-con-huchas-solidarias-en-distintos-establecementos-farmaceuticos-na-provincia-de-pontevedra","status":"publish","type":"post","link":"http:\/\/esclerosismultiplegalicia.org\/index.php\/2019\/07\/30\/fegadem-contara-con-huchas-solidarias-en-distintos-establecementos-farmaceuticos-na-provincia-de-pontevedra\/","title":{"rendered":"FEGADEM contar\u00e1 con huchas solidarias en distintos establecementos farmac\u00e9uticos na provincia de Pontevedra"},"content":{"rendered":"\n<h3 class=\"wp-block-heading has-theme-palette-2-color has-text-color has-link-color wp-elements-02053912187d619d0af38c367df027b5\"><em>Esta iniciativa conta coa colaboraci\u00f3n do\u00a0<strong>Colexio de Farmac\u00e9uticos de Pontevedra.<\/strong><\/em><\/h3>\n\n\n\n<p>A intenci\u00f3n \u00e9, sopesar se \u00e9 unha t\u00e9cnica eficaz para a recadaci\u00f3n de fondos e contribu\u00edr cos mesmos a mellora a da calidade de vida das persoas que sofren Esclerose M\u00faltiple.<\/p>\n\n\n\n<p>Tr\u00e1tase de solicitar un reducido esforzo individual chegando a un elevado n\u00famero de persoas sensibles desta enfermidade.<\/p>\n\n\n\n<p>&nbsp;A oficina da Federaci\u00f3n contar\u00e1 con d\u00faas huchas para ter a posibilidade de levalas a eventos ou actividades a realizar pola mesma.<\/p>\n\n\n\n<p>A loita da Federaci\u00f3n e as entidades membro \u00e9 conseguir financiamento para manter os servizos m\u00ednimos de atenci\u00f3n desde unha perspectiva integral, \u00e9 por iso, que queremos&nbsp;<strong>agradecer ao Colexio de Farmac\u00e9uticos de Pontevedra e \u00e1s Farmacias colaboradoras<\/strong>, a axuda para conseguir o noso obxectivo final, que \u00e9, promover a consecuci\u00f3n dunha calidade de vida das persoas afectadas de EM, as s\u00faas familias ou persoas de referencia.<\/p>\n","protected":false},"excerpt":{"rendered":"<p>Esta iniciativa conta coa colaboraci\u00f3n do\u00a0Colexio de Farmac\u00e9uticos de Pontevedra.&hellip; <a class=\"continue\" href=\"http:\/\/esclerosismultiplegalicia.org\/index.php\/2019\/07\/30\/fegadem-contara-con-huchas-solidarias-en-distintos-establecementos-farmaceuticos-na-provincia-de-pontevedra\/\">Ler m\u00e1is sobre<span> FEGADEM contar\u00e1 con huchas solidarias en distintos establecementos farmac\u00e9uticos na provincia de Pontevedra<\/span><\/a><\/p>\n","protected":false},"author":1,"featured_media":0,"comment_status":"closed","ping_status":"closed","sticky":false,"template":"","format":"standard","meta":{"_kad_post_transparent":"","_kad_post_title":"","_kad_post_layout":"","_kad_post_sidebar_id":"","_kad_post_content_style":"","_kad_post_vertical_padding":"","_kad_post_feature":"","_kad_post_feature_position":"","_kad_post_header":false,"_kad_post_footer":false,"footnotes":""},"categories":[103],"tags":[13],"class_list":["post-2594","post","type-post","status-publish","format-standard","hentry","category-novas","tag-fegadem"],"yoast_head":"<!-- This site is optimized with the Yoast SEO plugin v26.1.1 - https:\/\/yoast.com\/wordpress\/plugins\/seo\/ -->\n<title>FEGADEM contar\u00e1 con huchas solidarias en distintos establecementos farmac\u00e9uticos na provincia de Pontevedra - FEGADEM<\/title>\n<meta name=\"robots\" content=\"index, follow, max-snippet:-1, max-image-preview:large, max-video-preview:-1\" \/>\n<link rel=\"canonical\" href=\"https:\/\/esclerosismultiplegalicia.org\/index.php\/2019\/07\/30\/fegadem-contara-con-huchas-solidarias-en-distintos-establecementos-farmaceuticos-na-provincia-de-pontevedra\/\" \/>\n<meta property=\"og:locale\" content=\"gl_ES\" \/>\n<meta property=\"og:type\" content=\"article\" \/>\n<meta property=\"og:title\" content=\"FEGADEM contar\u00e1 con huchas solidarias en distintos establecementos farmac\u00e9uticos na provincia de Pontevedra - FEGADEM\" \/>\n<meta property=\"og:description\" content=\"Esta iniciativa conta coa colaboraci\u00f3n do\u00a0Colexio de Farmac\u00e9uticos de Pontevedra.&hellip; Ler m\u00e1is sobre FEGADEM contar\u00e1 con huchas solidarias en distintos establecementos farmac\u00e9uticos na provincia de Pontevedra\" \/>\n<meta property=\"og:url\" content=\"https:\/\/esclerosismultiplegalicia.org\/index.php\/2019\/07\/30\/fegadem-contara-con-huchas-solidarias-en-distintos-establecementos-farmaceuticos-na-provincia-de-pontevedra\/\" \/>\n<meta property=\"og:site_name\" content=\"FEGADEM\" \/>\n<meta property=\"article:publisher\" content=\"https:\/\/www.facebook.com\/esclerosemultiplegal?locale=es_ES\" \/>\n<meta property=\"article:published_time\" content=\"2019-07-30T11:58:00+00:00\" \/>\n<meta property=\"article:modified_time\" content=\"2025-09-03T12:00:04+00:00\" \/>\n<meta name=\"author\" content=\"admin\" \/>\n<meta name=\"twitter:card\" content=\"summary_large_image\" \/>\n<meta name=\"twitter:creator\" content=\"@fegadem\" \/>\n<meta name=\"twitter:site\" content=\"@fegadem\" \/>\n<meta name=\"twitter:label1\" content=\"Escrito por\" \/>\n\t<meta name=\"twitter:data1\" content=\"admin\" \/>\n\t<meta name=\"twitter:label2\" content=\"Tempo de lectura\" \/>\n\t<meta name=\"twitter:data2\" content=\"1 minuto\" \/>\n<script type=\"application\/ld+json\" class=\"yoast-schema-graph\">{\"@context\":\"https:\/\/schema.org\",\"@graph\":[{\"@type\":\"Article\",\"@id\":\"https:\/\/esclerosismultiplegalicia.org\/index.php\/2019\/07\/30\/fegadem-contara-con-huchas-solidarias-en-distintos-establecementos-farmaceuticos-na-provincia-de-pontevedra\/#article\",\"isPartOf\":{\"@id\":\"https:\/\/esclerosismultiplegalicia.org\/index.php\/2019\/07\/30\/fegadem-contara-con-huchas-solidarias-en-distintos-establecementos-farmaceuticos-na-provincia-de-pontevedra\/\"},\"author\":{\"name\":\"admin\",\"@id\":\"https:\/\/esclerosismultiplegalicia.org\/#\/schema\/person\/6c5800f07aa0462086b750a2df88cfb4\"},\"headline\":\"FEGADEM contar\u00e1 con huchas solidarias en distintos establecementos farmac\u00e9uticos na provincia de Pontevedra\",\"datePublished\":\"2019-07-30T11:58:00+00:00\",\"dateModified\":\"2025-09-03T12:00:04+00:00\",\"mainEntityOfPage\":{\"@id\":\"https:\/\/esclerosismultiplegalicia.org\/index.php\/2019\/07\/30\/fegadem-contara-con-huchas-solidarias-en-distintos-establecementos-farmaceuticos-na-provincia-de-pontevedra\/\"},\"wordCount\":176,\"publisher\":{\"@id\":\"https:\/\/esclerosismultiplegalicia.org\/#organization\"},\"keywords\":[\"FEGADEM\"],\"articleSection\":[\"Novas\"],\"inLanguage\":\"gl-ES\"},{\"@type\":\"WebPage\",\"@id\":\"https:\/\/esclerosismultiplegalicia.org\/index.php\/2019\/07\/30\/fegadem-contara-con-huchas-solidarias-en-distintos-establecementos-farmaceuticos-na-provincia-de-pontevedra\/\",\"url\":\"https:\/\/esclerosismultiplegalicia.org\/index.php\/2019\/07\/30\/fegadem-contara-con-huchas-solidarias-en-distintos-establecementos-farmaceuticos-na-provincia-de-pontevedra\/\",\"name\":\"FEGADEM contar\u00e1 con huchas solidarias en distintos establecementos farmac\u00e9uticos na provincia de Pontevedra - FEGADEM\",\"isPartOf\":{\"@id\":\"https:\/\/esclerosismultiplegalicia.org\/#website\"},\"datePublished\":\"2019-07-30T11:58:00+00:00\",\"dateModified\":\"2025-09-03T12:00:04+00:00\",\"breadcrumb\":{\"@id\":\"https:\/\/esclerosismultiplegalicia.org\/index.php\/2019\/07\/30\/fegadem-contara-con-huchas-solidarias-en-distintos-establecementos-farmaceuticos-na-provincia-de-pontevedra\/#breadcrumb\"},\"inLanguage\":\"gl-ES\",\"potentialAction\":[{\"@type\":\"ReadAction\",\"target\":[\"https:\/\/esclerosismultiplegalicia.org\/index.php\/2019\/07\/30\/fegadem-contara-con-huchas-solidarias-en-distintos-establecementos-farmaceuticos-na-provincia-de-pontevedra\/\"]}]},{\"@type\":\"BreadcrumbList\",\"@id\":\"https:\/\/esclerosismultiplegalicia.org\/index.php\/2019\/07\/30\/fegadem-contara-con-huchas-solidarias-en-distintos-establecementos-farmaceuticos-na-provincia-de-pontevedra\/#breadcrumb\",\"itemListElement\":[{\"@type\":\"ListItem\",\"position\":1,\"name\":\"Inicio\",\"item\":\"https:\/\/esclerosismultiplegalicia.org\/\"},{\"@type\":\"ListItem\",\"position\":2,\"name\":\"FEGADEM contar\u00e1 con huchas solidarias en distintos establecementos farmac\u00e9uticos na provincia de Pontevedra\"}]},{\"@type\":\"WebSite\",\"@id\":\"https:\/\/esclerosismultiplegalicia.org\/#website\",\"url\":\"https:\/\/esclerosismultiplegalicia.org\/\",\"name\":\"FEGADEM\",\"description\":\"Traballamos mellorando a calidade de vida das persoas con Esclerose M\u00faltiple en Galicia.\",\"publisher\":{\"@id\":\"https:\/\/esclerosismultiplegalicia.org\/#organization\"},\"potentialAction\":[{\"@type\":\"SearchAction\",\"target\":{\"@type\":\"EntryPoint\",\"urlTemplate\":\"https:\/\/esclerosismultiplegalicia.org\/?s={search_term_string}\"},\"query-input\":{\"@type\":\"PropertyValueSpecification\",\"valueRequired\":true,\"valueName\":\"search_term_string\"}}],\"inLanguage\":\"gl-ES\"},{\"@type\":\"Organization\",\"@id\":\"https:\/\/esclerosismultiplegalicia.org\/#organization\",\"name\":\"FEGADEM (Federaci\u00f3n Galega de Esclerose M\u00faltiple)\",\"url\":\"https:\/\/esclerosismultiplegalicia.org\/\",\"logo\":{\"@type\":\"ImageObject\",\"inLanguage\":\"gl-ES\",\"@id\":\"https:\/\/esclerosismultiplegalicia.org\/#\/schema\/logo\/image\/\",\"url\":\"http:\/\/esclerosismultiplegalicia.org\/wp-content\/uploads\/2025\/05\/cropped-FEGADEM_Imagotipo-scaled-1.png\",\"contentUrl\":\"http:\/\/esclerosismultiplegalicia.org\/wp-content\/uploads\/2025\/05\/cropped-FEGADEM_Imagotipo-scaled-1.png\",\"width\":2558,\"height\":1138,\"caption\":\"FEGADEM (Federaci\u00f3n Galega de Esclerose M\u00faltiple)\"},\"image\":{\"@id\":\"https:\/\/esclerosismultiplegalicia.org\/#\/schema\/logo\/image\/\"},\"sameAs\":[\"https:\/\/www.facebook.com\/esclerosemultiplegal?locale=es_ES\",\"https:\/\/x.com\/fegadem\",\"https:\/\/www.instagram.com\/esclerosemultiplegal\/\",\"https:\/\/www.youtube.com\/@fegademfederaciongalegadee3374\"]},{\"@type\":\"Person\",\"@id\":\"https:\/\/esclerosismultiplegalicia.org\/#\/schema\/person\/6c5800f07aa0462086b750a2df88cfb4\",\"name\":\"admin\",\"image\":{\"@type\":\"ImageObject\",\"inLanguage\":\"gl-ES\",\"@id\":\"https:\/\/esclerosismultiplegalicia.org\/#\/schema\/person\/image\/\",\"url\":\"https:\/\/secure.gravatar.com\/avatar\/6b01f9a90ea05bdd1053be7f0879b99bae6103fa66164176a65e4bd6fee73fba?s=96&d=mm&r=g\",\"contentUrl\":\"https:\/\/secure.gravatar.com\/avatar\/6b01f9a90ea05bdd1053be7f0879b99bae6103fa66164176a65e4bd6fee73fba?s=96&d=mm&r=g\",\"caption\":\"admin\"},\"sameAs\":[\"https:\/\/prueba.esclerosismultiplegalicia.org\"],\"url\":\"http:\/\/esclerosismultiplegalicia.org\/index.php\/author\/admin\/\"}]}<\/script>\n<!-- \/ Yoast SEO plugin. -->","yoast_head_json":{"title":"FEGADEM contar\u00e1 con huchas solidarias en distintos establecementos farmac\u00e9uticos na provincia de Pontevedra - FEGADEM","robots":{"index":"index","follow":"follow","max-snippet":"max-snippet:-1","max-image-preview":"max-image-preview:large","max-video-preview":"max-video-preview:-1"},"canonical":"https:\/\/esclerosismultiplegalicia.org\/index.php\/2019\/07\/30\/fegadem-contara-con-huchas-solidarias-en-distintos-establecementos-farmaceuticos-na-provincia-de-pontevedra\/","og_locale":"gl_ES","og_type":"article","og_title":"FEGADEM contar\u00e1 con huchas solidarias en distintos establecementos farmac\u00e9uticos na provincia de Pontevedra - FEGADEM","og_description":"Esta iniciativa conta coa colaboraci\u00f3n do\u00a0Colexio de Farmac\u00e9uticos de Pontevedra.&hellip; Ler m\u00e1is sobre FEGADEM contar\u00e1 con huchas solidarias en distintos establecementos farmac\u00e9uticos na provincia de Pontevedra","og_url":"https:\/\/esclerosismultiplegalicia.org\/index.php\/2019\/07\/30\/fegadem-contara-con-huchas-solidarias-en-distintos-establecementos-farmaceuticos-na-provincia-de-pontevedra\/","og_site_name":"FEGADEM","article_publisher":"https:\/\/www.facebook.com\/esclerosemultiplegal?locale=es_ES","article_published_time":"2019-07-30T11:58:00+00:00","article_modified_time":"2025-09-03T12:00:04+00:00","author":"admin","twitter_card":"summary_large_image","twitter_creator":"@fegadem","twitter_site":"@fegadem","twitter_misc":{"Escrito por":"admin","Tempo de lectura":"1 minuto"},"schema":{"@context":"https:\/\/schema.org","@graph":[{"@type":"Article","@id":"https:\/\/esclerosismultiplegalicia.org\/index.php\/2019\/07\/30\/fegadem-contara-con-huchas-solidarias-en-distintos-establecementos-farmaceuticos-na-provincia-de-pontevedra\/#article","isPartOf":{"@id":"https:\/\/esclerosismultiplegalicia.org\/index.php\/2019\/07\/30\/fegadem-contara-con-huchas-solidarias-en-distintos-establecementos-farmaceuticos-na-provincia-de-pontevedra\/"},"author":{"name":"admin","@id":"https:\/\/esclerosismultiplegalicia.org\/#\/schema\/person\/6c5800f07aa0462086b750a2df88cfb4"},"headline":"FEGADEM contar\u00e1 con huchas solidarias en distintos establecementos farmac\u00e9uticos na provincia de Pontevedra","datePublished":"2019-07-30T11:58:00+00:00","dateModified":"2025-09-03T12:00:04+00:00","mainEntityOfPage":{"@id":"https:\/\/esclerosismultiplegalicia.org\/index.php\/2019\/07\/30\/fegadem-contara-con-huchas-solidarias-en-distintos-establecementos-farmaceuticos-na-provincia-de-pontevedra\/"},"wordCount":176,"publisher":{"@id":"https:\/\/esclerosismultiplegalicia.org\/#organization"},"keywords":["FEGADEM"],"articleSection":["Novas"],"inLanguage":"gl-ES"},{"@type":"WebPage","@id":"https:\/\/esclerosismultiplegalicia.org\/index.php\/2019\/07\/30\/fegadem-contara-con-huchas-solidarias-en-distintos-establecementos-farmaceuticos-na-provincia-de-pontevedra\/","url":"https:\/\/esclerosismultiplegalicia.org\/index.php\/2019\/07\/30\/fegadem-contara-con-huchas-solidarias-en-distintos-establecementos-farmaceuticos-na-provincia-de-pontevedra\/","name":"FEGADEM contar\u00e1 con huchas solidarias en distintos establecementos farmac\u00e9uticos na provincia de Pontevedra - FEGADEM","isPartOf":{"@id":"https:\/\/esclerosismultiplegalicia.org\/#website"},"datePublished":"2019-07-30T11:58:00+00:00","dateModified":"2025-09-03T12:00:04+00:00","breadcrumb":{"@id":"https:\/\/esclerosismultiplegalicia.org\/index.php\/2019\/07\/30\/fegadem-contara-con-huchas-solidarias-en-distintos-establecementos-farmaceuticos-na-provincia-de-pontevedra\/#breadcrumb"},"inLanguage":"gl-ES","potentialAction":[{"@type":"ReadAction","target":["https:\/\/esclerosismultiplegalicia.org\/index.php\/2019\/07\/30\/fegadem-contara-con-huchas-solidarias-en-distintos-establecementos-farmaceuticos-na-provincia-de-pontevedra\/"]}]},{"@type":"BreadcrumbList","@id":"https:\/\/esclerosismultiplegalicia.org\/index.php\/2019\/07\/30\/fegadem-contara-con-huchas-solidarias-en-distintos-establecementos-farmaceuticos-na-provincia-de-pontevedra\/#breadcrumb","itemListElement":[{"@type":"ListItem","position":1,"name":"Inicio","item":"https:\/\/esclerosismultiplegalicia.org\/"},{"@type":"ListItem","position":2,"name":"FEGADEM contar\u00e1 con huchas solidarias en distintos establecementos farmac\u00e9uticos na provincia de Pontevedra"}]},{"@type":"WebSite","@id":"https:\/\/esclerosismultiplegalicia.org\/#website","url":"https:\/\/esclerosismultiplegalicia.org\/","name":"FEGADEM","description":"Traballamos mellorando a calidade de vida das persoas con Esclerose M\u00faltiple en Galicia.","publisher":{"@id":"https:\/\/esclerosismultiplegalicia.org\/#organization"},"potentialAction":[{"@type":"SearchAction","target":{"@type":"EntryPoint","urlTemplate":"https:\/\/esclerosismultiplegalicia.org\/?s={search_term_string}"},"query-input":{"@type":"PropertyValueSpecification","valueRequired":true,"valueName":"search_term_string"}}],"inLanguage":"gl-ES"},{"@type":"Organization","@id":"https:\/\/esclerosismultiplegalicia.org\/#organization","name":"FEGADEM (Federaci\u00f3n Galega de Esclerose M\u00faltiple)","url":"https:\/\/esclerosismultiplegalicia.org\/","logo":{"@type":"ImageObject","inLanguage":"gl-ES","@id":"https:\/\/esclerosismultiplegalicia.org\/#\/schema\/logo\/image\/","url":"http:\/\/esclerosismultiplegalicia.org\/wp-content\/uploads\/2025\/05\/cropped-FEGADEM_Imagotipo-scaled-1.png","contentUrl":"http:\/\/esclerosismultiplegalicia.org\/wp-content\/uploads\/2025\/05\/cropped-FEGADEM_Imagotipo-scaled-1.png","width":2558,"height":1138,"caption":"FEGADEM (Federaci\u00f3n Galega de Esclerose M\u00faltiple)"},"image":{"@id":"https:\/\/esclerosismultiplegalicia.org\/#\/schema\/logo\/image\/"},"sameAs":["https:\/\/www.facebook.com\/esclerosemultiplegal?locale=es_ES","https:\/\/x.com\/fegadem","https:\/\/www.instagram.com\/esclerosemultiplegal\/","https:\/\/www.youtube.com\/@fegademfederaciongalegadee3374"]},{"@type":"Person","@id":"https:\/\/esclerosismultiplegalicia.org\/#\/schema\/person\/6c5800f07aa0462086b750a2df88cfb4","name":"admin","image":{"@type":"ImageObject","inLanguage":"gl-ES","@id":"https:\/\/esclerosismultiplegalicia.org\/#\/schema\/person\/image\/","url":"https:\/\/secure.gravatar.com\/avatar\/6b01f9a90ea05bdd1053be7f0879b99bae6103fa66164176a65e4bd6fee73fba?s=96&d=mm&r=g","contentUrl":"https:\/\/secure.gravatar.com\/avatar\/6b01f9a90ea05bdd1053be7f0879b99bae6103fa66164176a65e4bd6fee73fba?s=96&d=mm&r=g","caption":"admin"},"sameAs":["https:\/\/prueba.esclerosismultiplegalicia.org"],"url":"http:\/\/esclerosismultiplegalicia.org\/index.php\/author\/admin\/"}]}},"_links":{"self":[{"href":"http:\/\/esclerosismultiplegalicia.org\/index.php\/wp-json\/wp\/v2\/posts\/2594","targetHints":{"allow":["GET"]}}],"collection":[{"href":"http:\/\/esclerosismultiplegalicia.org\/index.php\/wp-json\/wp\/v2\/posts"}],"about":[{"href":"http:\/\/esclerosismultiplegalicia.org\/index.php\/wp-json\/wp\/v2\/types\/post"}],"author":[{"embeddable":true,"href":"http:\/\/esclerosismultiplegalicia.org\/index.php\/wp-json\/wp\/v2\/users\/1"}],"replies":[{"embeddable":true,"href":"http:\/\/esclerosismultiplegalicia.org\/index.php\/wp-json\/wp\/v2\/comments?post=2594"}],"version-history":[{"count":1,"href":"http:\/\/esclerosismultiplegalicia.org\/index.php\/wp-json\/wp\/v2\/posts\/2594\/revisions"}],"predecessor-version":[{"id":2595,"href":"http:\/\/esclerosismultiplegalicia.org\/index.php\/wp-json\/wp\/v2\/posts\/2594\/revisions\/2595"}],"wp:attachment":[{"href":"http:\/\/esclerosismultiplegalicia.org\/index.php\/wp-json\/wp\/v2\/media?parent=2594"}],"wp:term":[{"taxonomy":"category","embeddable":true,"href":"http:\/\/esclerosismultiplegalicia.org\/index.php\/wp-json\/wp\/v2\/categories?post=2594"},{"taxonomy":"post_tag","embeddable":true,"href":"http:\/\/esclerosismultiplegalicia.org\/index.php\/wp-json\/wp\/v2\/tags?post=2594"}],"curies":[{"name":"wp","href":"https:\/\/api.w.org\/{rel}","templated":true}]}}